{"id":124670,"date":"2025-05-24T14:12:38","date_gmt":"2025-05-24T14:12:38","guid":{"rendered":"https:\/\/www.europesays.com\/fr\/124670\/"},"modified":"2025-05-24T14:12:38","modified_gmt":"2025-05-24T14:12:38","slug":"wta-500-de-strasbourg-elena-rybakina-affrontera-liudmila-samsonova-en-finale-sport-2","status":"publish","type":"post","link":"https:\/\/www.europesays.com\/fr\/124670\/","title":{"rendered":"WTA 500\u00a0de Strasbourg. Elena Rybakina affrontera\u00a0Liudmila Samsonova en finale . Sport"},"content":{"rendered":"<p>La Kazakhe Elena Rybakina et la Russe Liudmila Samsonova se sont toutes deux qualifi\u00e9es pour la finale du tournoi WTA 500\u00a0de Strasbourg, vendredi, \u00e0 deux jours de Roland-Garros.<\/p>\n<p>Rybakina a \u00e9cart\u00e9, au bout d\u2019un duel de 2h46, la Br\u00e9silienne Beatriz Haddad Maia 7-6 (9\/7), 1-6, 6-2.<\/p>\n<p>\u00c0 25\u00a0ans, la 12e joueuse mondiale a fait respecter la logique du classement WTA face \u00e0 la 23e mondiale sur la terre battue alsacienne.<\/p>\n<p>Plus tard dans l\u2019apr\u00e8s-midi, la deuxi\u00e8me demi-finale est all\u00e9e beaucoup plus vite\u00a0: Samsonova, 19e mondiale, a balay\u00e9 l\u2019Am\u00e9ricaine Danielle Collins (46e) 6-4, 6-2 en 1h29.<\/p>\n<p><strong>Lire aussi<\/strong>\u00a0: <a href=\"https:\/\/rennes.maville.com\/sport\/detail_-comment-caroline-garcia-a-fini-par-ne-plus-aimer-le-tennis-au-point-d-annoncer-sa-retraite-_54135-6821279_actu.Htm\" target=\"_blank\" rel=\"noopener\">Comment Caroline Garcia a fini par ne plus aimer le tennis au point d\u2019annoncer sa retraite<\/a><\/p>\n<p>Rybakina ou Samsonova succ\u00e8dera \u00e0 l\u2019Am\u00e9ricaine Madison Keys, tenante du titre, et inscrira son nom pour la premi\u00e8re fois au palmar\u00e8s du tournoi.<\/p>\n<p>\u00a0<\/p>\n","protected":false},"excerpt":{"rendered":"La Kazakhe Elena Rybakina et la Russe Liudmila Samsonova se sont toutes deux qualifi\u00e9es pour la finale du&hellip;\n","protected":false},"author":2,"featured_media":123094,"comment_status":"","ping_status":"","sticky":false,"template":"","format":"standard","meta":{"footnotes":""},"categories":[2820],"tags":[1111,11,3809,1465,2192,1777,674,63,1011,27,775,1792,1922,12,25,479,517,640,1470],"class_list":{"0":"post-124670","1":"post","2":"type-post","3":"status-publish","4":"format-standard","5":"has-post-thumbnail","7":"category-strasbourg","8":"tag-actu","9":"tag-actualites","10":"tag-ball","11":"tag-basket","12":"tag-cholet","13":"tag-eu","14":"tag-europe","15":"tag-football","16":"tag-fr","17":"tag-france","18":"tag-grand-est","19":"tag-handball","20":"tag-info","21":"tag-news","22":"tag-republique-francaise","23":"tag-rugby","24":"tag-sport","25":"tag-strasbourg","26":"tag-volley"},"share_on_mastodon":{"url":"https:\/\/pubeurope.com\/@fr\/114563222314391598","error":""},"_links":{"self":[{"href":"https:\/\/www.europesays.com\/fr\/wp-json\/wp\/v2\/posts\/124670","targetHints":{"allow":["GET"]}}],"collection":[{"href":"https:\/\/www.europesays.com\/fr\/wp-json\/wp\/v2\/posts"}],"about":[{"href":"https:\/\/www.europesays.com\/fr\/wp-json\/wp\/v2\/types\/post"}],"author":[{"embeddable":true,"href":"https:\/\/www.europesays.com\/fr\/wp-json\/wp\/v2\/users\/2"}],"replies":[{"embeddable":true,"href":"https:\/\/www.europesays.com\/fr\/wp-json\/wp\/v2\/comments?post=124670"}],"version-history":[{"count":0,"href":"https:\/\/www.europesays.com\/fr\/wp-json\/wp\/v2\/posts\/124670\/revisions"}],"wp:featuredmedia":[{"embeddable":true,"href":"https:\/\/www.europesays.com\/fr\/wp-json\/wp\/v2\/media\/123094"}],"wp:attachment":[{"href":"https:\/\/www.europesays.com\/fr\/wp-json\/wp\/v2\/media?parent=124670"}],"wp:term":[{"taxonomy":"category","embeddable":true,"href":"https:\/\/www.europesays.com\/fr\/wp-json\/wp\/v2\/categories?post=124670"},{"taxonomy":"post_tag","embeddable":true,"href":"https:\/\/www.europesays.com\/fr\/wp-json\/wp\/v2\/tags?post=124670"}],"curies":[{"name":"wp","href":"https:\/\/api.w.org\/{rel}","templated":true}]}}