{"id":124675,"date":"2025-05-24T14:15:12","date_gmt":"2025-05-24T14:15:12","guid":{"rendered":"https:\/\/www.europesays.com\/fr\/124675\/"},"modified":"2025-05-24T14:15:12","modified_gmt":"2025-05-24T14:15:12","slug":"quiz-hellfest-2025-etes-vous-incollables-sur-le-festival-de-musiques-extremes","status":"publish","type":"post","link":"https:\/\/www.europesays.com\/fr\/124675\/","title":{"rendered":"QUIZ.\u00a0Hellfest 2025\u00a0: \u00eates-vous incollables sur le festival de musiques extr\u00eames ?"},"content":{"rendered":"<p>Le Hellfest Open Air. Ce nom \u00e9voque des guitares satur\u00e9es, une foule en noir, maquill\u00e9e, et une ambiance particuli\u00e8re \u00e0 Clisson, au sud de Nantes. Au-del\u00e0 de l\u2019image, que retenez-vous de son histoire et de ses faits marquants\u00a0? C\u2019est le moment de tester vos connaissances\u00a0!<\/p>\n<p>NOTRE QUIZ\u00a0:<\/p>\n<p>Alors, quel est votre score\u00a0? Que vous soyez un habitu\u00e9 des lieux &#8211; un Hellbanger &#8211; ou un curieux de passage, nous esp\u00e9rons que ce quiz vous a diverti et, qui sait, appris quelques \u00e9l\u00e9ments sur ce festival. ??<\/p>\n<p>Nos articles Hellfest 2025\u00a0:<\/p>\n<p>?? <a href=\"https:\/\/labaule.maville.com\/actu\/actudet_-hellfest-2025.-cette-nouveaute-aux-places-ultra-limitees-ouvre-ses-reservations-et-fait-polemique-_8-6819591_actu.Htm\" target=\"_blank\" rel=\"nofollow noopener\">Cette nouveaut\u00e9 aux \u00ab\u00a0places ultra-limit\u00e9es\u00a0\u00bb ouvre ses r\u00e9servations et fait pol\u00e9mique<\/a>.<\/p>\n<p>?? <a href=\"https:\/\/nantes.maville.com\/actu\/actudet_-hellfest-2025.-du-velo-au-train-en-passant-par-hell-force-one-comment-se-rendre-au-festival-_8-6819481_actu.Htm\" target=\"_blank\" rel=\"nofollow noopener\">Du v\u00e9lo au train, en passant par \u00ab\u00a0Hell Force One\u00a0\u00bb\u00a0: comment se rendre au festival<\/a>\u00a0?<\/p>\n<p>?? <a href=\"https:\/\/nantes.maville.com\/actu\/actudet_-hellfest-2025.-la-gardienne-des-tenebres-se-deplacera-en-quete-d-ames-damnees-_8-6810290_actu.Htm\" target=\"_blank\" rel=\"nofollow noopener\">La Gardienne des t\u00e9n\u00e8bres se d\u00e9placera en qu\u00eate d\u2019\u00e2mes damn\u00e9es<\/a>.<\/p>\n<p>?? <a href=\"https:\/\/labaule.maville.com\/actu\/actudet_-hellfest-2025.-campings-hotels-tente-ou-lit-chez-l-habitant...-ou-se-loger-pendant-le-festival-_8-6808930_actu.Htm\" target=\"_blank\" rel=\"nofollow noopener\">Campings, h\u00f4tels, tente ou lit chez l\u2019habitant\u2026 o\u00f9 se loger pendant le festival<\/a>\u00a0?<\/p>\n<p>?? <a href=\"https:\/\/www.ouest-france.fr\/festivals\/hellfest\/deux-nouveaux-groupes-a-laffiche-du-hellfest-2025-932d2b42-3014-11f0-a780-38f15a8a5638qui%2520sont%2520les%2520deux%2520nouveaux%2520groupes%2520programm%25C3%25A9s%2520?\" target=\"_blank\" rel=\"nofollow noopener\">Qui sont les deux nouveaux groupes programm\u00e9s<\/a>\u00a0?<\/p>\n<p>\t<img decoding=\"async\" src=\"https:\/\/www.europesays.com\/fr\/wp-content\/uploads\/2025\/05\/P35248487D6823151G_px_640_.jpg\" alt=\"photo restez calmes\u2026 ce n\u2019est que le hellfest.  \u00a9  photo archives presse oc\u00e9an - afp\" width=\"640\" title=\" Restez calmes\u2026 Ce n\u2019est que le Hellfest.   Photo archives Presse Oc\u00e9an - AFP \"\/><\/p>\n<p class=\"elmt-legende\"> Restez calmes\u2026 Ce n\u2019est que le Hellfest.   Photo archives Presse Oc\u00e9an &#8211; AFP <\/p>\n<p>\u00a0<\/p>\n","protected":false},"excerpt":{"rendered":"Le Hellfest Open Air. Ce nom \u00e9voque des guitares satur\u00e9es, une foule en noir, maquill\u00e9e, et une ambiance&hellip;\n","protected":false},"author":2,"featured_media":124676,"comment_status":"","ping_status":"","sticky":false,"template":"","format":"standard","meta":{"footnotes":""},"categories":[2818],"tags":[17,1111,11,24735,1777,674,24737,849,1011,27,16501,24736,1698,766,12,2636,7767,25],"class_list":{"0":"post-124675","1":"post","2":"type-post","3":"status-publish","4":"format-standard","5":"has-post-thumbnail","7":"category-nantes","8":"tag-17","9":"tag-actu","10":"tag-actualites","11":"tag-etes-vous","12":"tag-eu","13":"tag-europe","14":"tag-extremes","15":"tag-festival","16":"tag-fr","17":"tag-france","18":"tag-hellfest","19":"tag-incollables","20":"tag-musiques","21":"tag-nantes","22":"tag-news","23":"tag-pays-de-la-loire","24":"tag-quiz","25":"tag-republique-francaise"},"share_on_mastodon":{"url":"https:\/\/pubeurope.com\/@fr\/114563234186894691","error":""},"_links":{"self":[{"href":"https:\/\/www.europesays.com\/fr\/wp-json\/wp\/v2\/posts\/124675","targetHints":{"allow":["GET"]}}],"collection":[{"href":"https:\/\/www.europesays.com\/fr\/wp-json\/wp\/v2\/posts"}],"about":[{"href":"https:\/\/www.europesays.com\/fr\/wp-json\/wp\/v2\/types\/post"}],"author":[{"embeddable":true,"href":"https:\/\/www.europesays.com\/fr\/wp-json\/wp\/v2\/users\/2"}],"replies":[{"embeddable":true,"href":"https:\/\/www.europesays.com\/fr\/wp-json\/wp\/v2\/comments?post=124675"}],"version-history":[{"count":0,"href":"https:\/\/www.europesays.com\/fr\/wp-json\/wp\/v2\/posts\/124675\/revisions"}],"wp:featuredmedia":[{"embeddable":true,"href":"https:\/\/www.europesays.com\/fr\/wp-json\/wp\/v2\/media\/124676"}],"wp:attachment":[{"href":"https:\/\/www.europesays.com\/fr\/wp-json\/wp\/v2\/media?parent=124675"}],"wp:term":[{"taxonomy":"category","embeddable":true,"href":"https:\/\/www.europesays.com\/fr\/wp-json\/wp\/v2\/categories?post=124675"},{"taxonomy":"post_tag","embeddable":true,"href":"https:\/\/www.europesays.com\/fr\/wp-json\/wp\/v2\/tags?post=124675"}],"curies":[{"name":"wp","href":"https:\/\/api.w.org\/{rel}","templated":true}]}}