{"id":124691,"date":"2025-05-24T14:23:08","date_gmt":"2025-05-24T14:23:08","guid":{"rendered":"https:\/\/www.europesays.com\/fr\/124691\/"},"modified":"2025-05-24T14:23:08","modified_gmt":"2025-05-24T14:23:08","slug":"un-projet-prometteur-pour-detecter-plus-tot-le-cancer-du-pancreas","status":"publish","type":"post","link":"https:\/\/www.europesays.com\/fr\/124691\/","title":{"rendered":"Un projet prometteur pour d\u00e9tecter plus t\u00f4t le cancer du pancr\u00e9as"},"content":{"rendered":"<p>Avec seulement 11% de survie \u00e0 cinq ans et pr\u00e8s de 16\u00a0000 cas recens\u00e9s en\u00a02023, le\u00a0<a href=\"https:\/\/www.laprovence.com\/article\/sante\/2849596926740814\/cancer-du-pancreas-deux-traitements-combines-et-un-vaccin-offrent-de-l-espoir\" target=\"_blank\" rel=\"nofollow noopener\">cancer du pancr\u00e9as<\/a> se classe au sixi\u00e8me rang des cancers les plus fr\u00e9quents. Cette pathologie tumorale est relativement rare, mais son incidence est en constante augmentation en France. Pour \u00e9changer sur le sujet, donateurs, chercheurs et membres de la Fondation ARC pour la recherche sur le cancer \u00e9taient r\u00e9unis mardi 20\u00a0mai au Centre de recherche en canc\u00e9rologie de Marseille (CRCM), \u00e0 proximit\u00e9 de <a href=\"https:\/\/www.laprovence.com\/article\/hub-sante\/5526227\/linstitut-paoli-calmettes-est-en-passe-de-tester-un-medicament-efficace-contre-le-cancer-du-pancreas.h\" target=\"_blank\" rel=\"nofollow noopener\">l\u2019Institut Paoli-Calmettes.<\/a><\/p>\n<p><strong>\u00ab\u00a0On se sent souvent impuissant face \u00e0 la maladie\u00a0\u00bb<\/strong><\/p>\n<p>\u00ab\u00a0Il est important d\u2019\u00eatre bien inform\u00e9 sur le sujet et de pouvoir en discuter, car<a href=\"https:\/\/www.laprovence.com\/article\/papier\/3666046\/le-cancer-du-pancreas-trop-meconnu.html\" target=\"_blank\" rel=\"nofollow noopener\"> il n\u2019existe pas beaucoup de signes pr\u00e9curseurs<\/a> de la maladie\u00a0\u00bb, confie Chantal, 72\u00a0ans. Elle s\u2019est tourn\u00e9e vers la Fondation apr\u00e8s avoir elle-m\u00eame \u00e9t\u00e9 atteinte d\u2019un cancer. Comme Chantal, Monique soutient la recherche depuis de nombreuses ann\u00e9es. <\/p>\n","protected":false},"excerpt":{"rendered":"Avec seulement 11% de survie \u00e0 cinq ans et pr\u00e8s de 16\u00a0000 cas recens\u00e9s en\u00a02023, le\u00a0cancer du pancr\u00e9as&hellip;\n","protected":false},"author":2,"featured_media":124692,"comment_status":"","ping_status":"","sticky":false,"template":"","format":"standard","meta":{"footnotes":""},"categories":[2814],"tags":[17,1111,11,24745,1777,674,1011,27,884,12,378,471,1095,3240,882,25,71],"class_list":{"0":"post-124691","1":"post","2":"type-post","3":"status-publish","4":"format-standard","5":"has-post-thumbnail","7":"category-marseille","8":"tag-17","9":"tag-actu","10":"tag-actualites","11":"tag-detecter","12":"tag-eu","13":"tag-europe","14":"tag-fr","15":"tag-france","16":"tag-marseille","17":"tag-news","18":"tag-plus","19":"tag-pour","20":"tag-projet","21":"tag-prometteur","22":"tag-provence-alpes-cote-dazur","23":"tag-republique-francaise","24":"tag-sante"},"share_on_mastodon":{"url":"https:\/\/pubeurope.com\/@fr\/114563265555269407","error":""},"_links":{"self":[{"href":"https:\/\/www.europesays.com\/fr\/wp-json\/wp\/v2\/posts\/124691","targetHints":{"allow":["GET"]}}],"collection":[{"href":"https:\/\/www.europesays.com\/fr\/wp-json\/wp\/v2\/posts"}],"about":[{"href":"https:\/\/www.europesays.com\/fr\/wp-json\/wp\/v2\/types\/post"}],"author":[{"embeddable":true,"href":"https:\/\/www.europesays.com\/fr\/wp-json\/wp\/v2\/users\/2"}],"replies":[{"embeddable":true,"href":"https:\/\/www.europesays.com\/fr\/wp-json\/wp\/v2\/comments?post=124691"}],"version-history":[{"count":0,"href":"https:\/\/www.europesays.com\/fr\/wp-json\/wp\/v2\/posts\/124691\/revisions"}],"wp:featuredmedia":[{"embeddable":true,"href":"https:\/\/www.europesays.com\/fr\/wp-json\/wp\/v2\/media\/124692"}],"wp:attachment":[{"href":"https:\/\/www.europesays.com\/fr\/wp-json\/wp\/v2\/media?parent=124691"}],"wp:term":[{"taxonomy":"category","embeddable":true,"href":"https:\/\/www.europesays.com\/fr\/wp-json\/wp\/v2\/categories?post=124691"},{"taxonomy":"post_tag","embeddable":true,"href":"https:\/\/www.europesays.com\/fr\/wp-json\/wp\/v2\/tags?post=124691"}],"curies":[{"name":"wp","href":"https:\/\/api.w.org\/{rel}","templated":true}]}}