{"id":124699,"date":"2025-05-24T14:27:07","date_gmt":"2025-05-24T14:27:07","guid":{"rendered":"https:\/\/www.europesays.com\/fr\/124699\/"},"modified":"2025-05-24T14:27:07","modified_gmt":"2025-05-24T14:27:07","slug":"week-end-des-24-et-25-mai-six-idees-de-sorties-en-ile-de-france-le-parisien","status":"publish","type":"post","link":"https:\/\/www.europesays.com\/fr\/124699\/","title":{"rendered":"Week-end des 24 et 25 mai : six id\u00e9es de sorties en \u00cele-de-France &#8211; Le Parisien"},"content":{"rendered":"<ol>\n<li><a href=\"https:\/\/news.google.com\/rss\/articles\/CBMiggJBVV95cUxNNlN3U3lVNW9oZExvSGZ2bXVieE52Mm45ZjVVUlJKNkhuRXZFUmpTck1QcEYwcGlWWEVlRjBKNE5mSlJ5TEhhWmt1ZTUyb3VyLXp0R1NTT2h5aC1uTlRZaWlEVUJBcGtOd1N4ZW8wejNHMXNIV01zWE84MHcxZzVYX2RYWmMzZWR5UzktYjZfaGFkcm1NNXVTSkdzSWNIWWpvalFTWHcyWmNrQ1JzeVVhSWNyZVl2MjVlb3lZakdaamg3aW9COEdXNVZTWUsyUGtoMGhyaklBMlB0Nzg0MFJNckpIUGVlMTZHM0lyT3B6NHB0SmE3LUwtMVNjX2xjWVZrdXc?oc=5\" target=\"_blank\" rel=\"nofollow noopener\">Week-end des 24 et 25 mai : six id\u00e9es de sorties en \u00cele-de-France<\/a>&nbsp;&nbsp;Le Parisien<\/li>\n<li><a href=\"https:\/\/news.google.com\/rss\/articles\/CBMi4gFBVV95cUxON21iZ2x6RUxEZVlBcFJlOVZNQ0ZrZm5HY2J3N2FGR0JnVG14Q2hXTUZ1bm1oMXQtaG5JTF9PdThOSGtfYUpIYVNKMC01b0RCeW94ZktnYVc2eWZyQm5TYTN6LUJBYmIxOFdjLWdOQ3RHcy05bWpVRGl2cXRFX1lHT1h1dWxybk5FaUkwUHJlSHRPQXJqSUlvaTlBSVpObnNvX256cFlGMlFibnlVVmN1eVNyS2VLQ2dTYVlOUi03enRpVm1aZHdvdEpka0s1NVdhdzJKYzB4aG9jUWJ4U2hBckp3?oc=5\" target=\"_blank\" rel=\"nofollow noopener\">Que faire ce lundi 26 mai 2025 \u00e0 Paris et en \u00cele-de-France, les bonnes id\u00e9es de sorties<\/a>&nbsp;&nbsp;Sortir \u00e0 Paris<\/li>\n<li><a href=\"https:\/\/news.google.com\/rss\/articles\/CBMiyAFBVV95cUxOa3hHOFhXcjJDSnAyZzRWUFJaNGpJbWpxWktZZ2JmTzZSeFd4eHk0aEZlTTg1YVJrUUF1QlNmSV9QT1BrLXdZSlpub1A3RHZPeG15em5vVVl1SXQ2ek9nR3NzOHlHWFlGa1ptTlV0M3FTRC1aUDExWFlmWU1JQW9LOU40RlVPaXRpNW5HY2w4UTJjb3Fjam5SY1dNQU1BdmJCUXh6UDVrbnFTbUcweVhjN2N5eTE0dkc1cWhaSE50M0w4V2t3OXRMUg?oc=5\" target=\"_blank\" rel=\"nofollow noopener\">Les spectacles et pi\u00e8ces de th\u00e9\u00e2tre \u00e0 voir \u00e0 Paris ce week-end !<\/a>&nbsp;&nbsp;20 Minutes<\/li>\n<li><a href=\"https:\/\/news.google.com\/rss\/articles\/CBMihwFBVV95cUxON2N3NEdmclViMGh5M1c1c2l3QTdDNmF3MWJqWm9MSFowWVFMandWRmtWVUM4dzFpSTdEbEM5M1RZNDl6dUdlbnRHZHl1OXVnSkxucGlYc2lBMFZLSElfYWF1b25tVWYwby1RQmg4ajZzTENvNHB5SVlaX0Rpb0dIS2FFeERMZk0?oc=5\" target=\"_blank\" rel=\"nofollow noopener\">Que faire \u00e0 Paris cette semaine ? (19-25 mai)<\/a>&nbsp;&nbsp;Le Bonbon<\/li>\n<li><a href=\"https:\/\/news.google.com\/rss\/articles\/CBMiqwFBVV95cUxQLVFKZkIzQWU3MmJ2VF9nNUNhWFJabG10NmlpdjA4OWtMTk1OZi1tZ1dseUp5RW5qbFFBdk5PWFJ3YUlTMHk3Z0RHNjBBQzVyRVRmdVpPaUF0S01iQzl3M25JWnhhVWdzVnBFX05lMEpoUkZWblpxeWF4YWJzN2t5SVkyb2tMejBMdWlTeEhvVkJQUndITHRpRGQ4ZHdJYUU4VjUwa2ZkWmhvZTg?oc=5\" target=\"_blank\" rel=\"nofollow noopener\">Que faire \u00e0 Paris pour le week-end du 23, 24 et 25 mai 2025 ?<\/a>&nbsp;&nbsp;ELLE<\/li>\n<\/ol>\n","protected":false},"excerpt":{"rendered":"Week-end des 24 et 25 mai : six id\u00e9es de sorties en \u00cele-de-France&nbsp;&nbsp;Le Parisien Que faire ce lundi&hellip;\n","protected":false},"author":2,"featured_media":124700,"comment_status":"","ping_status":"","sticky":false,"template":"","format":"standard","meta":{"footnotes":""},"categories":[1592],"tags":[1111,11,872,1777,674,1011,27,662,12,626,25,6047],"class_list":{"0":"post-124699","1":"post","2":"type-post","3":"status-publish","4":"format-standard","5":"has-post-thumbnail","7":"category-ile-de-france","8":"tag-actu","9":"tag-actualites","10":"tag-culture-et-loisirs","11":"tag-eu","12":"tag-europe","13":"tag-fr","14":"tag-france","15":"tag-ile-de-france","16":"tag-news","17":"tag-paris","18":"tag-republique-francaise","19":"tag-sortir-en-region-parisienne"},"share_on_mastodon":{"url":"https:\/\/pubeurope.com\/@fr\/114563281256059978","error":""},"_links":{"self":[{"href":"https:\/\/www.europesays.com\/fr\/wp-json\/wp\/v2\/posts\/124699","targetHints":{"allow":["GET"]}}],"collection":[{"href":"https:\/\/www.europesays.com\/fr\/wp-json\/wp\/v2\/posts"}],"about":[{"href":"https:\/\/www.europesays.com\/fr\/wp-json\/wp\/v2\/types\/post"}],"author":[{"embeddable":true,"href":"https:\/\/www.europesays.com\/fr\/wp-json\/wp\/v2\/users\/2"}],"replies":[{"embeddable":true,"href":"https:\/\/www.europesays.com\/fr\/wp-json\/wp\/v2\/comments?post=124699"}],"version-history":[{"count":0,"href":"https:\/\/www.europesays.com\/fr\/wp-json\/wp\/v2\/posts\/124699\/revisions"}],"wp:featuredmedia":[{"embeddable":true,"href":"https:\/\/www.europesays.com\/fr\/wp-json\/wp\/v2\/media\/124700"}],"wp:attachment":[{"href":"https:\/\/www.europesays.com\/fr\/wp-json\/wp\/v2\/media?parent=124699"}],"wp:term":[{"taxonomy":"category","embeddable":true,"href":"https:\/\/www.europesays.com\/fr\/wp-json\/wp\/v2\/categories?post=124699"},{"taxonomy":"post_tag","embeddable":true,"href":"https:\/\/www.europesays.com\/fr\/wp-json\/wp\/v2\/tags?post=124699"}],"curies":[{"name":"wp","href":"https:\/\/api.w.org\/{rel}","templated":true}]}}