{"id":124719,"date":"2025-05-24T14:38:16","date_gmt":"2025-05-24T14:38:16","guid":{"rendered":"https:\/\/www.europesays.com\/fr\/124719\/"},"modified":"2025-05-24T14:38:16","modified_gmt":"2025-05-24T14:38:16","slug":"ce-pays-deurope-franchit-un-cap-inedit","status":"publish","type":"post","link":"https:\/\/www.europesays.com\/fr\/124719\/","title":{"rendered":"ce pays d\u2019Europe franchit un cap in\u00e9dit"},"content":{"rendered":"<p>S\u2019il y a bien un sujet qui f\u00e9d\u00e8re les Fran\u00e7ais ces derniers mois, c\u2019est bien la <strong>r\u00e9forme des retraites<\/strong>. Adopt\u00e9e en septembre 2023 sous l\u2019impulsion d\u2019<strong>\u00c9lisabeth Borne<\/strong>, cette r\u00e9forme continue de susciter un rejet profond. En cause : le report de l\u2019\u00e2ge l\u00e9gal de d\u00e9part \u00e0 <strong>64 ans<\/strong>. Une d\u00e9cision v\u00e9cue comme une injustice par de nombreux actifs. En particulier dans les secteurs p\u00e9nibles, o\u00f9 travailler plus longtemps semble difficilement tenable.\n<\/p>\n<p>Pour tenter d\u2019amortir le choc, <a href=\"https:\/\/www.net-actuality.org\/actualites\/14866-retraite-argent-oublie-site-officiel\/\" rel=\"nofollow noopener\" target=\"_blank\">le gouvernement<\/a> a instaur\u00e9 un syst\u00e8me de <strong>carri\u00e8res longues<\/strong>. Cens\u00e9 reconna\u00eetre les ann\u00e9es de travail pr\u00e9coce. Mais cela suffira-t-il \u00e0 apaiser les tensions ? Peut-\u00eatre pas. Car une date se profile \u00e0 l\u2019horizon : le <strong>4 juin<\/strong>. Selon le <a href=\"https:\/\/lcp.fr\/actualites\/reforme-des-retraites-il-y-aura-un-vote-le-5-juin-a-l-assemblee-nationale-sur-l\" rel=\"nofollow noopener\" target=\"_blank\">site LCP<\/a>, ce jour-l\u00e0, un <strong>vote d\u2019abrogation de la r\u00e9forme<\/strong> sera soumis \u00e0 l\u2019Assembl\u00e9e nationale, comme le rapporte LCP. Une derni\u00e8re chance, selon certains, de revenir en arri\u00e8re.<\/p>\n<p>Mais pendant que la France d\u00e9bat de ses 64 ans, un autre pays europ\u00e9en vient de franchir un cap encore plus spectaculaire. Et cela pourrait bien remettre les choses en perspective.<\/p>\n<p><a class=\"related-article simple\" href=\"https:\/\/www.net-actuality.org\/retraite-pensions\/14952-versement-de-la-retraite-retard-cnav-dossiers-2025\/\" rel=\"nofollow noopener\" target=\"_blank\"><br \/>\n                        \u00c0 lire<br \/>\n                        Versement de la retraite en retard : 25 000 dossiers bloqu\u00e9s selon la Cnav<\/p>\n<p>                        <\/a><\/p>\n<p>Retraite \u00e0 70 ans : le Danemark devient le premier pays d\u2019Europe \u00e0 l\u2019imposer<\/p>\n<p>Ce n\u2019est pas une fiction. Le <strong>Danemark<\/strong> vient d\u2019ent\u00e9riner un projet audacieux : porter l\u2019<strong>\u00e2ge de d\u00e9part \u00e0 la retraite \u00e0 70 ans<\/strong>. Un rel\u00e8vement de trois ans par rapport \u00e0 la limite actuelle, fix\u00e9e \u00e0 67 ans. Cette mesure, en discussion depuis longtemps, s\u2019appuie sur un principe simple : <a href=\"https:\/\/www.net-actuality.org\/actualites\/14620-retraite-age-depart-par-metier\/\" rel=\"nofollow noopener\" target=\"_blank\">l\u2019\u00e2ge de d\u00e9part<\/a> sera <strong>index\u00e9 sur l\u2019esp\u00e9rance de vie<\/strong>. Autrement dit, plus les Danois vivent longtemps, plus ils travailleront.<\/p>\n<p>Mais attention, la r\u00e9alit\u00e9 actuelle est plus nuanc\u00e9e. En moyenne, les hommes partent \u00e0 la retraite \u00e0 <strong>65 ans<\/strong> et les femmes \u00e0 <strong>64,1 ans<\/strong>. Le rel\u00e8vement \u00e0 70 ans ne sera d\u2019ailleurs appliqu\u00e9 qu\u2019\u00e0 <strong>partir de 2040<\/strong>. Et une nouvelle r\u00e9forme pourrait m\u00eame suivre \u00e0 ce moment-l\u00e0, pour ajuster encore le syst\u00e8me.\n<\/p>\n<p>Ce choix place le Danemark en t\u00eate des pays europ\u00e9ens en mati\u00e8re d\u2019\u00e2ge l\u00e9gal. Actuellement, l\u2019<strong>Italie<\/strong>, les <strong>Pays-Bas<\/strong>, <strong>l\u2019Islande<\/strong> et la <strong>Gr\u00e8ce<\/strong> fixent tous l\u2019\u00e2ge \u00e0 <strong>67 ans<\/strong>. D\u2019ailleurs, l\u2019Italie envisagerait d\u00e9j\u00e0 de <strong>suivre l\u2019exemple danois<\/strong>, signe que cette tendance pourrait s\u2019amplifier dans les ann\u00e9es \u00e0 venir.<\/p>\n","protected":false},"excerpt":{"rendered":"S\u2019il y a bien un sujet qui f\u00e9d\u00e8re les Fran\u00e7ais ces derniers mois, c\u2019est bien la r\u00e9forme des&hellip;\n","protected":false},"author":2,"featured_media":124720,"comment_status":"","ping_status":"","sticky":false,"template":"","format":"standard","meta":{"footnotes":""},"categories":[1586],"tags":[11,1777,674,1011,27,12,25,137],"class_list":{"0":"post-124719","1":"post","2":"type-post","3":"status-publish","4":"format-standard","5":"has-post-thumbnail","7":"category-europe","8":"tag-actualites","9":"tag-eu","10":"tag-europe","11":"tag-fr","12":"tag-france","13":"tag-news","14":"tag-republique-francaise","15":"tag-retraite"},"share_on_mastodon":{"url":"https:\/\/pubeurope.com\/@fr\/114563324555290181","error":""},"_links":{"self":[{"href":"https:\/\/www.europesays.com\/fr\/wp-json\/wp\/v2\/posts\/124719","targetHints":{"allow":["GET"]}}],"collection":[{"href":"https:\/\/www.europesays.com\/fr\/wp-json\/wp\/v2\/posts"}],"about":[{"href":"https:\/\/www.europesays.com\/fr\/wp-json\/wp\/v2\/types\/post"}],"author":[{"embeddable":true,"href":"https:\/\/www.europesays.com\/fr\/wp-json\/wp\/v2\/users\/2"}],"replies":[{"embeddable":true,"href":"https:\/\/www.europesays.com\/fr\/wp-json\/wp\/v2\/comments?post=124719"}],"version-history":[{"count":0,"href":"https:\/\/www.europesays.com\/fr\/wp-json\/wp\/v2\/posts\/124719\/revisions"}],"wp:featuredmedia":[{"embeddable":true,"href":"https:\/\/www.europesays.com\/fr\/wp-json\/wp\/v2\/media\/124720"}],"wp:attachment":[{"href":"https:\/\/www.europesays.com\/fr\/wp-json\/wp\/v2\/media?parent=124719"}],"wp:term":[{"taxonomy":"category","embeddable":true,"href":"https:\/\/www.europesays.com\/fr\/wp-json\/wp\/v2\/categories?post=124719"},{"taxonomy":"post_tag","embeddable":true,"href":"https:\/\/www.europesays.com\/fr\/wp-json\/wp\/v2\/tags?post=124719"}],"curies":[{"name":"wp","href":"https:\/\/api.w.org\/{rel}","templated":true}]}}