{"id":124723,"date":"2025-05-24T14:40:12","date_gmt":"2025-05-24T14:40:12","guid":{"rendered":"https:\/\/www.europesays.com\/fr\/124723\/"},"modified":"2025-05-24T14:40:12","modified_gmt":"2025-05-24T14:40:12","slug":"quel-festivite-pour-le-psg-en-cas-de-sacre-en-c1","status":"publish","type":"post","link":"https:\/\/www.europesays.com\/fr\/124723\/","title":{"rendered":"Quel festivit\u00e9 pour le PSG en cas de sacre en C1 ? &#8211;"},"content":{"rendered":"<p>La semaine prochaine, le PSG affronte l\u2019Inter Milan en<br \/>\nfinale de la Ligue des champions. En cas de succ\u00e8s, le PSG aimerait<br \/>\nf\u00eater dans Paris. Mais il est en face d\u2019autorit\u00e9 pas forc\u00e9ment<br \/>\ncollaborative.<\/p>\n<p>Dans une semaine, le <strong>PSG<\/strong> pourrait remporter la<br \/>\npremi\u00e8re <strong><a href=\"https:\/\/canal-supporters.com\/ldc-luis-enrique-psg-inter-milan-une-des-meilleures-finales-de-ces-dernieres-annees\/\" title=\"\" rel=\"nofollow noopener\" target=\"_blank\">Ligue des champions<\/a><\/strong> de son histoire. Pour<br \/>\ncela, il faudra battre l\u2019<strong>Inter Milan<\/strong> sur la<br \/>\npelouse de l\u2019<strong>Allianz Arena<\/strong> de<br \/>\n<strong>Munich<\/strong>. En cas de sacre, le club de la capitale<br \/>\naimerait r\u00e9aliser une parade dans <strong>Paris<\/strong>, en<br \/>\npassant \u00e9galement sur les <strong>Champs-\u00c9lys\u00e9es<\/strong>. Une<br \/>\npossibilit\u00e9 qui ne pla\u00eet pas aux autorit\u00e9s qui craignent des<br \/>\nd\u00e9bordements. Selon les informations de <a href=\"https:\/\/www.lequipe.fr\/Football\/Article\/Parade-sur-les-champs-elysees-arc-de-triomphe-les-celebrations-souhaitees-par-le-psg-en-cas-de-sacre-en-ligue-des-champions-face-aux-craintes-des-autorites\/1564408\" target=\"_blank\" rel=\"noopener nofollow\" title=\"\">L\u2019Equipe<\/a>, la<br \/>\nparade sur les <strong>Champs-\u00c9lys\u00e9es<\/strong>, pouss\u00e9e par la<br \/>\ndirection du <strong>PSG<\/strong>, est d\u00e9sormais en attente de<br \/>\nvalidation par le ministre de l\u2019Int\u00e9rieur. \u00ab\u00a0Un choix<br \/>\ncorn\u00e9lien s\u2019annonce, aux cons\u00e9quences politiques incertaines, avec<br \/>\nla crainte de mouvements de foule par les services de police, lors<br \/>\nde ce potentiel d\u00e9fil\u00e9 de c\u00e9l\u00e9bration, sans compter les risques de<br \/>\nviolences, dans la nuit du samedi 31\u00a0mai au dimanche<br \/>\n1er\u00a0juin, \u00e0 l\u2019image de celles d\u00e9plor\u00e9es en marge de<br \/>\nla\u00a0demi-finale retour\u00a0face \u00e0 <strong>Arsenal<\/strong>, le<br \/>\n7\u00a0mai.\u00a0\u00bb<\/p>\n<p>La possibilit\u00e9<br \/>\nde pr\u00e9senter la C1 devant l\u2019Arc de Triomphe \u00e9cart\u00e9e<\/p>\n<p>Le quotidien sportif explique que ce \u00ab\u00a0qui<br \/>\ncompliquerait d\u2019autant plus l\u2019organisation et la s\u00e9curisation des<br \/>\nlieux (barri\u00e9rage, blocs anti-intrusion\u2026) pour cette \u00e9ventuelle<br \/>\nparade, quelques heures plus tard. Dans tous les cas, ce<br \/>\n\u00ab\u00a0paquet\u00a0\u00bb \u00e9pineux fera l\u2019objet\u00a0d\u2019un<br \/>\ndispositif\u00a0annonc\u00e9\u00a0\u00ab\u00a0exceptionnel\u00a0\u00bb, avec une<br \/>\ntr\u00e8s forte mobilisation de forces de l\u2019ordre qui pourraient donc<br \/>\ns\u2019\u00e9taler sur deux jours, en cas de succ\u00e8s du club fran\u00e7ais, dans ce<br \/>\nsecteur n\u00e9vralgique des<br \/>\n<strong>Champs-\u00c9lys\u00e9es<\/strong>.\u00a0\u00bb Une autre r\u00e9union<br \/>\ntechnique, c\u00f4t\u00e9 <strong>pr\u00e9fecture de police de Paris<\/strong><br \/>\n(PP), est pr\u00e9vue lundi, toujours sur la faisabilit\u00e9 d\u2019une telle<br \/>\nparade, qui verrait l\u2019\u00e9quipe parisienne remonter les<br \/>\n\u00ab\u00a0Champs\u00a0\u00bb sur sa partie haute, avance L\u2019Equipe.<br \/>\nLa possibilit\u00e9 d\u2019une pr\u00e9sentation statique du troph\u00e9e, sur sc\u00e8ne,<br \/>\npar les joueurs, devant l\u2019<strong>Arc de Triomphe<\/strong>, qui n\u2019a<br \/>\njamais enchant\u00e9 les autorit\u00e9s, a s\u00e9rieusement pris du plomb dans<br \/>\nl\u2019aile. En l\u2019\u00e9tat, cette volont\u00e9 ardente du <strong>PSG<\/strong> et<br \/>\ndu propri\u00e9taire qatarien <strong>QSI<\/strong>, notamment pour des<br \/>\nraisons de symbole et d\u2019image \u00e0 l\u2019international, s\u2019oppose \u00e0 un<br \/>\nrefus net des pouvoirs publics, lance le quotidien<br \/>\nsportif.\u00a0<\/p>\n<p>A voir aussi : <a href=\"https:\/\/canal-supporters.com\/ldc-la-finale-psg-inter-diffusee-sur-ecrans-geants-au-parc-des-princes\/\" title=\"\" rel=\"nofollow noopener\" target=\"_blank\">LdC \u2013 La finale PSG \/ Inter diffus\u00e9e sur \u00e9crans g\u00e9ants au<br \/>\nParc des Princes<\/a><\/p>\n<p><a href=\"https:\/\/x.com\/CanalSupporters\" target=\"_blank\" rel=\"noopener nofollow\" title=\"\">canalsupporters.com<\/a><\/p>\n<p>Pas de fan zone<br \/>\ndans Paris<\/p>\n<p>On l\u2019a compris, la gestion de ce dossier br\u00fblant est maintenant<br \/>\nclairement l\u2019affaire de l\u2019ex\u00e9cutif, d\u2019autant plus que l\u2019hypoth\u00e8se<br \/>\nd\u2019un passage par l\u2019<strong>\u00c9lys\u00e9e<\/strong> est d\u00e9sormais sur la<br \/>\ntable, toujours en cas de sacre parisien, indique<br \/>\nL\u2019Equipe. \u00ab\u00a0Le d\u00e9roulement de cette journ\u00e9e du<br \/>\n1er\u00a0juin, en version victorieuse, verrait donc les joueurs de<br \/>\n<strong>Luis Enrique<\/strong> monter directement dans leur car<br \/>\napr\u00e8s leur retour \u00e0 <strong>Paris<\/strong> en avion (ils auront<br \/>\ndormi \u00e0 <strong>Munich<\/strong> apr\u00e8s la finale), dans<br \/>\nl\u2019apr\u00e8s-midi, pour se rendre directement sur les<br \/>\n<strong>Champs-\u00c9lys\u00e9es<\/strong> sous escorte.\u00a0\u00bb Ensuite,<br \/>\nil y a donc l\u2019option d\u2019une visite au chef de l\u2019\u00c9tat,<br \/>\n<strong>Emmanuel Macron<\/strong>, au palais de<br \/>\nl\u2019<strong>\u00c9lys\u00e9e<\/strong>. Puis le <strong>PSG<\/strong> prendrait<br \/>\nalors la direction du <strong>Parc des Princes<\/strong>, o\u00f9<br \/>\nl\u2019\u00e9quipe serait \u00e0 nouveau attendue par ses supporters, avec un<br \/>\nd\u00eener de gala organis\u00e9 sur place. Mais pour que tout cela puisse se<br \/>\nr\u00e9aliser, il faudra d\u2019abord gagner, souligne L\u2019Equipe. Par<br \/>\nailleurs, le projet de fan zone avec entr\u00e9e libre souhait\u00e9e le soir<br \/>\ndu match par la <strong>mairie de Paris<\/strong> ne <a href=\"https:\/\/canal-supporters.com\/finalement-pas-de-fan-zone-au-stade-charlety-pour-psg-inter\/\" title=\"\" rel=\"nofollow noopener\" target=\"_blank\">verra pas le jour<\/a>, sur demande de la PP, notamment en<br \/>\nraison de forces de l\u2019ordre insuffisantes \u00e0 disposition, conclut<br \/>\nL\u2019Equipe.<\/p><\/p>\n","protected":false},"excerpt":{"rendered":"La semaine prochaine, le PSG affronte l\u2019Inter Milan en finale de la Ligue des champions. En cas de&hellip;\n","protected":false},"author":2,"featured_media":124724,"comment_status":"","ping_status":"","sticky":false,"template":"","format":"standard","meta":{"footnotes":""},"categories":[2],"tags":[11,17864,786,81,448,6984,1011,27,789,447,12,18277,626,91,92,93,19330,19331,24747,19332,25,96],"class_list":{"0":"post-124723","1":"post","2":"type-post","3":"status-publish","4":"format-standard","5":"has-post-thumbnail","7":"category-actualites","8":"tag-actualites","9":"tag-arc-de-triomphe","10":"tag-c1","11":"tag-canal-supporters","12":"tag-champions-league","13":"tag-champs-elysees","14":"tag-fr","15":"tag-france","16":"tag-ldc","17":"tag-ligue-des-champions","18":"tag-news","19":"tag-parade","20":"tag-paris","21":"tag-paris-saint-germain","22":"tag-paris-sg","23":"tag-psg","24":"tag-psg-int","25":"tag-psg-inter-milan","26":"tag-psg-milan","27":"tag-psgint","28":"tag-republique-francaise","29":"tag-une"},"share_on_mastodon":{"url":"https:\/\/pubeurope.com\/@fr\/114563332417453120","error":""},"_links":{"self":[{"href":"https:\/\/www.europesays.com\/fr\/wp-json\/wp\/v2\/posts\/124723","targetHints":{"allow":["GET"]}}],"collection":[{"href":"https:\/\/www.europesays.com\/fr\/wp-json\/wp\/v2\/posts"}],"about":[{"href":"https:\/\/www.europesays.com\/fr\/wp-json\/wp\/v2\/types\/post"}],"author":[{"embeddable":true,"href":"https:\/\/www.europesays.com\/fr\/wp-json\/wp\/v2\/users\/2"}],"replies":[{"embeddable":true,"href":"https:\/\/www.europesays.com\/fr\/wp-json\/wp\/v2\/comments?post=124723"}],"version-history":[{"count":0,"href":"https:\/\/www.europesays.com\/fr\/wp-json\/wp\/v2\/posts\/124723\/revisions"}],"wp:featuredmedia":[{"embeddable":true,"href":"https:\/\/www.europesays.com\/fr\/wp-json\/wp\/v2\/media\/124724"}],"wp:attachment":[{"href":"https:\/\/www.europesays.com\/fr\/wp-json\/wp\/v2\/media?parent=124723"}],"wp:term":[{"taxonomy":"category","embeddable":true,"href":"https:\/\/www.europesays.com\/fr\/wp-json\/wp\/v2\/categories?post=124723"},{"taxonomy":"post_tag","embeddable":true,"href":"https:\/\/www.europesays.com\/fr\/wp-json\/wp\/v2\/tags?post=124723"}],"curies":[{"name":"wp","href":"https:\/\/api.w.org\/{rel}","templated":true}]}}