{"id":124731,"date":"2025-05-24T14:44:11","date_gmt":"2025-05-24T14:44:11","guid":{"rendered":"https:\/\/www.europesays.com\/fr\/124731\/"},"modified":"2025-05-24T14:44:11","modified_gmt":"2025-05-24T14:44:11","slug":"la-capitaine-alexia-joffrin-quitte-le-quimper-volley-29-quimper-volley","status":"publish","type":"post","link":"https:\/\/www.europesays.com\/fr\/124731\/","title":{"rendered":"La capitaine, Alexia Joffrin quitte le Quimper Volley 29 &#8211; quimper &#8211; volley"},"content":{"rendered":"<p><strong>\u00a0Le Quimper Volley 29 a annonc\u00e9 le d\u00e9part d\u2019Alexia Joffrin, \u00e0 l\u2019issue de cette saison. Arriv\u00e9e au club en 2022, Alexia Joffrin aura port\u00e9 durant trois saisons les couleurs quimp\u00e9roises, contribuant grandement \u00e0 la mont\u00e9e de l\u2019\u00e9quipe en Saforelle Power Six en 2023. Joueuse exp\u00e9riment\u00e9e et engag\u00e9e, elle a marqu\u00e9 le club par sa polyvalence et son leadership.<\/strong><\/p>\n<p>  \t\t\t<img decoding=\"async\" typeof=\"foaf:Image\" src=\"https:\/\/www.europesays.com\/fr\/wp-content\/uploads\/2025\/05\/p2257100.jpg\" alt=\"\"\/>  \t\t\t  \t\t\t<\/p>\n<p><strong>L\u00e9gende:<\/strong> Alexia Joffrin, la lib\u00e9ro et capitaine du Quimper Volley 29, ne sera plus Quimp\u00e9roise, sur la prochaine saison.<\/p>\n<p>Pour sa derni\u00e8re saison au sein du QV29, elle \u00e9tait devenue la capitaine, r\u00f4le qu\u2019elle a assum\u00e9 avec exemplarit\u00e9. Le Quimper Volley 29 remercie chaleureusement Alexia pour son professionnalisme, son esprit d\u2019\u00e9quipe et son implication sans faille. Le club lui souhaite le meilleur pour la suite de sa carri\u00e8re sportive et personnelle.<\/p>\n","protected":false},"excerpt":{"rendered":"\u00a0Le Quimper Volley 29 a annonc\u00e9 le d\u00e9part d\u2019Alexia Joffrin, \u00e0 l\u2019issue de cette saison. Arriv\u00e9e au club&hellip;\n","protected":false},"author":2,"featured_media":124732,"comment_status":"","ping_status":"","sticky":false,"template":"","format":"standard","meta":{"footnotes":""},"categories":[1417],"tags":[1011,27,60,1470,1469],"class_list":{"0":"post-124731","1":"post","2":"type-post","3":"status-publish","4":"format-standard","5":"has-post-thumbnail","7":"category-volley","8":"tag-fr","9":"tag-france","10":"tag-sports","11":"tag-volley","12":"tag-volleyball"},"share_on_mastodon":{"url":"https:\/\/pubeurope.com\/@fr\/114563348214401093","error":""},"_links":{"self":[{"href":"https:\/\/www.europesays.com\/fr\/wp-json\/wp\/v2\/posts\/124731","targetHints":{"allow":["GET"]}}],"collection":[{"href":"https:\/\/www.europesays.com\/fr\/wp-json\/wp\/v2\/posts"}],"about":[{"href":"https:\/\/www.europesays.com\/fr\/wp-json\/wp\/v2\/types\/post"}],"author":[{"embeddable":true,"href":"https:\/\/www.europesays.com\/fr\/wp-json\/wp\/v2\/users\/2"}],"replies":[{"embeddable":true,"href":"https:\/\/www.europesays.com\/fr\/wp-json\/wp\/v2\/comments?post=124731"}],"version-history":[{"count":0,"href":"https:\/\/www.europesays.com\/fr\/wp-json\/wp\/v2\/posts\/124731\/revisions"}],"wp:featuredmedia":[{"embeddable":true,"href":"https:\/\/www.europesays.com\/fr\/wp-json\/wp\/v2\/media\/124732"}],"wp:attachment":[{"href":"https:\/\/www.europesays.com\/fr\/wp-json\/wp\/v2\/media?parent=124731"}],"wp:term":[{"taxonomy":"category","embeddable":true,"href":"https:\/\/www.europesays.com\/fr\/wp-json\/wp\/v2\/categories?post=124731"},{"taxonomy":"post_tag","embeddable":true,"href":"https:\/\/www.europesays.com\/fr\/wp-json\/wp\/v2\/tags?post=124731"}],"curies":[{"name":"wp","href":"https:\/\/api.w.org\/{rel}","templated":true}]}}