{"id":124735,"date":"2025-05-24T14:46:08","date_gmt":"2025-05-24T14:46:08","guid":{"rendered":"https:\/\/www.europesays.com\/fr\/124735\/"},"modified":"2025-05-24T14:46:08","modified_gmt":"2025-05-24T14:46:08","slug":"roland-garros-un-journaliste-a-sinner-des-le-debut-de-sa-conference-de-presse-je-me-demandais-ce-que-vous-faisiez-a-copenhague-cette-semaine-et-qui-etait-cette-fille","status":"publish","type":"post","link":"https:\/\/www.europesays.com\/fr\/124735\/","title":{"rendered":"Roland Garros > Un journaliste \u00e0 Sinner d\u00e8s le d\u00e9but de sa conf\u00e9rence de presse : \u00ab\u00a0Je me demandais ce que vous faisiez \u00e0 Copenhague cette semaine et qui \u00e9tait cette fille&#8230;\u00a0\u00bb"},"content":{"rendered":"<p>La vie priv\u00e9e de Jannik Sinner <a href=\"https:\/\/www.welovetennis.fr\/atp\/atp-rome\/sinner-met-fin-aux-rumeurs-je-ne-suis-pas-en-couple\" data-wpel-link=\"internal\" target=\"_blank\" rel=\"noopener\">fait parler ces derni\u00e8res semaines<\/a>. <\/p>\n<p>Un jour\u00adna\u00adliste a d\u2019ailleurs mis les pieds dans le plat d\u00e8s le d\u00e9but de la conf\u00e9\u00adrence de presse d\u2019avant\u2010tournoi du num\u00e9ro 1 mondial \u00e0 Roland\u2010Garros.\u00a0<\/p>\n<p>Question\u00a0: \u00ab\u202fJ\u2019ai vu des photos de vous \u00e0 Copenhague avec une fille cette semaine. Je me deman\u00addais ce que vous faisiez \u00e0 Copenhague et qui \u00e9tait cette\u00a0fille.\u202f\u00bb<\/p>\n<p>Jannik Sinner\u00a0: <strong>\u00ab\u202fNon, non, il n\u2019y avait pas de fille (sourire). J\u2019avais juste quelques s\u00e9ances photo \u00e0 faire l\u00e0\u2010bas. C\u2019est tout. Rien d\u2019autre (sourire \u00e0 nouveau)\u202f\u00bb<\/strong><\/p>\n<blockquote class=\"twitter-tweet\">\n<p lang=\"en\" dir=\"ltr\">The very first ques\u00adtion of Jannik Sinner\u2019s Roland Garros press confe\u00adrence was about his dating life \ud83d\ude2d\ud83d\ude2d\ud83d\ude2d\ud83d\ude2d<\/p>\n<p>(h\/t <a href=\"https:\/\/twitter.com\/signofhsab?ref_src=twsrc%5Etfw\" data-wpel-link=\"external\" target=\"_blank\" rel=\"nofollow external noopener\">@signofhsab<\/a>)<\/p>\n<p><a href=\"https:\/\/t.co\/jq9x4ifW3P\" data-wpel-link=\"external\" target=\"_blank\" rel=\"nofollow external noopener\">pic.twitter.com\/jq9x4ifW3P<\/a><\/p>\n<p>\u2014 The Tennis Letter (@TheTennisLetter) <a href=\"https:\/\/twitter.com\/TheTennisLetter\/status\/1925952285395308860?ref_src=twsrc%5Etfw\" data-wpel-link=\"external\" target=\"_blank\" rel=\"nofollow external noopener\">May 23,\u00a02025<\/a><\/p><\/blockquote>\n<p>Pour rappel, Jannik Sinner affron\u00adtera le Fran\u00e7ais Arthur Rinderknech (72e mondial) au premier tour.\u00a0<\/p>\n<p class=\"post-published-date\" style=\"color: silver; font-size: 75%; text-align: left;\">Publi\u00e9 le samedi 24 mai 2025 \u00e0 13:41<\/p>\n<p><script async src=\"https:\/\/platform.twitter.com\/widgets.js\" charset=\"utf-8\"><\/script><\/p>\n","protected":false},"excerpt":{"rendered":"La vie priv\u00e9e de Jannik Sinner fait parler ces derni\u00e8res semaines. Un jour\u00adna\u00adliste a d\u2019ailleurs mis les pieds&hellip;\n","protected":false},"author":2,"featured_media":124736,"comment_status":"","ping_status":"","sticky":false,"template":"","format":"standard","meta":{"footnotes":""},"categories":[1415],"tags":[1011,27,2127,60,1467],"class_list":{"0":"post-124735","1":"post","2":"type-post","3":"status-publish","4":"format-standard","5":"has-post-thumbnail","7":"category-tennis","8":"tag-fr","9":"tag-france","10":"tag-sinner","11":"tag-sports","12":"tag-tennis"},"share_on_mastodon":{"url":"https:\/\/pubeurope.com\/@fr\/114563356034015591","error":""},"_links":{"self":[{"href":"https:\/\/www.europesays.com\/fr\/wp-json\/wp\/v2\/posts\/124735","targetHints":{"allow":["GET"]}}],"collection":[{"href":"https:\/\/www.europesays.com\/fr\/wp-json\/wp\/v2\/posts"}],"about":[{"href":"https:\/\/www.europesays.com\/fr\/wp-json\/wp\/v2\/types\/post"}],"author":[{"embeddable":true,"href":"https:\/\/www.europesays.com\/fr\/wp-json\/wp\/v2\/users\/2"}],"replies":[{"embeddable":true,"href":"https:\/\/www.europesays.com\/fr\/wp-json\/wp\/v2\/comments?post=124735"}],"version-history":[{"count":0,"href":"https:\/\/www.europesays.com\/fr\/wp-json\/wp\/v2\/posts\/124735\/revisions"}],"wp:featuredmedia":[{"embeddable":true,"href":"https:\/\/www.europesays.com\/fr\/wp-json\/wp\/v2\/media\/124736"}],"wp:attachment":[{"href":"https:\/\/www.europesays.com\/fr\/wp-json\/wp\/v2\/media?parent=124735"}],"wp:term":[{"taxonomy":"category","embeddable":true,"href":"https:\/\/www.europesays.com\/fr\/wp-json\/wp\/v2\/categories?post=124735"},{"taxonomy":"post_tag","embeddable":true,"href":"https:\/\/www.europesays.com\/fr\/wp-json\/wp\/v2\/tags?post=124735"}],"curies":[{"name":"wp","href":"https:\/\/api.w.org\/{rel}","templated":true}]}}