{"id":124737,"date":"2025-05-24T14:48:09","date_gmt":"2025-05-24T14:48:09","guid":{"rendered":"https:\/\/www.europesays.com\/fr\/124737\/"},"modified":"2025-05-24T14:48:09","modified_gmt":"2025-05-24T14:48:09","slug":"jorge-martin-reprend-lentrainement-et-promet-de-bientot-parler","status":"publish","type":"post","link":"https:\/\/www.europesays.com\/fr\/124737\/","title":{"rendered":"Jorge Mart\u00edn reprend l&rsquo;entra\u00eenement et promet de bient\u00f4t parler"},"content":{"rendered":"<p><a href=\"https:\/\/fr.motorsport.com\/driver\/jorge-martin\/109391\/\" target=\"_blank\" rel=\"noopener nofollow\">Jorge Mart\u00edn<\/a> a repris l&rsquo;entra\u00eenement, nouvelle \u00e9tape majeure dans sa gu\u00e9rison. L&rsquo;Espagnol s&rsquo;est gravement bless\u00e9 lors du GP du Qatar, le 13 avril dernier. En chutant dans cette course, la seule qu&rsquo;il ait pu disputer \u00e0 ce stade de la saison \u00e0 la suite d&rsquo;autres blessures subies pendant l&rsquo;hiver, il avait \u00e9t\u00e9 heurt\u00e9 involontairement par un autre pilote.<\/p>\n<p>Onze fractures de c\u00f4tes et un h\u00e9mopneumothorax lui avaient valu une semaine d&rsquo;hospitalisation \u00e0 Doha. Depuis, il n&rsquo;a pas encore pu reprendre la comp\u00e9tition et la date de son retour reste incertaine, avec sans doute encore plusieurs semaines d&rsquo;absence devant lui.<\/p>\n<p>Mardi, il avait post\u00e9 sur ses r\u00e9seaux sociaux un message \u00e9nigmatique, qui disait \u00ab\u00a0ce comeback est personnel\u00a0\u00bb et qu&rsquo;il avait l\u00e9gend\u00e9 \u00ab\u00a0jour 1\u00a0\u00bb. Aujourd&rsquo;hui, le cap franchi est beaucoup plus clair, puisqu&rsquo;il montre avoir fait une grande sortie \u00e0 v\u00e9lo de pr\u00e8s de deux heures et demie, pr\u00e8s de chez lui en Andorre.<\/p>\n<p><a href=\"https:\/\/fr.motorsport.com\/driver\/aleix-espargaro\/90382\/\" target=\"_blank\" rel=\"noopener nofollow\">Aleix Espargar\u00f3<\/a>, ami proche de Jorge Mart\u00edn, s&rsquo;est longuement livr\u00e9 jeudi pour d\u00e9crire les souffrances travers\u00e9es par le champion du monde. Il a notamment donn\u00e9 de ses nouvelles en r\u00e9v\u00e9lant qu&rsquo;il n&rsquo;\u00e9tait pas encore capable de s&rsquo;entra\u00eener mais qu&rsquo;il avait recommenc\u00e9 \u00e0 marcher en montagne, signe de progr\u00e8s continus.<\/p>\n<p>Lire aussi :<\/p>\n<p>Aujourd&rsquo;hui, Mart\u00edn a donc augment\u00e9 l&rsquo;intensit\u00e9 de l&rsquo;effort physique qu&rsquo;il a pu produire et il se remet peu \u00e0 peu \u00e0 l&rsquo;entra\u00eenement.\u00a0Mais ce qui retient l&rsquo;attention, c&rsquo;est aussi que le pilote espagnol en a profit\u00e9 pour adresser un message sibyllin en partageant la nouvelle sur ses r\u00e9seaux sociaux.<\/p>\n<p>\u00ab\u00a0Heureux et reconnaissant d&rsquo;\u00eatre de retour \u00e0 l&rsquo;entra\u00eenement\u00a0!\u00a0\u00bb, a-t-il \u00e9crit. \u00ab\u00a0Je vous donnerai bient\u00f4t ma version de l&rsquo;histoire. Ces quelques derni\u00e8res semaines ont \u00e9t\u00e9 dures d&rsquo;un point de vue personnel. Merci \u00e0 tous ceux qui me soutiennent et appr\u00e9ciez le GP de Grande-Bretagne\u00a0!\u00a0\u00bb<\/p>\n<p>\u00a0<\/p>\n<p>L&rsquo;histoire en question n&rsquo;est sans doute pas uniquement celle de sa blessure et de sa convalescence. Car Jorge Mart\u00edn est aujourd&rsquo;hui au c\u0153ur de toutes les discussions dans le paddock MotoGP apr\u00e8s avoir \u00e9mis le souhait de se lib\u00e9rer de son contrat avec Aprilia. Le constructeur, qui ne s&rsquo;exprime pas sur le sujet pendant ce week-end de course \u00e0 Silverstone, <a href=\"https:\/\/fr.motorsport.com\/motogp\/news\/aprilia-avertissement-validite-contrat-martin\/10725062\/\" target=\"_self\" rel=\"noopener nofollow\">a r\u00e9agi par voie de presse<\/a> en affirmant la validit\u00e9 de leur contrat et en mettant en garde toute marque concurrente qui tenterait de d\u00e9baucher l&rsquo;Espagnol.<\/p>\n<p>Depuis, chacun y va de son opinion sur le sujet mais une chose est certaine, c&rsquo;est qu&rsquo;une cassure a eu lieu dans la relation entre Mart\u00edn et Aprilia, qui d\u00e9butait \u00e0 peine. L&rsquo;Espagnol est par ailleurs en capacit\u00e9 de chambouler le march\u00e9 des transferts alors que peu de places sont suppos\u00e9es \u00eatre disponibles.<\/p>\n<p>Lire aussi :<\/p>\n<p>Dans cet article<\/p>\n<p>    L\u00e9na Buffa\n<\/p>\n<p>    MotoGP\n<\/p>\n<p>    Jorge Mart\u00edn\n<\/p>\n<p>    Aprilia Racing Team\n<\/p>\n<p>Soyez le premier inform\u00e9 et souscrivez aux alertes mails pour recevoir les infos en temps r\u00e9el<\/p>\n<p>    S&rsquo;abonner aux alertes de news<\/p>\n","protected":false},"excerpt":{"rendered":"Jorge Mart\u00edn a repris l&rsquo;entra\u00eenement, nouvelle \u00e9tape majeure dans sa gu\u00e9rison. L&rsquo;Espagnol s&rsquo;est gravement bless\u00e9 lors du GP&hellip;\n","protected":false},"author":2,"featured_media":124738,"comment_status":"","ping_status":"","sticky":false,"template":"","format":"standard","meta":{"footnotes":""},"categories":[1413],"tags":[3563,1011,27,3564,1457,1456,1458,60],"class_list":{"0":"post-124737","1":"post","2":"type-post","3":"status-publish","4":"format-standard","5":"has-post-thumbnail","7":"category-moto","8":"tag-aprilia-racing-team","9":"tag-fr","10":"tag-france","11":"tag-jorge-martu00edn","12":"tag-moto","13":"tag-motocycle","14":"tag-motogp","15":"tag-sports"},"share_on_mastodon":{"url":"https:\/\/pubeurope.com\/@fr\/114563363904031682","error":""},"_links":{"self":[{"href":"https:\/\/www.europesays.com\/fr\/wp-json\/wp\/v2\/posts\/124737","targetHints":{"allow":["GET"]}}],"collection":[{"href":"https:\/\/www.europesays.com\/fr\/wp-json\/wp\/v2\/posts"}],"about":[{"href":"https:\/\/www.europesays.com\/fr\/wp-json\/wp\/v2\/types\/post"}],"author":[{"embeddable":true,"href":"https:\/\/www.europesays.com\/fr\/wp-json\/wp\/v2\/users\/2"}],"replies":[{"embeddable":true,"href":"https:\/\/www.europesays.com\/fr\/wp-json\/wp\/v2\/comments?post=124737"}],"version-history":[{"count":0,"href":"https:\/\/www.europesays.com\/fr\/wp-json\/wp\/v2\/posts\/124737\/revisions"}],"wp:featuredmedia":[{"embeddable":true,"href":"https:\/\/www.europesays.com\/fr\/wp-json\/wp\/v2\/media\/124738"}],"wp:attachment":[{"href":"https:\/\/www.europesays.com\/fr\/wp-json\/wp\/v2\/media?parent=124737"}],"wp:term":[{"taxonomy":"category","embeddable":true,"href":"https:\/\/www.europesays.com\/fr\/wp-json\/wp\/v2\/categories?post=124737"},{"taxonomy":"post_tag","embeddable":true,"href":"https:\/\/www.europesays.com\/fr\/wp-json\/wp\/v2\/tags?post=124737"}],"curies":[{"name":"wp","href":"https:\/\/api.w.org\/{rel}","templated":true}]}}