{"id":124745,"date":"2025-05-24T14:52:13","date_gmt":"2025-05-24T14:52:13","guid":{"rendered":"https:\/\/www.europesays.com\/fr\/124745\/"},"modified":"2025-05-24T14:52:13","modified_gmt":"2025-05-24T14:52:13","slug":"karim-benzema-en-couple-avec-lyna-khoudri-ils-saffichent-main-dans-la-main-et-ultra-complices-au-festival-de-cannes-2025-photos","status":"publish","type":"post","link":"https:\/\/www.europesays.com\/fr\/124745\/","title":{"rendered":"Karim Benzema en couple avec Lyna Khoudri ? Ils s&rsquo;affichent main dans la main et ultra complices au Festival de Cannes 2025 (PHOTOS)"},"content":{"rendered":"<p>Ce vendredi 23 mai 2025, Lyna Khoudri et Karim Benzema ont cr\u00e9\u00e9 la surprise en s&rsquo;affichant ensemble sur les marches du Festival de Cannes. C&rsquo;est main dans la main et tr\u00e8s complices qu&rsquo;ils sont apparus sur le tapis rouge.<\/p>\n<p>Depuis le 13 mai dernier, les c\u00e9l\u00e9brit\u00e9s du cin\u00e9ma et autres personnalit\u00e9s se succ\u00e8dent sur le tapis rouge du Festival de Cannes, qui prend fin ce samedi 24 mai. <a href=\"https:\/\/www.programme-tv.net\/news\/cinema\/379669-festival-de-cannes-2025-carole-bouquet-tres-elegante-la-star-de-bridgerton-simone-ashley-renversante-roschdy-zem-plus-chic-que-jamais-decouvrez-lavant-derniere-montee-des-marches-photos\/\" data-api-deeplink=\"teleloisirs:\/\/news\/379669\" target=\"_blank\" rel=\"noopener\">La star de Bridgerton Simone Ashley a d\u2019ailleurs mont\u00e9 les marches et elle \u00e9tait renversante<\/a> dans sa tenue. <a href=\"https:\/\/www.programme-tv.net\/news\/tele-realite\/379560-la-pensee-emue-de-camille-santoro-familles-nombreuses-a-son-pere-apres-sa-premiere-montee-des-marches-au-festival-de-cannes\/\" data-api-deeplink=\"teleloisirs:\/\/news\/379560\" target=\"_blank\" rel=\"noopener\">Camille Santoro, ancienne star de l\u2019\u00e9mission Familles nombreuses, s\u2019est aussi rendue sur la Croisette et elle a eu une pens\u00e9e tr\u00e8s \u00e9mue pour son p\u00e8re d\u00e9c\u00e9d\u00e9.<\/a> De son c\u00f4t\u00e9, <a href=\"https:\/\/www.programme-tv.net\/news\/cinema\/379548-festival-de-cannes-2025-julia-piatton-brille-en-robe-argentee-cecile-de-france-eblouie-de-nouveau-la-croisette-le-casting-de-la-venue-de-l-avenir-fait-le-show-photos\/\" data-api-deeplink=\"teleloisirs:\/\/news\/379548\" target=\"_blank\" rel=\"noopener\">le casting du film La Venue de l\u2019avenir a fait le show sur le tapis rouge.<\/a> Durant ces dix jours de festival, <a href=\"https:\/\/www.programme-tv.net\/news\/people\/379461-michou-lea-elui-maghla-ces-10-streamers-invites-sur-le-tapis-rouge-du-festival-de-cannes\/\" data-api-deeplink=\"teleloisirs:\/\/news\/379461\" target=\"_blank\" rel=\"noopener\">de nombreux streamers ont \u00e9galement d\u00e9fil\u00e9 sur la Croisette et, au total, ils \u00e9taient une bonne dizaine.<\/a><\/p>\n<p>Lyna Khoudri arrive au Festival de Cannes accompagn\u00e9e de Karim Benzema<\/p>\n<p>Ce vendredi 23 mai, l\u2019\u00e9quipe de 13 jours, 13 nuits \u00e9tait pr\u00e9sente pour la projection du film. Le r\u00e9alisateur Martin Bourboulon \u00e9tait entour\u00e9 du casting pour la mont\u00e9e des marches, \u00e0 savoir <a href=\"https:\/\/www.programme-tv.net\/biographie\/51814-bridet-nicolas\/\" data-link-people=\"1121e41e-679e-4d38-8084-90b35bad2b47\" target=\"_blank\" rel=\"noopener\">Nicolas Bridet<\/a>, Sina Parvaneh, <a href=\"https:\/\/www.programme-tv.net\/biographie\/5175-zem-roschdy\/\" data-link-people=\"1468d37d-7c06-4249-830e-bdcaeb1eb4c7\" target=\"_blank\" rel=\"noopener\">Roschdy Zem<\/a> ou encore Lyna Khoudri. Cette derni\u00e8re n\u2019est pas venue seule pour cet \u00e9v\u00e9nement, puisqu\u2019elle \u00e9tait accompagn\u00e9e du footballeur Karim Benzema. La com\u00e9dienne \u00e9tait habill\u00e9e d\u2019une robe blanche avec des motifs de feuilles vertes, le tout avec des talons noirs et un tr\u00e8s beau collier qui brillait de mille feux autour du cou. Quant \u00e0 l\u2019attaquant de l\u2019Ittihad Club, il a opt\u00e9 pour une tenue classique, mais qui marche \u00e0 tous les coups : un costume noir, une chemise blanche et un n\u0153ud papillon noir pour rehausser le tout.<\/p>\n<p>                        Lyna Khoudri et Karim Benzema tr\u00e8s complices au Festival de Cannes<\/p>\n<p><b>Lyna Khoudri et Karim Benzema sont arriv\u00e9s main dans la main sur le tapis rouge du Festival de Cannes 2025.<\/b> De quoi susciter beaucoup de r\u00e9actions quant \u00e0 la nature de leur relation actuelle. Tr\u00e8s complices et souriants face aux photographes pr\u00e9sents sur place, Lyna Khoudri et Karim Benzema n\u2019ont pourtant pas officialis\u00e9 une quelconque relation amoureuse. Aucune d\u00e9claration de leur part, ni m\u00eame un baiser pour confirmer qu\u2019ils sont en couple ou non.<\/p>\n<p>Article \u00e9crit avec la collaboration de 6m\u00e9dias<\/p>\n","protected":false},"excerpt":{"rendered":"Ce vendredi 23 mai 2025, Lyna Khoudri et Karim Benzema ont cr\u00e9\u00e9 la surprise en s&rsquo;affichant ensemble sur&hellip;\n","protected":false},"author":2,"featured_media":124746,"comment_status":"","ping_status":"","sticky":false,"template":"","format":"standard","meta":{"footnotes":""},"categories":[1359],"tags":[1409,244,15908,58,59,5634,24749,1011,27,24748,24654,973],"class_list":{"0":"post-124745","1":"post","2":"type-post","3":"status-publish","4":"format-standard","5":"has-post-thumbnail","7":"category-people","8":"tag-bande-annonce","9":"tag-commentaire","10":"tag-diaporama","11":"tag-divertissement","12":"tag-entertainment","13":"tag-festival-de-cannes","14":"tag-festival-de-cannes-1098967306","15":"tag-fr","16":"tag-france","17":"tag-karim-benzema","18":"tag-lyna-khoudri","19":"tag-people"},"share_on_mastodon":{"url":"https:\/\/pubeurope.com\/@fr\/114563379639057394","error":""},"_links":{"self":[{"href":"https:\/\/www.europesays.com\/fr\/wp-json\/wp\/v2\/posts\/124745","targetHints":{"allow":["GET"]}}],"collection":[{"href":"https:\/\/www.europesays.com\/fr\/wp-json\/wp\/v2\/posts"}],"about":[{"href":"https:\/\/www.europesays.com\/fr\/wp-json\/wp\/v2\/types\/post"}],"author":[{"embeddable":true,"href":"https:\/\/www.europesays.com\/fr\/wp-json\/wp\/v2\/users\/2"}],"replies":[{"embeddable":true,"href":"https:\/\/www.europesays.com\/fr\/wp-json\/wp\/v2\/comments?post=124745"}],"version-history":[{"count":0,"href":"https:\/\/www.europesays.com\/fr\/wp-json\/wp\/v2\/posts\/124745\/revisions"}],"wp:featuredmedia":[{"embeddable":true,"href":"https:\/\/www.europesays.com\/fr\/wp-json\/wp\/v2\/media\/124746"}],"wp:attachment":[{"href":"https:\/\/www.europesays.com\/fr\/wp-json\/wp\/v2\/media?parent=124745"}],"wp:term":[{"taxonomy":"category","embeddable":true,"href":"https:\/\/www.europesays.com\/fr\/wp-json\/wp\/v2\/categories?post=124745"},{"taxonomy":"post_tag","embeddable":true,"href":"https:\/\/www.europesays.com\/fr\/wp-json\/wp\/v2\/tags?post=124745"}],"curies":[{"name":"wp","href":"https:\/\/api.w.org\/{rel}","templated":true}]}}