{"id":124767,"date":"2025-05-24T15:03:11","date_gmt":"2025-05-24T15:03:11","guid":{"rendered":"https:\/\/www.europesays.com\/fr\/124767\/"},"modified":"2025-05-24T15:03:11","modified_gmt":"2025-05-24T15:03:11","slug":"des-raids-israeliens-a-gaza-font-15-morts-dont-des-enfants-selon-les-secours-palestiniens","status":"publish","type":"post","link":"https:\/\/www.europesays.com\/fr\/124767\/","title":{"rendered":"Des raids isra\u00e9liens \u00e0 Gaza font 15 morts, dont des enfants, selon les secours palestiniens"},"content":{"rendered":"<p>L\u2019arm\u00e9e isra\u00e9lienne a renforc\u00e9 son offensive sur Gaza depuis une dizaine de jours. Les associations humanitaires sur place d\u00e9noncent une aggravation de la situation pour les civils.<\/p>\n<p class=\"fig-paragraph\">La D\u00e9fense civile de Gaza a annonc\u00e9 la mort de 15 personnes, dont des enfants, dans des frappes isra\u00e9liennes samedi dans le territoire palestinien assi\u00e9g\u00e9 et d\u00e9vast\u00e9 par la guerre.<\/p>\n<p class=\"fig-paragraph\">L&rsquo;arm\u00e9e isra\u00e9lienne a intensifi\u00e9 \u00e0 la mi-mai sa campagne a\u00e9rienne et terrestre dans la bande de Gaza dans le but affich\u00e9 d&rsquo;an\u00e9antir le Hamas, de prendre le contr\u00f4le du territoire palestinien et de lib\u00e9rer les otages isra\u00e9liens qui y sont retenus.<\/p>\n<p class=\"fig-paragraph\">Ces derniers ont \u00e9t\u00e9 enlev\u00e9s lors de l&rsquo;attaque sans pr\u00e9c\u00e9dent men\u00e9e par des commandos du mouvement islamiste palestinien en Isra\u00ebl le 7 octobre 2023, qui a d\u00e9clench\u00e9 la guerre.<\/p>\n<p class=\"fig-body-link\">\n            \u00c0 lire aussi<br \/>\n        <a class=\"fig-body-link__link\" href=\"http:\/\/www.lefigaro.fr\/international\/gaza-les-actes-de-l-armee-israelienne-vont-dans-le-sens-d-un-genocide-alerte-le-conseil-de-l-europe-20250523\" data-fig-type=\"NewsFlash\" data-gtm-custom-categorie=\"navigation\" data-gtm-custom-action=\"crossclick\" data-gtm-custom-label=\"Contextuel\" data-gtm-event=\"customEventSPE\" data-fig-domain=\"LEFIGARO\" rel=\"nofollow noopener\" target=\"_blank\">Gaza\u00a0: les actes de l\u2019arm\u00e9e isra\u00e9lienne \u00abvont dans le sens d&rsquo;un g\u00e9nocide\u00bb, alerte une rapporteure du Conseil de l&rsquo;Europe<br \/>\n    <\/a>\n<\/p>\n<p class=\"fig-paragraph\">Dans l&rsquo;enceinte de l&rsquo;h\u00f4pital Nasser de Khan Youn\u00e8s dans le sud de Gaza, des Palestiniens pleurent devant les corps de leurs proches dont celui d&rsquo;un enfant, plac\u00e9s dans des housses blanches, selon des images de l&rsquo;AFP. Un homme tente de consoler deux femmes en larmes. D&rsquo;autres r\u00e9citent la pri\u00e8re des morts.<\/p>\n<p class=\"fig-paragraph\">\u00abUn missile largu\u00e9 par un avion est tomb\u00e9 sur la maison et l&rsquo;a d\u00e9truite. Il n&rsquo;y avait que des civils, ma soeur, son mari et leurs deux enfants ont \u00e9t\u00e9 tu\u00e9s\u00bb, raconte \u00e0 l&rsquo;AFP Wissam Al-Madhoun \u00e0 l&rsquo;h\u00f4pital.<\/p>\n<p class=\"fig-paragraph\">\u00abOn a trouv\u00e9 leurs corps dans la rue. Qu&rsquo;a fait cet enfant contre Netanyahu pour m\u00e9riter cela?\u00bb, s&rsquo;est-il exclam\u00e9, en r\u00e9f\u00e9rence au Premier ministre isra\u00e9lien Benjamin Netanyahu.<\/p>\n<p>\u00ab100 cibles terroristes\u00bb<\/p>\n<p class=\"fig-paragraph\">Selon le porte-parole de la d\u00e9fense civile, Mahmoud Bassal, \u00abau moins 15 Palestiniens dont des femmes et des enfants ont p\u00e9ri dans les frappes isra\u00e9liennes\u00bb dans la bande de Gaza, o\u00f9 les quelque 2,4 millions d&rsquo;habitants sont confront\u00e9s \u00e0 de graves p\u00e9nuries d&rsquo;eau, de nourriture et de m\u00e9dicaments.<\/p>\n<p class=\"fig-paragraph\">Quatre Palestiniens dont un enfant ont \u00e9t\u00e9 tu\u00e9s dans la r\u00e9gion d&rsquo;al-Touffah (nord), et cinq dans une frappe \u00abcontre un rassemblement de citoyens attendant des camions d&rsquo;aide \u00e0 l&rsquo;ouest de Khan Youn\u00e8s\u00bb, a-t-il pr\u00e9cis\u00e9.<\/p>\n<p class=\"fig-paragraph\">Dans le quartier d&rsquo;Amal \u00e0 Khan Youn\u00e8s, \u00abquatre martyrs, membres d&rsquo;une m\u00eame famille, sont tomb\u00e9s apr\u00e8s une frappe contre un appartement\u00bb, a dit M. Bassal, en faisant \u00e9tat de deux morts \u00e0 Nousseirat (centre).<\/p>\n<p class=\"fig-paragraph\">Dans un communiqu\u00e9, l&rsquo;arm\u00e9e isra\u00e9lienne a affirm\u00e9 que ses troupes avaient ces derni\u00e8res 24 heures \u00ab\u00e9limin\u00e9 des terroristes et d\u00e9mantel\u00e9 des infrastructures terroristes y compris souterraines\u00bb \u00e0 Gaza. L&rsquo;arm\u00e9e de l&rsquo;air \u00aba frapp\u00e9 plus de 100 cibles terroristes\u00bb.<\/p>\n<p class=\"fig-paragraph\">Isra\u00ebl assi\u00e8ge la bande de Gaza depuis le d\u00e9but de la guerre et interdit l&rsquo;acc\u00e8s du territoire aux journalistes venant de l&rsquo;ext\u00e9rieur.<\/p>\n<p class=\"fig-paragraph\">Apr\u00e8s une tr\u00eave de deux mois ayant permis le retour d&rsquo;une trentaine d&rsquo;otages isra\u00e9liens (dont huit morts) en \u00e9change de la lib\u00e9ration de quelque 1.800 prisonniers palestiniens, Isra\u00ebl a repris son offensive le 18 mars \u00e0 Gaza.<\/p>\n<p class=\"fig-paragraph\">Les n\u00e9gociations indirectes entre Isra\u00ebl et le Hamas, qui a pris le pouvoir \u00e0 Gaza en 2007, sont au point mort.<\/p>\n","protected":false},"excerpt":{"rendered":"L\u2019arm\u00e9e isra\u00e9lienne a renforc\u00e9 son offensive sur Gaza depuis une dizaine de jours. Les associations humanitaires sur place&hellip;\n","protected":false},"author":2,"featured_media":124768,"comment_status":"","ping_status":"","sticky":false,"template":"","format":"standard","meta":{"footnotes":""},"categories":[5],"tags":[259,11,260,1011,27,665,14,261,12,262,28],"class_list":{"0":"post-124767","1":"post","2":"type-post","3":"status-publish","4":"format-standard","5":"has-post-thumbnail","7":"category-international","8":"tag-actualite-internationale","9":"tag-actualites","10":"tag-affaires-etrangeres","11":"tag-fr","12":"tag-france","13":"tag-gaza","14":"tag-international","15":"tag-ministere-des-affaires-etrangeres","16":"tag-news","17":"tag-politique-etrangere","18":"tag-world"},"share_on_mastodon":{"url":"https:\/\/pubeurope.com\/@fr\/114563422847285288","error":""},"_links":{"self":[{"href":"https:\/\/www.europesays.com\/fr\/wp-json\/wp\/v2\/posts\/124767","targetHints":{"allow":["GET"]}}],"collection":[{"href":"https:\/\/www.europesays.com\/fr\/wp-json\/wp\/v2\/posts"}],"about":[{"href":"https:\/\/www.europesays.com\/fr\/wp-json\/wp\/v2\/types\/post"}],"author":[{"embeddable":true,"href":"https:\/\/www.europesays.com\/fr\/wp-json\/wp\/v2\/users\/2"}],"replies":[{"embeddable":true,"href":"https:\/\/www.europesays.com\/fr\/wp-json\/wp\/v2\/comments?post=124767"}],"version-history":[{"count":0,"href":"https:\/\/www.europesays.com\/fr\/wp-json\/wp\/v2\/posts\/124767\/revisions"}],"wp:featuredmedia":[{"embeddable":true,"href":"https:\/\/www.europesays.com\/fr\/wp-json\/wp\/v2\/media\/124768"}],"wp:attachment":[{"href":"https:\/\/www.europesays.com\/fr\/wp-json\/wp\/v2\/media?parent=124767"}],"wp:term":[{"taxonomy":"category","embeddable":true,"href":"https:\/\/www.europesays.com\/fr\/wp-json\/wp\/v2\/categories?post=124767"},{"taxonomy":"post_tag","embeddable":true,"href":"https:\/\/www.europesays.com\/fr\/wp-json\/wp\/v2\/tags?post=124767"}],"curies":[{"name":"wp","href":"https:\/\/api.w.org\/{rel}","templated":true}]}}