{"id":124773,"date":"2025-05-24T15:06:10","date_gmt":"2025-05-24T15:06:10","guid":{"rendered":"https:\/\/www.europesays.com\/fr\/124773\/"},"modified":"2025-05-24T15:06:10","modified_gmt":"2025-05-24T15:06:10","slug":"info-va-crime-barbare-a-saint-chamond-le-suspect-avait-deja-une-quarantaine-dantecedents-judiciaires","status":"publish","type":"post","link":"https:\/\/www.europesays.com\/fr\/124773\/","title":{"rendered":"[INFO VA] Crime barbare \u00e0 Saint-Chamond : le suspect avait d\u00e9j\u00e0 une quarantaine d&rsquo;ant\u00e9c\u00e9dents judiciaires"},"content":{"rendered":"<p>                                            Faits divers\n                                                                            <\/p>\n<p>\n                                            Une femme de 27 ans a \u00e9t\u00e9 retrouv\u00e9e gri\u00e8vement br\u00fbl\u00e9e et mutil\u00e9e \u00e0 Saint-Chamond, apr\u00e8s avoir \u00e9t\u00e9 s\u00e9questr\u00e9e par son mari. D\u00e9j\u00e0 connu pour des faits de violences conjugales, l\u2019homme a \u00e9t\u00e9 mis en examen pour tentative de meurtre et actes de barbarie.                                        <\/p>\n<p>                                                Publi\u00e9 le 24 mai 2025 \u00e0 11h35                                                                                            <\/p>\n<p>                                            <img loading=\"lazy\" width=\"1024\" height=\"683\" src=\"https:\/\/www.europesays.com\/fr\/wp-content\/uploads\/2025\/05\/SIPA_01103313_000003.jpg\" class=\"attachment-post-thumbnail size-post-thumbnail wp-post-image lazy\" alt=\"Photo d'illustration \u00a9 Fanny Hamard\/SIPA\" decoding=\"async\"  data-\/><\/p>\n<p>                                            Photo d&rsquo;illustration \u00a9 Fanny Hamard\/SIPA<\/p>\n<p data-pm-slice=\"0 0 []\">\u00c0 Saint-Chamond (Loire) une femme, inqui\u00e8te pour la sant\u00e9 de sa belle-s\u0153ur, a alert\u00e9 les pompiers a appris Valeurs actuelle de source polici\u00e8re. Ne disposant que d\u2019informations limit\u00e9es, les forces de l\u2019ordre m\u00e8nent une enqu\u00eate de voisinage afin de localiser le domicile concern\u00e9. Arriv\u00e9s sur place, les policiers ne re\u00e7oivent aucune r\u00e9ponse en frappant \u00e0 la porte, mais per\u00e7oivent des bruits inqui\u00e9tants \u00e0 l\u2019int\u00e9rieur. Ils d\u00e9cident alors de p\u00e9n\u00e9trer par effraction et font une d\u00e9couverte choquante.<\/p>\n<p><a href=\"https:\/\/www.valeursactuelles.com\/regions\/occitanie\/hautes-pyrenees\/tarbes\/faits-divers\/info-va-tarbes-allah-akbar-un-etranger-interpelle-puis-relache-apres-setre-introduit-dans-une-ecole-et-avoir-menace-le-personnel\" class=\"h-flex h-align-items-center h-border-tb h-ptb-15\" target=\"_blank\" rel=\"noopener\">A\u00a0LIRE\u00a0[Info VA] Tarbes : \u00ab\u00a0Allah Akbar\u00a0\u00bb, un \u00e9tranger interpell\u00e9 puis rel\u00e2ch\u00e9 apr\u00e8s s\u2019\u00eatre introduit dans une \u00e9cole et avoir menac\u00e9 le personnel<\/a><\/p>\n<blockquote class=\"twitter-tweet\">\n<p dir=\"ltr\" lang=\"fr\">\ud83d\udd34 <a href=\"https:\/\/twitter.com\/Valeurs?ref_src=twsrc%5Etfw\" target=\"_blank\" rel=\"noopener\">@Valeurs<\/a> | Horrible d\u00e9couverte dans un appartement de Saint-Chamond (Loire), ce mercredi 21 avril, apr\u00e8s qu\u2019une femme a appel\u00e9 les pompiers pour leur faire part de ses inqui\u00e9tudes concernant l\u2019\u00e9tat de sant\u00e9 de sa belle-s\u0153ur.<\/p>\n<p>Faute d\u2019informations pr\u00e9cises, la police m\u00e8ne alors\u2026 <a href=\"https:\/\/t.co\/YPr0FPvpPj\">pic.twitter.com\/YPr0FPvpPj<\/a><\/p>\n<p>\u2014 Amaury Bucco (@AmauryBucco) <a href=\"https:\/\/twitter.com\/AmauryBucco\/status\/1926192985227542798?ref_src=twsrc%5Etfw\" target=\"_blank\" rel=\"noopener\">May 24, 2025<\/a><\/p>\n<\/blockquote>\n<p>\u00c0 l\u2019int\u00e9rieur de l\u2019appartement se trouve Shaima, 27 ans, gri\u00e8vement bless\u00e9e. Elle est enti\u00e8rement nue, partiellement envelopp\u00e9e de bandelettes, le visage ensanglant\u00e9. Son corps porte de nombreuses br\u00fblures, y compris sur les parties intimes, et des traces de mutilation, notamment des entailles nettes \u00e0 la poitrine et \u00e0 la zone g\u00e9nitale. \u00c0 ses c\u00f4t\u00e9s, son mari, allong\u00e9, fumant un joint. Il est imm\u00e9diatement interpell\u00e9.<\/p>\n<p>Shaima est transport\u00e9e en urgence dans un service sp\u00e9cialis\u00e9 pour grands br\u00fbl\u00e9s \u00e0 Lyon. Les secours estiment que 50 \u00e0 60 % de son corps est br\u00fbl\u00e9, parfois au troisi\u00e8me degr\u00e9. Une incapacit\u00e9 totale de travail (ITT) de 90 jours lui a d\u00e9j\u00e0 \u00e9t\u00e9 d\u00e9livr\u00e9e. Selon son t\u00e9moignage, elle aurait \u00e9t\u00e9 s\u00e9questr\u00e9e depuis le 14 mai, date \u00e0 laquelle son mari l\u2019aurait asperg\u00e9e d\u2019essence avant de mettre le feu, dans leur propre appartement. Elle aurait \u00e9galement \u00e9t\u00e9 br\u00fbl\u00e9e au chalumeau et violemment frapp\u00e9e \u00e0 plusieurs reprises.<\/p>\n<p>Le suspect mis en examen<\/p>\n<p>L\u2019homme, Younes H., b\u00e9n\u00e9ficiaire du RSA, est connu des services de police. Il cumule une quarantaine de proc\u00e9dures judiciaires, notamment pour violences. En 2017, il avait \u00e9t\u00e9 condamn\u00e9 pour des faits de violences conjugales sur une pr\u00e9c\u00e9dente compagne, \u00e0 qui il avait caus\u00e9 5 jours d\u2019ITT. Lors de l\u2019audience \u00e0 l\u2019\u00e9poque, il avait \u00e9t\u00e9 expuls\u00e9 en raison de son comportement. Il y avait notamment lanc\u00e9 \u00e0 son ex-compagne : \u00ab Je vais attendre cinq ou dix ans, et puis je vais te mettre des patates. \u00bb Celle-ci avait alors alert\u00e9 : \u00ab Quand il sortira, il recommencera. Il me tuera. Il m\u2019a toujours dit qu\u2019il rentrerait en prison pour quelque chose de grave. \u00bb<\/p>\n<p>Malgr\u00e9 ces ant\u00e9c\u00e9dents et ces avertissements, aucune mesure n\u2019a permis de pr\u00e9venir les faits d\u2019une extr\u00eame gravit\u00e9 survenus aujourd\u2019hui. Lors de sa garde \u00e0 vue, Younes H. a partiellement reconnu les faits. Il a admis avoir asperg\u00e9 sa femme d\u2019essence et mis le feu lors d\u2019une dispute le 14 mai. Il affirme avoir ensuite montr\u00e9 des photos des blessures \u00e0 un m\u00e9decin, qui aurait d\u00e9livr\u00e9 une ordonnance sans voir la victime.<\/p>\n<p>Il conteste toutefois la s\u00e9questration, tout en admettant l\u2019avoir enferm\u00e9e pendant plusieurs jours. Il a \u00e9t\u00e9 mis en examen pour s\u00e9questration aggrav\u00e9e par actes de torture et de barbarie, ainsi que pour tentative de meurtre sur conjoint, et a \u00e9t\u00e9 plac\u00e9 en d\u00e9tention provisoire.<\/p>\n<p>                                                                    <script async src=\"https:\/\/platform.twitter.com\/widgets.js\" charset=\"utf-8\"><\/script><\/p>\n","protected":false},"excerpt":{"rendered":"Faits divers Une femme de 27 ans a \u00e9t\u00e9 retrouv\u00e9e gri\u00e8vement br\u00fbl\u00e9e et mutil\u00e9e \u00e0 Saint-Chamond, apr\u00e8s avoir&hellip;\n","protected":false},"author":2,"featured_media":124774,"comment_status":"","ping_status":"","sticky":false,"template":"","format":"standard","meta":{"footnotes":""},"categories":[9653],"tags":[1111,11,2430,11227,1777,674,1011,27,7774,3367,5117,24751,12,25,4001],"class_list":{"0":"post-124773","1":"post","2":"type-post","3":"status-publish","4":"format-standard","5":"has-post-thumbnail","7":"category-saint-etienne","8":"tag-actu","9":"tag-actualites","10":"tag-auvergne-rhone-alpes","11":"tag-brule","12":"tag-eu","13":"tag-europe","14":"tag-fr","15":"tag-france","16":"tag-garde-a-vue","17":"tag-loire","18":"tag-mise-en-examen","19":"tag-mutilations","20":"tag-news","21":"tag-republique-francaise","22":"tag-saint-etienne"},"share_on_mastodon":{"url":"https:\/\/pubeurope.com\/@fr\/114563434669902315","error":""},"_links":{"self":[{"href":"https:\/\/www.europesays.com\/fr\/wp-json\/wp\/v2\/posts\/124773","targetHints":{"allow":["GET"]}}],"collection":[{"href":"https:\/\/www.europesays.com\/fr\/wp-json\/wp\/v2\/posts"}],"about":[{"href":"https:\/\/www.europesays.com\/fr\/wp-json\/wp\/v2\/types\/post"}],"author":[{"embeddable":true,"href":"https:\/\/www.europesays.com\/fr\/wp-json\/wp\/v2\/users\/2"}],"replies":[{"embeddable":true,"href":"https:\/\/www.europesays.com\/fr\/wp-json\/wp\/v2\/comments?post=124773"}],"version-history":[{"count":0,"href":"https:\/\/www.europesays.com\/fr\/wp-json\/wp\/v2\/posts\/124773\/revisions"}],"wp:featuredmedia":[{"embeddable":true,"href":"https:\/\/www.europesays.com\/fr\/wp-json\/wp\/v2\/media\/124774"}],"wp:attachment":[{"href":"https:\/\/www.europesays.com\/fr\/wp-json\/wp\/v2\/media?parent=124773"}],"wp:term":[{"taxonomy":"category","embeddable":true,"href":"https:\/\/www.europesays.com\/fr\/wp-json\/wp\/v2\/categories?post=124773"},{"taxonomy":"post_tag","embeddable":true,"href":"https:\/\/www.europesays.com\/fr\/wp-json\/wp\/v2\/tags?post=124773"}],"curies":[{"name":"wp","href":"https:\/\/api.w.org\/{rel}","templated":true}]}}