{"id":124788,"date":"2025-05-24T15:14:10","date_gmt":"2025-05-24T15:14:10","guid":{"rendered":"https:\/\/www.europesays.com\/fr\/124788\/"},"modified":"2025-05-24T15:14:10","modified_gmt":"2025-05-24T15:14:10","slug":"a-bonsecours-lassociation-de-protection-de-la-basilique-fait-le-point-sur-les-travaux","status":"publish","type":"post","link":"https:\/\/www.europesays.com\/fr\/124788\/","title":{"rendered":"\u00c0 Bonsecours, l&rsquo;association de protection de la Basilique fait le point sur les travaux"},"content":{"rendered":"<p>            Par<br \/>\n        <strong><br \/>\n            <a href=\"https:\/\/actu.fr\/auteur\/laredaction\" title=\"Consulter tous les articles de R\u00e9daction Normandie\" rel=\"nofollow noopener\" target=\"_blank\">R\u00e9daction Normandie<\/a><br \/>\n        <\/strong><\/p>\n<p>        Publi\u00e9 le<\/p>\n<p>            24 mai 2025 \u00e0 16h56        <\/p>\n<p>L\u2019association de d\u00e9fense, de protection et de valorisation de la Basilique Notre-Dame de <a href=\"https:\/\/actu.fr\/normandie\/bonsecours_76103\" rel=\"nofollow noopener\" target=\"_blank\">Bonsecours<\/a>, Demain La Basilique a tenu <strong>une assembl\u00e9e g\u00e9n\u00e9rale<\/strong> extraordinaire et ordinaire, vendredi 9\u00a0mai 2025, en pr\u00e9sence du seul \u00e9lu Guillaume Brunet de la liste d\u2019opposition \u00ab\u2009Bonsecours avec vous\u2009\u00bb. Une r\u00e9union qui a permis de revenir sur <strong>l\u2019avanc\u00e9e des travaux<\/strong> de la basilique.<\/p>\n<p>Des nouvelles sur les travaux et les \u00e9tudes en cours<\/p>\n<p class=\" wall-content\">Apr\u00e8s le rapport moral, financier avec un r\u00e9sultat positif de 4\u2009625,76\u00a0euros et la r\u00e9\u00e9lection des membres sortants du conseil d\u2019administration et des quatre nouveaux, le pr\u00e9sident Jean-Pierre Lecerf a donn\u00e9 les tr\u00e8s attendues <strong>derni\u00e8res nouvelles sur les travaux<\/strong> et les \u00e9tudes, \u00ab\u2009que le maire m\u2019a fournis voici quelques heures. D\u2019abord, le lot est clos pour les travaux pr\u00e9alables\u2009: il comprend de la ma\u00e7onnerie, la purge de pierres mena\u00e7antes et la dalle du parvis qui est en cours de fabrication par l\u2019entreprise Lanfry. Elle sera repos\u00e9e courant mai\u2009\u00bb, a d\u00e9taill\u00e9 le pr\u00e9sident.<\/p>\n<blockquote class=\"ac-article-quote wall-content\">\n<p>Il n&rsquo;y a plus d&rsquo;eau qui s&rsquo;infiltre dans la Basilique, sauf du c\u00f4t\u00e9 Saint-Joseph, mais moins qu&rsquo;avant.<\/p>\n<p>    <strong>Jean-Pierre Lecerf<\/strong><br \/>\n        Pr\u00e9sident de Demain La Basilique    <\/p><\/blockquote>\n<p class=\" wall-content\">Il a \u00e9galement annonc\u00e9 que des devis pour les balustres qui sont tomb\u00e9s du toit sont valid\u00e9s et que les travaux d\u2019urgence ne vont pas tarder \u00e0 commencer.<\/p>\n<p>    <img   decoding=\"async\" loading=\"lazy\" class=\"size-large\" src=\"https:\/\/www.europesays.com\/fr\/wp-content\/uploads\/2025\/05\/323fd2ec03286263fd2ec03287e3fdv-682x640.jpg\" alt=\"Bonsecours basilique\" width=\"682\" height=\"640\"\/><br \/>\n    Le montant des travaux est estim\u00e9 entre 10 et 11\u00a0millions d\u2019euros. \u00a9Le Bulletin<\/p>\n<p class=\" wall-content\">\u00ab\u2009Pour le lot couverture, des mesures conservatoires ont \u00e9t\u00e9 prises avec l\u2019entretien des ch\u00e9neaux, la modification de la descente des eaux, des joints d\u2019\u00e9tanch\u00e9it\u00e9 refaits, des ardoises remplac\u00e9es et des fissures bouch\u00e9es. Il n\u2019y a plus d\u2019eau qui s\u2019infiltre dans la Basilique, sauf du c\u00f4t\u00e9 Saint-Joseph, mais moins qu\u2019avant\u2009\u00bb, a ajout\u00e9 Jean-Pierre Lecerf.<\/p>\n<p>En 1952, la fa\u00e7ade a failli tomber<\/p>\n<p class=\" wall-content\">Le pr\u00e9sident a ensuite livr\u00e9 des d\u00e9tails sur les \u00e9tudes men\u00e9es par la soci\u00e9t\u00e9 Sunm\u00e9tron, avec tout d\u2019abord un lot g\u00e9othermie dont le r\u00e9sultat montre que le sol est h\u00e9t\u00e9rog\u00e8ne. \u00ab\u2009Les architectes disent que c\u2019est plut\u00f4t un point positif, notamment pour <strong>le clocher qui ne risque pas de tomber<\/strong> tout de suite. Pour la stabilit\u00e9 de la Basilique, globalement, le terrain se pr\u00eate plut\u00f4t bien. C\u2019est un point rassurant. Cependant, la vigilance reste d\u2019actualit\u00e9\u2009\u00bb, pr\u00e9vient Jean-Pierre Lecerf.<\/p>\n<p class=\" wall-content\">Les architectes ont d\u2019ailleurs pos\u00e9 des instruments pour continuer les sondages pendant au moins 24\u00a0mois. Un rapport tombera tous les trois mois sur les variations en fonction des changements de temp\u00e9rature, les effets apr\u00e8s les temp\u00eates ou le vent.<\/p>\n<p class=\" wall-content\">\u00ab\u2009Qu\u2019est-ce qui se passe alors\u2009? C\u2019est une vraie \u00e9tude de fond. Je rappelle que la Basilique a \u00e9t\u00e9 \u00e9branl\u00e9e en 1944, apr\u00e8s les bombardements des Alli\u00e9s \u00e0 Eauplet et \u00e0 Sotteville-l\u00e8s-Rouen. <strong>En 1952, on pensait que la fa\u00e7ade allait tomber<\/strong> et des travaux ont \u00e9t\u00e9 entrepris. Ils ont tenu jusqu\u2019en 2000, o\u00f9 l\u2019int\u00e9rieur du clocher a \u00e9t\u00e9 refait. L\u00e0, il semblerait que le clocher ne bouge pas et soit bien solidaire du b\u00e2timent\u2009\u00bb, commente le pr\u00e9sident qui constate que \u00ab\u2009la partie du ch\u0153ur qui nous inqui\u00e9tait et qui pr\u00e9sente de grosses fissures, montre que son d\u00e9placement est moins rapide qu\u2019on l\u2019imagine. Le risque \u00e9tait que le ch\u0153ur se s\u00e9pare de la nef. Les architectes sont rassurants. Tout cela reste en tests pendant encore 24\u00a0mois\u2009\u00bb.<\/p>\n<p class=\" wall-content\">Jean-Pierre Lecerf a aussi indiqu\u00e9 qu\u2019une r\u00e9union avec Sunm\u00e9tron a r\u00e9cemment eu lieu pour r\u00e9actualiser le co\u00fbt global des travaux, <strong>estim\u00e9s entre 10 et 11\u00a0millions d\u2019euros<\/strong>, et les diff\u00e9rentes phases qui, selon la DRAC (Direction r\u00e9gionale des affaires culturelles) pourront durer en 18 et 24\u00a0mois chacune. \u00ab\u2009C\u2019est un gros chantier qui va nous emmener loin. La mairie a d\u00e9j\u00e0 d\u00e9pos\u00e9 des dossiers, des demandes de recherches de fonds\u2009\u00bb, fait valoir le pr\u00e9sident.<\/p>\n<p>La R\u00e9gion au rendez-vous, la M\u00e9tropole Rouen Normandie absente<\/p>\n<p class=\" wall-content\">Pendant ce temps, Demain La Basilique continue \u00e0 agir de son c\u00f4t\u00e9. Gr\u00e2ce \u00e0 la Fondation du patrimoine, elle a rencontr\u00e9 les chefs de projet de la Coll\u00e9giale d\u2019Eu, de l\u2019\u00e9glise Notre-Dame de Bourg-Dun, de l\u2019\u00e9glise Saint-Martin de Blosseville-sur-Mer, du ch\u00e2teau de Gaillon et de l\u2019\u00e9glise de Vatteville-la-Rue, \u00ab\u2009pour voir comment ces personnes menaient leurs projets afin d\u2019avoir un retour d\u2019exp\u00e9rience, obtenir des conseils et des id\u00e9es claires des enjeux\u2009\u00bb, a d\u00e9taill\u00e9 Fran\u00e7ois Coussin, membre du conseil d\u2019administration.<\/p>\n<p>    <img   decoding=\"async\" loading=\"lazy\" class=\"size-large\" src=\"https:\/\/www.europesays.com\/fr\/wp-content\/uploads\/2025\/05\/2996831d032862e96831d032812a68v-960x640.jpg\" alt=\"Bonsecours basilique\" width=\"960\" height=\"640\"\/><br \/>\n    Les infiltrations ont \u00e9t\u00e9 limit\u00e9es apr\u00e8s le lot conservatoire. \u00a9Le Bulletin<\/p>\n<p class=\" wall-content\">Ce dernier a aussi relat\u00e9 la visite d\u2019\u00e9lus de la R\u00e9gion Normandie et de quelques personnalit\u00e9s en janvier\u00a02025. \u00ab\u2009Au niveau de la mairie, nous n\u2019avions pas beaucoup de retours. Pour obtenir un appui des \u00e9lus, on a alors invit\u00e9 la s\u00e9natrice Catherine Morin-Desailly, la d\u00e9put\u00e9e Annie Vidal, le vice-pr\u00e9sident \u00e0 la R\u00e9gion Normandie \u00c9douard de Lamaze, le p\u00e8re Fr\u00e9d\u00e9ric Masset, la rectrice S\u0153ur Yvonne, le maire Laurent Grelaud et quelques agents.\u2009\u00bb<\/p>\n<p class=\" wall-content\">Une invitation sous forme d\u2019une visite des lieux, qui a permis d\u2019\u00e9tablir des contacts entre les collectivit\u00e9s. \u00ab\u2009\u00c9douard de Lamaze a d\u00e9clar\u00e9 qu\u2019il allait pousser le dossier aupr\u00e8s du pr\u00e9sident Herv\u00e9 Morin. Cette visite a port\u00e9 ses fruits. Nous regrettons seulement <strong>l\u2019absence de la M\u00e9tropole Rouen Normandie<\/strong>, alors que la relation entre la Basilique Notre-Dame et Rouen est si importante et historique\u2009\u00bb, conclut Fran\u00e7ois Coussin.<\/p>\n<p>Renseignements\u2009: www.demainlabasilique.com<\/p>\n<p class=\" wall-content\">Suivez toute l\u2019actualit\u00e9 de vos villes et m\u00e9dias favoris en vous inscrivant \u00e0 <a href=\"https:\/\/moncompte.actu.fr\" title=\"D\u00e9couvez Mon Actu\" rel=\"nofollow noopener\" data-trk=\"{&quot;cta&quot;:{&quot;action&quot;:&quot;https:\\\/\\\/moncompte.actu.fr&quot;,&quot;category&quot;:&quot;mon compte&quot;,&quot;from&quot;:&quot;article footer&quot;,&quot;name&quot;:&quot;Mon actu&quot;,&quot;type&quot;:&quot;cta&quot;}}\" target=\"_blank\">Mon Actu<\/a>.<\/p>\n","protected":false},"excerpt":{"rendered":"Par R\u00e9daction Normandie Publi\u00e9 le 24 mai 2025 \u00e0 16h56 L\u2019association de d\u00e9fense, de protection et de valorisation&hellip;\n","protected":false},"author":2,"featured_media":124789,"comment_status":"","ping_status":"","sticky":false,"template":"","format":"standard","meta":{"footnotes":""},"categories":[9587],"tags":[1111,11,1777,674,1011,27,1757,12,5161,2551,25,9590,104],"class_list":{"0":"post-124788","1":"post","2":"type-post","3":"status-publish","4":"format-standard","5":"has-post-thumbnail","7":"category-rouen","8":"tag-actu","9":"tag-actualites","10":"tag-eu","11":"tag-europe","12":"tag-fr","13":"tag-france","14":"tag-insolite","15":"tag-news","16":"tag-normandie","17":"tag-patrimoine","18":"tag-republique-francaise","19":"tag-rouen","20":"tag-societe"},"share_on_mastodon":{"url":"https:\/\/pubeurope.com\/@fr\/114563466089686656","error":""},"_links":{"self":[{"href":"https:\/\/www.europesays.com\/fr\/wp-json\/wp\/v2\/posts\/124788","targetHints":{"allow":["GET"]}}],"collection":[{"href":"https:\/\/www.europesays.com\/fr\/wp-json\/wp\/v2\/posts"}],"about":[{"href":"https:\/\/www.europesays.com\/fr\/wp-json\/wp\/v2\/types\/post"}],"author":[{"embeddable":true,"href":"https:\/\/www.europesays.com\/fr\/wp-json\/wp\/v2\/users\/2"}],"replies":[{"embeddable":true,"href":"https:\/\/www.europesays.com\/fr\/wp-json\/wp\/v2\/comments?post=124788"}],"version-history":[{"count":0,"href":"https:\/\/www.europesays.com\/fr\/wp-json\/wp\/v2\/posts\/124788\/revisions"}],"wp:featuredmedia":[{"embeddable":true,"href":"https:\/\/www.europesays.com\/fr\/wp-json\/wp\/v2\/media\/124789"}],"wp:attachment":[{"href":"https:\/\/www.europesays.com\/fr\/wp-json\/wp\/v2\/media?parent=124788"}],"wp:term":[{"taxonomy":"category","embeddable":true,"href":"https:\/\/www.europesays.com\/fr\/wp-json\/wp\/v2\/categories?post=124788"},{"taxonomy":"post_tag","embeddable":true,"href":"https:\/\/www.europesays.com\/fr\/wp-json\/wp\/v2\/tags?post=124788"}],"curies":[{"name":"wp","href":"https:\/\/api.w.org\/{rel}","templated":true}]}}