{"id":124794,"date":"2025-05-24T15:20:08","date_gmt":"2025-05-24T15:20:08","guid":{"rendered":"https:\/\/www.europesays.com\/fr\/124794\/"},"modified":"2025-05-24T15:20:08","modified_gmt":"2025-05-24T15:20:08","slug":"parmi-les-six-suspects-interpelles-un-seul-reconnait-les-faits","status":"publish","type":"post","link":"https:\/\/www.europesays.com\/fr\/124794\/","title":{"rendered":"parmi les six suspects interpell\u00e9s, un seul reconna\u00eet les faits"},"content":{"rendered":"<p>            Par<br \/>\n        <strong><br \/>\n            <a href=\"https:\/\/actu.fr\/auteur\/laurene-fertin\" title=\"Consulter tous les articles de Laur\u00e8ne Fertin\" rel=\"nofollow noopener\" target=\"_blank\">Laur\u00e8ne Fertin<\/a><br \/>\n        <\/strong><\/p>\n<p>        Publi\u00e9 le<\/p>\n<p>            24 mai 2025 \u00e0 16h46        <\/p>\n<p>De nouvelles informations devaient \u00eatre communiqu\u00e9es \u00e0 l\u2019issue du <a href=\"https:\/\/actu.fr\/bretagne\/rennes_35238\/fusillades-dans-le-quartier-villejean-a-rennes-six-individus-interpelles-dont-un-mineur_62672429.html\" rel=\"nofollow noopener\" target=\"_blank\">placement en garde \u00e0 vue de six individus, <\/a>mardi 20\u00a0mai 2025, suspect\u00e9s d\u2019avoir particip\u00e9 aux fusillades des <a href=\"https:\/\/actu.fr\/bretagne\/rennes_35238\/une-balle-a-traverse-un-canape-a-rennes-une-nouvelle-fusillade-a-l-arme-automatique-dans-ce-quartier_62077302.html\" rel=\"nofollow noopener\" target=\"_blank\">5<\/a> et <a href=\"https:\/\/actu.fr\/bretagne\/rennes_35238\/rennes-un-homme-blesse-par-balle-dans-le-quartier-de-villejean_62106236.html\" rel=\"nofollow noopener\" target=\"_blank\">11\u00a0janvier 2025<\/a>, \u00e0 Rennes, dans le quartier Villejean.<\/p>\n<p class=\" wall-content\">Fr\u00e9d\u00e9ric Teillet, procureur de la R\u00e9publique, a ainsi indiqu\u00e9 que ces derniers ont \u00e9t\u00e9 <strong>d\u00e9f\u00e9r\u00e9s au Palais de justice<\/strong>, vendredi 23\u00a0mai, sur instructions du parquet de Rennes qui a ouvert une information pour <strong>les infractions suivantes<\/strong>\u2009:<\/p>\n<ul class=\" wall-content\">\n<li>tentative de meurtre en bande organis\u00e9e\u2009;<\/li>\n<li>participation \u00e0 une association de malfaiteurs en vue de la pr\u00e9paration d\u2019un crime\u2009;<\/li>\n<li>participation \u00e0 une association de malfaiteurs en vue de la pr\u00e9paration d\u2019un d\u00e9lit puni de 10\u00a0ans d\u2019emprisonnement\u2009;<\/li>\n<li>acquisition, transport, d\u00e9tention, offre ou cession de stup\u00e9fiants\u2009;<\/li>\n<li>d\u00e9tention d\u2019armes et munitions de cat\u00e9gorie B\u2009;<\/li>\n<li>d\u00e9tention d\u2019arme et munitions de cat\u00e9gorie A (armes de guerre).<\/li>\n<\/ul>\n<p>\u00ab\u2009Il admet avoir r\u00e9cup\u00e9r\u00e9 les tireurs\u2009\u00bb<\/p>\n<p class=\" wall-content\">Selon Fr\u00e9d\u00e9ric Teillet, \u00ab\u2009aucun ne reconna\u00eet sa participation aux faits sauf l\u2019un d\u2019entre eux\u2009\u00bb.<\/p>\n<blockquote class=\"ac-article-quote wall-content\">\n<p>(Il) admet avoir r\u00e9cup\u00e9r\u00e9 les tireurs sur la s\u00e9quence du 11 janvier et avoir d\u00e9truit les \u00e9l\u00e9ments probatoires et cach\u00e9 l\u2019arme utilis\u00e9e (une STEN) pour les deux s\u00e9quences du 5 et 11 janvier 2025.<\/p>\n<p>    <strong>Fr\u00e9d\u00e9ric Teillet<\/strong><br \/>\n        Procureur de la R\u00e9publique de Rennes    <\/p><\/blockquote>\n<p class=\" wall-content\">\u00ab\u2009Il reconna\u00eet \u00e9galement avoir <strong>particip\u00e9 au trafic de stup\u00e9fiants\u2009\u00bb,<\/strong> poursuit le procureur.<\/p>\n<p>Mis en examen<\/p>\n<p class=\" wall-content\">Les six interpell\u00e9s ont<strong> entre 17 et 26\u00a0ans<\/strong>. \u00ab\u2009Certains ne sont pas connus de la Justice, d\u2019autres le sont peu, d\u2019autres encore ont de nombreux ant\u00e9c\u00e9dents\u2009\u00bb, pr\u00e9cise Fr\u00e9d\u00e9ric Teillet.<\/p>\n<p class=\" wall-content\">\u00ab\u2009Tous ont \u00e9t\u00e9<strong> mis en examen<\/strong> pour les infractions cit\u00e9es et plac\u00e9s en d\u00e9tention provisoire par le juge des libert\u00e9s et de la d\u00e9tention conform\u00e9ment aux r\u00e9quisitions du parquet.\u2009\u00bb<\/p>\n<p class=\" wall-content\">Suivez toute l\u2019actualit\u00e9 de vos villes et m\u00e9dias favoris en vous inscrivant \u00e0 <a href=\"https:\/\/moncompte.actu.fr\" title=\"D\u00e9couvez Mon Actu\" rel=\"nofollow noopener\" data-trk=\"{&quot;cta&quot;:{&quot;action&quot;:&quot;https:\\\/\\\/moncompte.actu.fr&quot;,&quot;category&quot;:&quot;mon compte&quot;,&quot;from&quot;:&quot;article footer&quot;,&quot;name&quot;:&quot;Mon actu&quot;,&quot;type&quot;:&quot;cta&quot;}}\" target=\"_blank\">Mon Actu<\/a>.<\/p>\n","protected":false},"excerpt":{"rendered":"Par Laur\u00e8ne Fertin Publi\u00e9 le 24 mai 2025 \u00e0 16h46 De nouvelles informations devaient \u00eatre communiqu\u00e9es \u00e0 l\u2019issue&hellip;\n","protected":false},"author":2,"featured_media":124795,"comment_status":"","ping_status":"","sticky":false,"template":"","format":"standard","meta":{"footnotes":""},"categories":[2821],"tags":[1111,11,829,1777,674,118,1011,27,303,12,1072,584,25,5375],"class_list":{"0":"post-124794","1":"post","2":"type-post","3":"status-publish","4":"format-standard","5":"has-post-thumbnail","7":"category-rennes","8":"tag-actu","9":"tag-actualites","10":"tag-bretagne","11":"tag-eu","12":"tag-europe","13":"tag-faits-divers","14":"tag-fr","15":"tag-france","16":"tag-justice","17":"tag-news","18":"tag-police","19":"tag-rennes","20":"tag-republique-francaise","21":"tag-villejean"},"share_on_mastodon":{"url":"https:\/\/pubeurope.com\/@fr\/114563489634667082","error":""},"_links":{"self":[{"href":"https:\/\/www.europesays.com\/fr\/wp-json\/wp\/v2\/posts\/124794","targetHints":{"allow":["GET"]}}],"collection":[{"href":"https:\/\/www.europesays.com\/fr\/wp-json\/wp\/v2\/posts"}],"about":[{"href":"https:\/\/www.europesays.com\/fr\/wp-json\/wp\/v2\/types\/post"}],"author":[{"embeddable":true,"href":"https:\/\/www.europesays.com\/fr\/wp-json\/wp\/v2\/users\/2"}],"replies":[{"embeddable":true,"href":"https:\/\/www.europesays.com\/fr\/wp-json\/wp\/v2\/comments?post=124794"}],"version-history":[{"count":0,"href":"https:\/\/www.europesays.com\/fr\/wp-json\/wp\/v2\/posts\/124794\/revisions"}],"wp:featuredmedia":[{"embeddable":true,"href":"https:\/\/www.europesays.com\/fr\/wp-json\/wp\/v2\/media\/124795"}],"wp:attachment":[{"href":"https:\/\/www.europesays.com\/fr\/wp-json\/wp\/v2\/media?parent=124794"}],"wp:term":[{"taxonomy":"category","embeddable":true,"href":"https:\/\/www.europesays.com\/fr\/wp-json\/wp\/v2\/categories?post=124794"},{"taxonomy":"post_tag","embeddable":true,"href":"https:\/\/www.europesays.com\/fr\/wp-json\/wp\/v2\/tags?post=124794"}],"curies":[{"name":"wp","href":"https:\/\/api.w.org\/{rel}","templated":true}]}}