{"id":124796,"date":"2025-05-24T15:21:09","date_gmt":"2025-05-24T15:21:09","guid":{"rendered":"https:\/\/www.europesays.com\/fr\/124796\/"},"modified":"2025-05-24T15:21:09","modified_gmt":"2025-05-24T15:21:09","slug":"guntzviller-etes-vous-prets-a-suivre-cynthia-gross-le-30-mai-dans-son-voyage-sonore","status":"publish","type":"post","link":"https:\/\/www.europesays.com\/fr\/124796\/","title":{"rendered":"Guntzviller. \u00cates-vous pr\u00eats \u00e0 suivre Cynthia Gross le 30\u00a0mai dans son voyage sonore\u00a0?"},"content":{"rendered":"<blockquote class=\"question\"><p>C\u2019est quoi, ce concept de voyage sonore\u00a0?<\/p><\/blockquote>\n<p><strong>Cynthia Gross, musicoth\u00e9rapeute<\/strong> \u00a0: \u00ab\u00a0C\u2019est une relaxation pendant laquelle je joue de diff\u00e9rents instruments et je chante. Il y a des bols tib\u00e9tains, un tambour, un gong que j\u2019ai martel\u00e9 moi-m\u00eame, un carillon, un kalimba ou piano \u00e0 pouces, une guimbarde\u2026 Les gens entendent la mer, les vagues, les baleines, les dauphins.\u00a0\u00bb<\/p>\n<blockquote class=\"question\"><p>Comment se d\u00e9roule une s\u00e9ance\u00a0?<\/p><\/blockquote>\n<p>\u00ab\u00a0Les personnes viennent avec leur tapis de sol, leur coussin, leur couverture. Chacun pose une intention dans sa t\u00eate\u00a0: par&#8230;<\/p>\n","protected":false},"excerpt":{"rendered":"C\u2019est quoi, ce concept de voyage sonore\u00a0? Cynthia Gross, musicoth\u00e9rapeute \u00a0: \u00ab\u00a0C\u2019est une relaxation pendant laquelle je joue&hellip;\n","protected":false},"author":2,"featured_media":124797,"comment_status":"","ping_status":"","sticky":false,"template":"","format":"standard","meta":{"footnotes":""},"categories":[2820],"tags":[1111,11,24753,1687,5327,1777,674,1011,27,775,24752,1757,12,25,640],"class_list":{"0":"post-124796","1":"post","2":"type-post","3":"status-publish","4":"format-standard","5":"has-post-thumbnail","7":"category-strasbourg","8":"tag-actu","9":"tag-actualites","10":"tag-cc-du-pays-de-phalsbourg-57c","11":"tag-culture-loisirs","12":"tag-edition-sarrebourg-chateau-salins","13":"tag-eu","14":"tag-europe","15":"tag-fr","16":"tag-france","17":"tag-grand-est","18":"tag-guntzviller","19":"tag-insolite","20":"tag-news","21":"tag-republique-francaise","22":"tag-strasbourg"},"share_on_mastodon":{"url":"https:\/\/pubeurope.com\/@fr\/114563493670564012","error":""},"_links":{"self":[{"href":"https:\/\/www.europesays.com\/fr\/wp-json\/wp\/v2\/posts\/124796","targetHints":{"allow":["GET"]}}],"collection":[{"href":"https:\/\/www.europesays.com\/fr\/wp-json\/wp\/v2\/posts"}],"about":[{"href":"https:\/\/www.europesays.com\/fr\/wp-json\/wp\/v2\/types\/post"}],"author":[{"embeddable":true,"href":"https:\/\/www.europesays.com\/fr\/wp-json\/wp\/v2\/users\/2"}],"replies":[{"embeddable":true,"href":"https:\/\/www.europesays.com\/fr\/wp-json\/wp\/v2\/comments?post=124796"}],"version-history":[{"count":0,"href":"https:\/\/www.europesays.com\/fr\/wp-json\/wp\/v2\/posts\/124796\/revisions"}],"wp:featuredmedia":[{"embeddable":true,"href":"https:\/\/www.europesays.com\/fr\/wp-json\/wp\/v2\/media\/124797"}],"wp:attachment":[{"href":"https:\/\/www.europesays.com\/fr\/wp-json\/wp\/v2\/media?parent=124796"}],"wp:term":[{"taxonomy":"category","embeddable":true,"href":"https:\/\/www.europesays.com\/fr\/wp-json\/wp\/v2\/categories?post=124796"},{"taxonomy":"post_tag","embeddable":true,"href":"https:\/\/www.europesays.com\/fr\/wp-json\/wp\/v2\/tags?post=124796"}],"curies":[{"name":"wp","href":"https:\/\/api.w.org\/{rel}","templated":true}]}}