{"id":124800,"date":"2025-05-24T15:23:09","date_gmt":"2025-05-24T15:23:09","guid":{"rendered":"https:\/\/www.europesays.com\/fr\/124800\/"},"modified":"2025-05-24T15:23:09","modified_gmt":"2025-05-24T15:23:09","slug":"a-nice-le-centre-de-congres-du-port-est-il-trop-haut","status":"publish","type":"post","link":"https:\/\/www.europesays.com\/fr\/124800\/","title":{"rendered":"\u00c0 Nice, le centre de congr\u00e8s du port est-il trop haut?"},"content":{"rendered":"<p>Trop haut de 70 centim\u00e8tres, le nouveau centre des congr\u00e8s construit quai Amiral-Infernet \u00e0 Nice? C\u2019est en tout cas la conclusion du comit\u00e9 de d\u00e9fense des quartiers du port de Nice et de l\u2019environnement. Son pr\u00e9sident, Jean-Michel Bidart, a adress\u00e9 un courrier recommand\u00e9 au pr\u00e9fet des Alpes-Maritimes. Il demande au repr\u00e9sentant de l\u2019\u00c9tat de mandater ses services pour venir contr\u00f4ler le respect (ou plut\u00f4t le non-respect, selon lui) du permis de construire autorisant l\u2019\u00e9dification de trois nouveaux b\u00e2timents semi-provisoires. Une autorisation d\u2019urbanisme d\u00e9livr\u00e9e \u00ab\u00a0sous avis de l\u2019architecte des b\u00e2timents de France\u00a0\u00bb et qui doit donc \u00ab\u00a0obtenir son accord\u00a0\u00bb pour \u00ab\u00a0toute modification\u00a0\u00bb.<\/p>\n<p>Or, Jean-Michel Bidart est convaincu que les plans initiaux n\u2019ont pas \u00e9t\u00e9 respect\u00e9s. Il pointe, photo \u00e0 l\u2019appui, la r\u00e9alisation d\u2019une \u00ab\u00a0assise en b\u00e9ton d\u2019environ 70cm qui, selon lui, n\u2019\u00e9tait pas pr\u00e9vue au permis de construire\u00a0\u00bb. Il en veut pour preuve \u00ab\u00a0la cr\u00e9ation d\u2019une rampe d\u2019acc\u00e8s pour personnes handicap\u00e9es physiques afin de compenser cette diff\u00e9rence d\u2019altitude\u00a0\u00bb qui elle aussi ne figurerait pas sur les plans initiaux.<\/p>\n<p>La cons\u00e9quence de ce soubassement serait une hauteur globale du b\u00e2timent sup\u00e9rieure aux 10,30m\u00e8tres (par rapport au niveau de la mer) autoris\u00e9s.<\/p>\n<p>Le nouveau centre des congr\u00e8s du port culminerait, d\u2019apr\u00e8s les calculs du comit\u00e9 de quartier, \u00e0 pr\u00e8s de 11m\u00e8tres. Faute de pouvoir \u00ab\u00a0acc\u00e9der sur le chantier\u00a0\u00bb pour v\u00e9rifier, son pr\u00e9sident demande au pr\u00e9fet de proc\u00e9der \u00e0 un contr\u00f4le&#8230; Et, si ses soup\u00e7ons devaient se r\u00e9v\u00e9ler exacts, \u00ab\u00a0faire cesser ces infractions\u00a0\u00bb.<\/p>\n","protected":false},"excerpt":{"rendered":"Trop haut de 70 centim\u00e8tres, le nouveau centre des congr\u00e8s construit quai Amiral-Infernet \u00e0 Nice? C\u2019est en tout&hellip;\n","protected":false},"author":2,"featured_media":124801,"comment_status":"","ping_status":"","sticky":false,"template":"","format":"standard","meta":{"footnotes":""},"categories":[2819],"tags":[1111,11,1777,674,1011,27,12,2401,882,25,1352],"class_list":{"0":"post-124800","1":"post","2":"type-post","3":"status-publish","4":"format-standard","5":"has-post-thumbnail","7":"category-nice","8":"tag-actu","9":"tag-actualites","10":"tag-eu","11":"tag-europe","12":"tag-fr","13":"tag-france","14":"tag-news","15":"tag-nice","16":"tag-provence-alpes-cote-dazur","17":"tag-republique-francaise","18":"tag-urbanisme"},"share_on_mastodon":{"url":"https:\/\/pubeurope.com\/@fr\/114563501868809018","error":""},"_links":{"self":[{"href":"https:\/\/www.europesays.com\/fr\/wp-json\/wp\/v2\/posts\/124800","targetHints":{"allow":["GET"]}}],"collection":[{"href":"https:\/\/www.europesays.com\/fr\/wp-json\/wp\/v2\/posts"}],"about":[{"href":"https:\/\/www.europesays.com\/fr\/wp-json\/wp\/v2\/types\/post"}],"author":[{"embeddable":true,"href":"https:\/\/www.europesays.com\/fr\/wp-json\/wp\/v2\/users\/2"}],"replies":[{"embeddable":true,"href":"https:\/\/www.europesays.com\/fr\/wp-json\/wp\/v2\/comments?post=124800"}],"version-history":[{"count":0,"href":"https:\/\/www.europesays.com\/fr\/wp-json\/wp\/v2\/posts\/124800\/revisions"}],"wp:featuredmedia":[{"embeddable":true,"href":"https:\/\/www.europesays.com\/fr\/wp-json\/wp\/v2\/media\/124801"}],"wp:attachment":[{"href":"https:\/\/www.europesays.com\/fr\/wp-json\/wp\/v2\/media?parent=124800"}],"wp:term":[{"taxonomy":"category","embeddable":true,"href":"https:\/\/www.europesays.com\/fr\/wp-json\/wp\/v2\/categories?post=124800"},{"taxonomy":"post_tag","embeddable":true,"href":"https:\/\/www.europesays.com\/fr\/wp-json\/wp\/v2\/tags?post=124800"}],"curies":[{"name":"wp","href":"https:\/\/api.w.org\/{rel}","templated":true}]}}