{"id":124814,"date":"2025-05-24T15:30:11","date_gmt":"2025-05-24T15:30:11","guid":{"rendered":"https:\/\/www.europesays.com\/fr\/124814\/"},"modified":"2025-05-24T15:30:11","modified_gmt":"2025-05-24T15:30:11","slug":"quelles-sont-ces-cours-oasis-plus-vegetalisees-mises-en-place-par-la-mairie-de-toulouse","status":"publish","type":"post","link":"https:\/\/www.europesays.com\/fr\/124814\/","title":{"rendered":"Quelles sont ces cours \u00ab\u00a0oasis\u00a0\u00bb, plus v\u00e9g\u00e9talis\u00e9es, mises en place par la mairie de Toulouse\u00a0?"},"content":{"rendered":"<p>            Par<br \/>\n        <strong><br \/>\n            <a href=\"https:\/\/actu.fr\/auteur\/lea-afonso\" title=\"Consulter tous les articles de L\u00e9a Afonso\" target=\"_blank\" rel=\"noopener\">L\u00e9a Afonso<\/a><br \/>\n        <\/strong><\/p>\n<p>        Publi\u00e9 le<\/p>\n<p>            24 mai 2025 \u00e0 16h20        <\/p>\n<p>Souvenez-vous de ces cours d\u2019\u00e9cole enti\u00e8rement recouvertes de bitume, sans ombre ni verdure. Une image famili\u00e8re, ancr\u00e9e dans nos m\u00e9moires\u2026 mais appel\u00e9e \u00e0 dispara\u00eetre. La mairie de <a href=\"https:\/\/actu.fr\/toulouse\/\" target=\"_blank\" rel=\"noopener\">Toulouse<\/a> a lanc\u00e9 en d\u00e9but de mandat un vaste programme de <strong>transformation des cours de r\u00e9cr\u00e9ation<\/strong> en v\u00e9ritables \u201c<strong>cours oasis<\/strong>\u201d, des espaces plus verts, plus frais et mieux adapt\u00e9s aux d\u00e9fis climatiques. Reportage sur place.<\/p>\n<p>Du goudron \u00e0 la verdure<\/p>\n<p class=\" wall-content\">\u00ab\u2009Il y a eu une longue p\u00e9riode o\u00f9 la norme, c\u2019\u00e9tait de <strong>bitumer<\/strong> les <strong>cours d\u2019\u00e9cole<\/strong>\u2009\u00bb, rappelle Jean-Luc Moudenc, maire de Toulouse. Un choix fait pour des raisons pratiques\u2009: entretien simplifi\u00e9, surveillance facilit\u00e9e. R\u00e9sultat\u2009: les cours se ressemblent bien souvent.<\/p>\n<p class=\" wall-content\">Mais cette \u00e9poque touche \u00e0 sa fin. Face au <strong>r\u00e9chauffement climatique et \u00e0 l\u2019\u00e9volution des m\u0153urs<\/strong>, la <strong>v\u00e9g\u00e9talisation<\/strong> devient la nouvelle norme.<\/p>\n<p class=\" wall-content\">\u00ab\u2009Aujourd\u2019hui, nous cherchons \u00e0 cr\u00e9er des <strong>\u00eelots de fra\u00eecheur<\/strong>, \u00e0 la fois \u00e0 l\u2019int\u00e9rieur et autour des \u00e9tablissements, qui serviront notamment lors des \u00e9pisodes de fortes chaleurs. Le concept de \u2018cour oasis\u2019 s\u2019inscrit dans cette dynamique que nous d\u00e9veloppons depuis plusieurs ann\u00e9es \u00e0 Toulouse\u2009\u00bb, ajoute le maire.<\/p>\n<p>Une cour oasis\u2009: qu\u2019est-ce que c\u2019est\u2009?<\/p>\n<p class=\" wall-content\"><strong>Une cour oasis, c\u2019est bien plus qu\u2019un simple espace vert<\/strong>. \u00ab\u2009Elle est compos\u00e9e de plusieurs zones\u2009: une forte proportion de pleine terre, un espace calme et un autre pour \u00eatre actif, un coin d\u00e9di\u00e9 \u00e0 la biodiversit\u00e9, des zones ombrag\u00e9es et bien s\u00fbr des jeux\u2009\u00bb, d\u00e9taille Marion Lalane-de Laubad\u00e8re, \u00e9lue en charge au bien grandir.<\/p>\n<p>    <img   decoding=\"async\" loading=\"lazy\" src=\"https:\/\/www.europesays.com\/fr\/wp-content\/uploads\/2025\/05\/ecole-benezet2-960x640.jpeg\" alt=\"\" width=\"960\" height=\"640\"\/><br \/>\n    \u00ab\u2009Une cour oasis, c\u2019est bien plus qu\u2019un simple espace vert\u2009\u00bb, \u00e0 l\u2019image de ce potager \u00e0 l\u2019\u00e9cole maternelle de B\u00e9n\u00e9zet (\u00a9L\u00e9a Afonso \/ Actu Toulouse)<\/p>\n<p class=\" wall-content\">Bien souvent, les \u00e9coles disposaient d\u00e9j\u00e0 d\u2019espaces verts\u2026 mais laiss\u00e9s \u00e0 l\u2019abandon. Avec cette nouvelle approche, l\u2019objectif est de les rendre attractifs et fonctionnels pour tous. \u00ab\u2009Les \u00e9l\u00e8ves doivent pouvoir s\u2019y d\u00e9penser, jouer, mais aussi apprendre. C\u2019est pourquoi dans l\u2019\u00e9laboration du projet, nous leur avons demand\u00e9 leur avis, ainsi que celles des \u00e9quipes \u00e9ducatives. Bien s\u00fbr, on a eu des toboggans gigantesques et des cabanes dans les arbres, \u00e7a reste des enfants, mais leurs id\u00e9es nous ont aid\u00e9s\u2009\u00bb, poursuit l\u2019\u00e9lue.<\/p>\n<p class=\" wall-content\">Au total, la mairie de Toulouse a investi <strong>plus de 7,5\u00a0millions d\u2019euros<\/strong> dans ces projets de transformation, hors constructions neuves. <strong>D\u2019ici \u00e0 2026, plus de 120 cours oasis<\/strong> auront vu le jour \u00e0 travers la ville.<\/p>\n<p>Focus sur l\u2019\u00e9cole maternelle de B\u00e9n\u00e9zet<br \/>\n    <img   decoding=\"async\" loading=\"lazy\" src=\"https:\/\/www.europesays.com\/fr\/wp-content\/uploads\/2025\/05\/ecole-benezet3-960x640.jpeg\" alt=\"Des poules et des lapins au milieu de la cour oasis de l'\u00e9cole maternelle de B\u00e9n\u00e9zet \" width=\"960\" height=\"640\"\/><br \/>\n    Des poules et des lapins au milieu de la cour oasis de l\u2019\u00e9cole maternelle de B\u00e9n\u00e9zet (\u00a9L\u00e9a Afonso \/ Actu Toulouse)<\/p>\n<p class=\" wall-content\">Le <strong>groupe scolaire de B\u00e9n\u00e9zet<\/strong>, dans le quartier Croix de Pierre, est \u00e0 l\u2019image de cette nouvelle g\u00e9n\u00e9ration de cours d\u2019\u00e9coles. Parmi les<strong> 13\u00a0millions d\u2019euros<\/strong> investis dans la r\u00e9novation de l\u2019\u00e9tablissement, une part a \u00e9t\u00e9 consacr\u00e9e \u00e0 l\u2019am\u00e9nagement d\u2019une cour oasis.<\/p>\n<p class=\" wall-content\">Ici, ne soyez pas \u00e9tonn\u00e9 d\u2019apercevoir un <strong>lapin<\/strong> ou une <strong>poule<\/strong> se baladant parmi les \u00e9l\u00e8ves. \u00ab\u2009On y trouve un <strong>potager<\/strong> dans lequel poussent fruits et l\u00e9gumes que les enfants peuvent emporter chez eux, des <strong>arbres fruitiers, un compost, un poulailler<\/strong> avec des \u0153ufs frais chaque jour\u2026 et bien s\u00fbr, une belle pelouse agr\u00e9ment\u00e9e de jeux et de tables de pique-nique\u2009\u00bb, d\u00e9crit Marion Lalane-de Laubad\u00e8re.<\/p>\n<p class=\" wall-content\">Un cadre qui fait l\u2019unanimit\u00e9 aupr\u00e8s des quelque 87\u00a0\u00e9l\u00e8ves de l\u2019\u00e9cole, pleinement investis dans leur nouvel environnement.<\/p>\n<p class=\" wall-content\">Suivez toute l\u2019actualit\u00e9 de vos villes et m\u00e9dias favoris en vous inscrivant \u00e0 <a href=\"https:\/\/moncompte.actu.fr\" title=\"D\u00e9couvez Mon Actu\" rel=\"nofollow noopener\" data-trk=\"{&quot;cta&quot;:{&quot;action&quot;:&quot;https:\\\/\\\/moncompte.actu.fr&quot;,&quot;category&quot;:&quot;mon compte&quot;,&quot;from&quot;:&quot;article footer&quot;,&quot;name&quot;:&quot;Mon actu&quot;,&quot;type&quot;:&quot;cta&quot;}}\" target=\"_blank\">Mon Actu<\/a>.<\/p>\n","protected":false},"excerpt":{"rendered":"Par L\u00e9a Afonso Publi\u00e9 le 24 mai 2025 \u00e0 16h20 Souvenez-vous de ces cours d\u2019\u00e9cole enti\u00e8rement recouvertes de&hellip;\n","protected":false},"author":2,"featured_media":124815,"comment_status":"","ping_status":"","sticky":false,"template":"","format":"standard","meta":{"footnotes":""},"categories":[2816],"tags":[1111,11,4019,1057,1777,674,1011,27,12,2680,25,104,2312],"class_list":{"0":"post-124814","1":"post","2":"type-post","3":"status-publish","4":"format-standard","5":"has-post-thumbnail","7":"category-toulouse","8":"tag-actu","9":"tag-actualites","10":"tag-ecoles","11":"tag-education","12":"tag-eu","13":"tag-europe","14":"tag-fr","15":"tag-france","16":"tag-news","17":"tag-occitanie","18":"tag-republique-francaise","19":"tag-societe","20":"tag-toulouse"},"share_on_mastodon":{"url":"https:\/\/pubeurope.com\/@fr\/114563529061875676","error":""},"_links":{"self":[{"href":"https:\/\/www.europesays.com\/fr\/wp-json\/wp\/v2\/posts\/124814","targetHints":{"allow":["GET"]}}],"collection":[{"href":"https:\/\/www.europesays.com\/fr\/wp-json\/wp\/v2\/posts"}],"about":[{"href":"https:\/\/www.europesays.com\/fr\/wp-json\/wp\/v2\/types\/post"}],"author":[{"embeddable":true,"href":"https:\/\/www.europesays.com\/fr\/wp-json\/wp\/v2\/users\/2"}],"replies":[{"embeddable":true,"href":"https:\/\/www.europesays.com\/fr\/wp-json\/wp\/v2\/comments?post=124814"}],"version-history":[{"count":0,"href":"https:\/\/www.europesays.com\/fr\/wp-json\/wp\/v2\/posts\/124814\/revisions"}],"wp:featuredmedia":[{"embeddable":true,"href":"https:\/\/www.europesays.com\/fr\/wp-json\/wp\/v2\/media\/124815"}],"wp:attachment":[{"href":"https:\/\/www.europesays.com\/fr\/wp-json\/wp\/v2\/media?parent=124814"}],"wp:term":[{"taxonomy":"category","embeddable":true,"href":"https:\/\/www.europesays.com\/fr\/wp-json\/wp\/v2\/categories?post=124814"},{"taxonomy":"post_tag","embeddable":true,"href":"https:\/\/www.europesays.com\/fr\/wp-json\/wp\/v2\/tags?post=124814"}],"curies":[{"name":"wp","href":"https:\/\/api.w.org\/{rel}","templated":true}]}}