{"id":124816,"date":"2025-05-24T15:31:11","date_gmt":"2025-05-24T15:31:11","guid":{"rendered":"https:\/\/www.europesays.com\/fr\/124816\/"},"modified":"2025-05-24T15:31:11","modified_gmt":"2025-05-24T15:31:11","slug":"tous-les-dimanches-du-25-mai-au-06-juillet-2025-projections-gratuites-de-films-dans-le-cinema-de-la-gare-saint-sauveur","status":"publish","type":"post","link":"https:\/\/www.europesays.com\/fr\/124816\/","title":{"rendered":"Tous les dimanches du 25 mai au 06 juillet 2025, projections gratuites de films dans le Cin\u00e9ma de la Gare Saint Sauveur"},"content":{"rendered":"<p style=\"text-align: justify;\">Afin de soutenir <strong>une offre cin\u00e9matographique plurielle,<\/strong> <strong>de proximit\u00e9,<\/strong> qui donne<strong> toute sa place aux \u0153uvres exigeantes<\/strong> et aux<strong> publics curieux, l\u2019association Lille Cin\u00e9phile,<\/strong> avec le <strong>soutien de la <\/strong><strong>Ville<\/strong> <strong>de Lille <\/strong>et de <strong>lille3000, <\/strong>propose, d\u00e8s ce <strong>mois de mai 2025,<\/strong> une<strong> programmation festive<\/strong> et <strong>ouverte \u00e0 toutes et tous.<\/strong><\/p>\n<p>La <strong>d\u00e9marche engag\u00e9e <\/strong>par la <strong>Ville de Lille <\/strong>repose sur une<strong> double ambition\u00a0:<\/strong><\/p>\n<p><strong>Renforcer les propositions de cin\u00e9ma <\/strong>dans la<strong> salle municipale de la <\/strong><strong>Gare Saint-Sauveur<\/strong>, \u00e0 travers des <strong>s\u00e9ances dominicales th\u00e9matiques<\/strong> et <strong>festives<\/strong>\u00a0faisant\u00a0la <strong>part belle aux films de r\u00e9pertoire,<\/strong> aux <strong>propositions familiales <\/strong>et au <strong>cin\u00e9ma d\u2019auteur.<\/strong><\/p>\n<p><strong>Faire de cette salle un lieu de rassemblement <\/strong>des <strong>associations cin\u00e9philes locales,<\/strong> leur permettant de proposer des <strong>temps conviviaux destin\u00e9s \u00e0 tous les amoureux de cin\u00e9ma.<\/strong><\/p>\n<p><strong>La programmation :<\/strong><\/p>\n<p><strong>Dimanche 25 mai 2025 \u2013 Let\u2019s get the party started !<\/strong> <br \/>\u2013 14h : Tous en sc\u00e8ne <br \/>\u2013 16h : Que la f\u00eate commence <br \/>\u2013 18h30 : The Party<\/p>\n<p><strong>Dimanche 01 juin 2025 \u2013 Mois des Fiert\u00e9s <\/strong><strong>(carte blanche au distributeur Outplay)<\/strong> <br \/>\u2013 14h30 : Kokon <br \/>\u2013 16h30 : Camila sortira ce soir <br \/>\u2013 18h30 : La Premi\u00e8re Marche<\/p>\n<p><strong>Dimanche 08 juin 2025 \u2013 La f\u00eate de la bouffe<\/strong> <br \/>\u2013 14h : A table\u00a0! <br \/>\u2013 16h : La Grande Bouffe <br \/>\u2013 18h30 : Festen<\/p>\n<p><strong>Dimanche 29 juin 2025 \u2013 Quand la bourgeoisie s\u2019enjaille\u2026<\/strong> <br \/>\u2013 14h : Le Roi et l\u2019Oiseau <br \/>\u2013 15h30 : Casanova <br \/>\u2013 18h15 : Marie-Antoinette<\/p>\n<p><strong>Dimanche 06 juillet \u2013 Holidays !<\/strong> <br \/>\u2013 14h30 : Les Grandes vacances de Cowboy et Indien <br \/>\u2013 16h : Les Vacances de Monsieur Hulot <br \/>\u2013 18h : Dirty Dancing<\/p>\n<p>\u00a0<\/p>\n<p><strong>Infos pratiques<\/strong><br \/><strong><img loading=\"lazy\" decoding=\"async\" class=\"size-full wp-image-45 lazyloaded tie-appear\" src=\"https:\/\/www.europesays.com\/fr\/wp-content\/uploads\/2025\/04\/arrow.png\" alt=\"\" width=\"9\" height=\"9\" data-lazy-src=\"https:\/\/www.europesays.com\/fr\/wp-content\/uploads\/2025\/04\/arrow.png\"\/><\/strong> <strong>Salle de Cin\u00e9ma \u2013 Gare Saint-Sauveur<\/strong><br \/>17, boulevard Jean-Baptiste Lebas \u2013 Lille<\/p>\n<p><strong><img loading=\"lazy\" decoding=\"async\" class=\"size-full wp-image-45 lazyloaded tie-appear\" src=\"https:\/\/www.europesays.com\/fr\/wp-content\/uploads\/2025\/04\/arrow.png\" alt=\"\" width=\"9\" height=\"9\" data-lazy-src=\"https:\/\/www.europesays.com\/fr\/wp-content\/uploads\/2025\/04\/arrow.png\"\/> <\/strong><strong>Tarif : <\/strong>gratuit<\/p>\n<p><strong><img loading=\"lazy\" decoding=\"async\" class=\"size-full wp-image-45 lazyloaded tie-appear\" src=\"https:\/\/www.europesays.com\/fr\/wp-content\/uploads\/2025\/04\/arrow.png\" alt=\"\" width=\"9\" height=\"9\" data-lazy-src=\"https:\/\/www.europesays.com\/fr\/wp-content\/uploads\/2025\/04\/arrow.png\"\/><\/strong> <a href=\"https:\/\/garesaintsauveur.lille3000.com\/\" target=\"_blank\" rel=\"noopener\">Site internet de la Gare Saint Sauveur<\/a><\/p>\n<p><strong><b><img loading=\"lazy\" decoding=\"async\" class=\"size-full wp-image-45 lazyloaded tie-appear\" src=\"https:\/\/www.europesays.com\/fr\/wp-content\/uploads\/2025\/04\/1743937991_452_arrow.png\" alt=\"\" width=\"9\" height=\"9\" data-lazy-src=\"https:\/\/www.europesays.com\/fr\/wp-content\/uploads\/2025\/04\/1743937991_452_arrow.png\"\/><\/b><\/strong> <a href=\"https:\/\/lille3000.com\/\" target=\"_blank\" rel=\"noopener\">Site internet de lille3000<\/a><\/p>\n<p><strong><b><img loading=\"lazy\" decoding=\"async\" class=\"size-full wp-image-45 lazyloaded tie-appear\" src=\"https:\/\/www.europesays.com\/fr\/wp-content\/uploads\/2025\/04\/1743937991_452_arrow.png\" alt=\"\" width=\"9\" height=\"9\" data-lazy-src=\"https:\/\/www.europesays.com\/fr\/wp-content\/uploads\/2025\/04\/1743937991_452_arrow.png\"\/><\/b><\/strong> <a href=\"https:\/\/www.zoomsurlille.fr\/tag\/fiesta\" target=\"_blank\" rel=\"noreferrer noopener\">D\u00e9couvrez nos articles sur FIESTA<\/a><\/p>\n<p class=\"has-text-align-right\">Source : Ville de Lille \/ Photos : \u00a9 Zoom Sur Lille<\/p>\n","protected":false},"excerpt":{"rendered":"Afin de soutenir une offre cin\u00e9matographique plurielle, de proximit\u00e9, qui donne toute sa place aux \u0153uvres exigeantes et&hellip;\n","protected":false},"author":2,"featured_media":124817,"comment_status":"","ping_status":"","sticky":false,"template":"","format":"standard","meta":{"footnotes":""},"categories":[2815],"tags":[1111,11,650,1777,674,1011,27,16874,811,1307,12,13737,25],"class_list":{"0":"post-124816","1":"post","2":"type-post","3":"status-publish","4":"format-standard","5":"has-post-thumbnail","7":"category-lille","8":"tag-actu","9":"tag-actualites","10":"tag-cinema","11":"tag-eu","12":"tag-europe","13":"tag-fr","14":"tag-france","15":"tag-gare-saint-sauveur","16":"tag-hauts-de-france","17":"tag-lille","18":"tag-news","19":"tag-projection","20":"tag-republique-francaise"},"share_on_mastodon":{"url":"https:\/\/pubeurope.com\/@fr\/114563533138186988","error":""},"_links":{"self":[{"href":"https:\/\/www.europesays.com\/fr\/wp-json\/wp\/v2\/posts\/124816","targetHints":{"allow":["GET"]}}],"collection":[{"href":"https:\/\/www.europesays.com\/fr\/wp-json\/wp\/v2\/posts"}],"about":[{"href":"https:\/\/www.europesays.com\/fr\/wp-json\/wp\/v2\/types\/post"}],"author":[{"embeddable":true,"href":"https:\/\/www.europesays.com\/fr\/wp-json\/wp\/v2\/users\/2"}],"replies":[{"embeddable":true,"href":"https:\/\/www.europesays.com\/fr\/wp-json\/wp\/v2\/comments?post=124816"}],"version-history":[{"count":0,"href":"https:\/\/www.europesays.com\/fr\/wp-json\/wp\/v2\/posts\/124816\/revisions"}],"wp:featuredmedia":[{"embeddable":true,"href":"https:\/\/www.europesays.com\/fr\/wp-json\/wp\/v2\/media\/124817"}],"wp:attachment":[{"href":"https:\/\/www.europesays.com\/fr\/wp-json\/wp\/v2\/media?parent=124816"}],"wp:term":[{"taxonomy":"category","embeddable":true,"href":"https:\/\/www.europesays.com\/fr\/wp-json\/wp\/v2\/categories?post=124816"},{"taxonomy":"post_tag","embeddable":true,"href":"https:\/\/www.europesays.com\/fr\/wp-json\/wp\/v2\/tags?post=124816"}],"curies":[{"name":"wp","href":"https:\/\/api.w.org\/{rel}","templated":true}]}}