{"id":124820,"date":"2025-05-24T15:33:13","date_gmt":"2025-05-24T15:33:13","guid":{"rendered":"https:\/\/www.europesays.com\/fr\/124820\/"},"modified":"2025-05-24T15:33:13","modified_gmt":"2025-05-24T15:33:13","slug":"un-homme-vole-des-places-de-concert-et-se-fait-prendre-en-course-poursuite-sur-lautoroute-a-macon","status":"publish","type":"post","link":"https:\/\/www.europesays.com\/fr\/124820\/","title":{"rendered":"un homme vole des places de concert et se fait prendre en course-poursuite sur l&rsquo;autoroute \u00e0 M\u00e2con"},"content":{"rendered":"<p>Tel est pris qui croyait prendre. Ce mercredi 21 mai, \u00e0 M\u00e2con, un homme qui voulait vendre plusieurs places pour le concert de Jul \u00e0 Marseille s&rsquo;est fait voler sont bien. Mais il ne s&rsquo;est pas laiss\u00e9 abattre et a pris en chasse le malfrat sur l&rsquo;autoroute A6 en direction de Lyon, selon les informations du <a href=\"https:\/\/www.leprogres.fr\/faits-divers-justice\/2025\/05\/23\/il-se-fait-derober-ses-places-pour-jul-et-poursuit-le-voleur-sur-l-autoroute-a6#:~:text=Un%20M%C3%A2connais%20qui%20cherchait%20%C3%A0,A6%20en%20direction%20de%20Lyon.\" target=\"_blank\" rel=\"nofollow noopener\">Progr\u00e8s<\/a>.\u00a0<\/p>\n<p>Coordonn\u00e9es GPS transmises \u00e0 la police<\/p>\n<p>La victime, pendant sa course-poursuite, est entr\u00e9e en contact avec les forces de l&rsquo;ordre, transmettant en direct ses donn\u00e9es GPS rapportent nos confr\u00e8res du Journal de Sa\u00f4ne-et-Loire, ce qui a permis l&rsquo;interpellation du voleur. Il s&rsquo;agit d&rsquo;un homme d&rsquo;une \u00e2g\u00e9 d&rsquo;une vingtaine d&rsquo;ann\u00e9es.\u00a0<\/p>\n<p>Jul est un v\u00e9ritable ph\u00e9nom\u00e8ne culturel. Il a d&rsquo;ailleurs allum\u00e9 la flamme olympique \u00e0 Marseille.<\/p>\n","protected":false},"excerpt":{"rendered":"Tel est pris qui croyait prendre. Ce mercredi 21 mai, \u00e0 M\u00e2con, un homme qui voulait vendre plusieurs&hellip;\n","protected":false},"author":2,"featured_media":124821,"comment_status":"","ping_status":"","sticky":false,"template":"","format":"standard","meta":{"footnotes":""},"categories":[2814],"tags":[17,1111,11,1697,251,154,1777,674,1011,27,4933,1279,884,12,18433,882,25,957,9343],"class_list":{"0":"post-124820","1":"post","2":"type-post","3":"status-publish","4":"format-standard","5":"has-post-thumbnail","7":"category-marseille","8":"tag-17","9":"tag-actu","10":"tag-actualites","11":"tag-concert","12":"tag-culture","13":"tag-des","14":"tag-eu","15":"tag-europe","16":"tag-fr","17":"tag-france","18":"tag-homme","19":"tag-jul","20":"tag-marseille","21":"tag-news","22":"tag-places","23":"tag-provence-alpes-cote-dazur","24":"tag-republique-francaise","25":"tag-velodrome","26":"tag-vole"},"share_on_mastodon":{"url":"https:\/\/pubeurope.com\/@fr\/114563540822929561","error":""},"_links":{"self":[{"href":"https:\/\/www.europesays.com\/fr\/wp-json\/wp\/v2\/posts\/124820","targetHints":{"allow":["GET"]}}],"collection":[{"href":"https:\/\/www.europesays.com\/fr\/wp-json\/wp\/v2\/posts"}],"about":[{"href":"https:\/\/www.europesays.com\/fr\/wp-json\/wp\/v2\/types\/post"}],"author":[{"embeddable":true,"href":"https:\/\/www.europesays.com\/fr\/wp-json\/wp\/v2\/users\/2"}],"replies":[{"embeddable":true,"href":"https:\/\/www.europesays.com\/fr\/wp-json\/wp\/v2\/comments?post=124820"}],"version-history":[{"count":0,"href":"https:\/\/www.europesays.com\/fr\/wp-json\/wp\/v2\/posts\/124820\/revisions"}],"wp:featuredmedia":[{"embeddable":true,"href":"https:\/\/www.europesays.com\/fr\/wp-json\/wp\/v2\/media\/124821"}],"wp:attachment":[{"href":"https:\/\/www.europesays.com\/fr\/wp-json\/wp\/v2\/media?parent=124820"}],"wp:term":[{"taxonomy":"category","embeddable":true,"href":"https:\/\/www.europesays.com\/fr\/wp-json\/wp\/v2\/categories?post=124820"},{"taxonomy":"post_tag","embeddable":true,"href":"https:\/\/www.europesays.com\/fr\/wp-json\/wp\/v2\/tags?post=124820"}],"curies":[{"name":"wp","href":"https:\/\/api.w.org\/{rel}","templated":true}]}}