{"id":124828,"date":"2025-05-24T15:39:09","date_gmt":"2025-05-24T15:39:09","guid":{"rendered":"https:\/\/www.europesays.com\/fr\/124828\/"},"modified":"2025-05-24T15:39:09","modified_gmt":"2025-05-24T15:39:09","slug":"je-ne-veux-pas-mourir-sur-scene-pour-ne-pas-faire-pleurer-les-enfants","status":"publish","type":"post","link":"https:\/\/www.europesays.com\/fr\/124828\/","title":{"rendered":"je ne veux pas mourir sur sc\u00e8ne pour ne pas faire pleurer les enfants"},"content":{"rendered":"<p>            Par<br \/>\n        <strong><br \/>\n            <a href=\"https:\/\/actu.fr\/auteur\/thomas-martin\" title=\"Consulter tous les articles de Thomas Martin\" rel=\"nofollow noopener\" target=\"_blank\">Thomas Martin<\/a><br \/>\n        <\/strong><\/p>\n<p>        Publi\u00e9 le<\/p>\n<p>            24 mai 2025 \u00e0 13h02        <\/p>\n<p>Marchande de r\u00eaves des petits devenus grands sur trois g\u00e9n\u00e9rations, <a href=\"https:\/\/actu.fr\/tag\/chantal-goya\" rel=\"nofollow noopener\" target=\"_blank\">Chantal Goya<\/a>, \u00e9ternelle Marie-Rose et cousine de B\u00e9cassine, f\u00eate \u00e0 82 ans ses <strong>cinquante ans de \u00ab\u00a0music-hall pour enfants\u00a0\u00bb<\/strong> avec une grande tourn\u00e9e des Z\u00e9nith, jusqu\u2019en mars.\u00a0 La chanteuse se produira dimanche 25 mai 2025 deux fois \u00e0 guichets ferm\u00e9s, devant 7 000 fans au total, au <a href=\"https:\/\/actu.fr\/ile-de-france\/paris_75056\/les-travaux-ont-dure-trop-longtemps-a-paris-les-boutiques-du-palais-des-congres-regrettent-leurs-clients_62513812.html\" rel=\"nofollow noopener\" target=\"_blank\">Palais des Congr\u00e8s<\/a> de Paris, sa sc\u00e8ne f\u00e9tiche o\u00f9 elle a donn\u00e9 plus de 450 concerts.<\/p>\n<p class=\" wall-content\"><strong>Vous chantez depuis 1975 pour trois g\u00e9n\u00e9rations d\u2019enfants. Quel regard portez-vous sur votre parcours ?<\/strong><\/p>\n<p class=\" wall-content\"><strong>Chantal Goya :<\/strong> Tout est all\u00e9 tr\u00e8s vite et je n\u2019arrive pas \u00e0 r\u00e9aliser. J\u2019ai eu beaucoup de chance. Avec Jean-Jacques (Debout, son \u00e9poux, NDLR), on a cr\u00e9\u00e9 le music-hall pour enfants. Il a eu l\u2019imaginaire que je n\u2019ai pas. Sans lui, le personnage de Marie-Rose n\u2019aurait jamais exist\u00e9. Si je n\u2019avais pas rencontr\u00e9 Jean-Jacques, je n\u2019aurais jamais fait ce m\u00e9tier.<\/p>\n<p class=\" wall-content\"><strong>Comment \u00eates-vous devenue chanteuse ?<\/strong><\/p>\n<p class=\" wall-content\"><strong>CG :<\/strong> Le 10 mai 1975, Jean-Jacques Debout m\u2019a demand\u00e9 au pied lev\u00e9 de remplacer Brigitte Bardot, malade, qui devait participer \u00e0 une \u00e9mission de Maritie et Gilbert Carpentier. Il m\u2019a \u00e9crit la chanson \u00ab\u00a0Adieu les jolis foulards\u00a0\u00bb. Apr\u00e8s l\u2019\u00e9mission, personne n\u2019en voulait pour en faire un disque et finalement, \u00e7a s\u2019est fait. On en a vendu un million ! Brigitte Bardot m\u2019a toujours port\u00e9 chance. Elle m\u2019a donn\u00e9 beaucoup de conseils. Un jour, (la chanteuse) Barbara m\u2019a dit: \u00ab\u00a0Des gens vont se moquer de toi, mais il va falloir que tu t\u2019accroches. Tu vois, tous les petits qui sont l\u00e0, ils seront un jour papa et maman, ils reviendront avec leurs enfants et tu deviendras une institution\u00a0\u00bb. Je ne suis pas \u00e0 la mode dans les m\u00e9dias, mais la plus belle radio, c\u2019est radio papa-maman.<\/p>\n<p class=\" wall-content\"><strong>Vous ne regrettez pas de ne pas avoir fait carri\u00e8re au cin\u00e9ma ?<\/strong><\/p>\n<p class=\" wall-content\"><strong>CG :<\/strong> \u00c0 l\u2019\u00e9poque, je voulais \u00eatre reporter de guerre et pas du tout artiste! Jean-Luc Godard me voulait pour \u00ab\u00a0Masculin F\u00e9minin\u00a0\u00bb. \u00c7a ne s\u2019est pas tr\u00e8s bien pass\u00e9 car je lui ai dit que je n\u2019embrasse personne et que je ne joue pas nue. J\u2019ai quand m\u00eame fait le film jusqu\u2019au bout, \u00e0 mes conditions. Il m\u2019a dit : \u00ab\u00a0Vous ne serez jamais une vedette!\u00a0\u00bb. Je lui ai r\u00e9pondu: \u00ab\u00a0Je m\u2019en fous. J\u2019ai une Vedette \u00e0 la maison, ma machine \u00e0 laver !\u00a0\u00bb<\/p>\n<p class=\" wall-content\"><strong>Vous \u00eates souvent d\u00e9cri\u00e9e voire moqu\u00e9e. Comment le vivez-vous ?<\/strong><br \/><strong>CG :<\/strong> Je m\u2019en fous compl\u00e8tement ! Je suis une toile cir\u00e9e sur qui tout glisse! C\u2019est ma force. J\u2019ai un tr\u00e8s fort caract\u00e8re, comme l\u2019avait ma m\u00e8re. Donc je me d\u00e9fendrai toute ma vie!<\/p>\n<p>Vid\u00e9os : en ce moment sur Actu<\/p>\n<p class=\" wall-content\"><strong>Connaissez-vous le trac ?<\/strong><\/p>\n<p class=\" wall-content\"><strong>CG :<\/strong> Pas du tout, au contraire. Chaque spectacle est une f\u00eate et je suis tr\u00e8s contente. Vous savez, le public, c\u2019est ma famille. Quand je vais voir quelqu\u2019un de ma famille, je suis la plus heureuse. Pour cette tourn\u00e9e anniversaire, je suis \u00e9mue. Mais je m\u2019interdis de pleurer, sinon tout le monde va pleurer.<\/p>\n<p class=\" wall-content\"><strong>\u00c0 quoi va ressembler votre jubil\u00e9 sur sc\u00e8ne \u00e0 Paris et en tourn\u00e9e ?<\/strong><\/p>\n<p class=\" wall-content\"><strong>CG :<\/strong> Je serai accompagn\u00e9e de douze danseuses et dix enfants. Ce sera un m\u00e9lange de mes grands spectacles, \u00ab\u00a0Le soulier qui vole\u00a0\u00bb, \u00ab\u00a0La plan\u00e8te merveilleuse\u00a0\u00bb, \u00ab\u00a0Le myst\u00e9rieux voyage\u00a0\u00bb et \u00ab\u00a0L\u2019\u00e9trange histoire du ch\u00e2teau hant\u00e9\u00a0\u00bb. Jean-Jacques m\u2019a \u00e9crit deux nouvelles chansons, \u00ab\u00a050 ans d\u2019amour\u00a0\u00bb et \u00ab\u00a0Ainsi\u00a0\u00bb, qui racontent ma vie en trois minutes.<\/p>\n<p class=\" wall-content\"><strong>Qu\u2019allez-vous dire \u00e0 votre public ?<\/strong><\/p>\n<p class=\" wall-content\"><strong>CG :<\/strong> Je ne saurai comment le remercier de m\u2019avoir un jour choisi pour donner du r\u00eave, en le transmettant \u00e0 leurs enfants et petits-enfants. Le spectacle est aussi dans la salle: les enfants viennent d\u00e9guis\u00e9s en lapin, en chat bott\u00e9 ou en B\u00e9cassine et je les invite sur sc\u00e8ne. C\u2019est merveilleux!<\/p>\n<p class=\" wall-content\"><strong>Vous f\u00eaterez vos 83 ans le 10 juin. Pensez-vous \u00e0 la retraite ?<\/strong><\/p>\n<p class=\" wall-content\"><strong>CG :<\/strong> Je ne connais que la retraite aux flambeaux ! Je n\u2019ai pas fini ! J\u2019ai tellement d\u2019id\u00e9es dans la t\u00eate. Depuis toujours, j\u2019ai la niaque et j\u2019ai la chance d\u2019\u00eatre en bonne sant\u00e9. Mes danseuses de 25 ans me demandent comment je fais car j\u2019ai l\u2019\u00e2ge de leur grand-m\u00e8re. Je ne veux pas mourir sur sc\u00e8ne pour ne pas faire pleurer les petits enfants.<\/p>\n<p class=\" wall-content\"><strong>Avec AFP<\/strong><\/p>\n<p class=\" wall-content\">Suivez toute l\u2019actualit\u00e9 de vos villes et m\u00e9dias favoris en vous inscrivant \u00e0 <a href=\"https:\/\/moncompte.actu.fr\" title=\"D\u00e9couvez Mon Actu\" rel=\"nofollow noopener\" data-trk=\"{&quot;cta&quot;:{&quot;action&quot;:&quot;https:\\\/\\\/moncompte.actu.fr&quot;,&quot;category&quot;:&quot;mon compte&quot;,&quot;from&quot;:&quot;article footer&quot;,&quot;name&quot;:&quot;Mon actu&quot;,&quot;type&quot;:&quot;cta&quot;}}\" target=\"_blank\">Mon Actu<\/a>.<\/p>\n","protected":false},"excerpt":{"rendered":"Par Thomas Martin Publi\u00e9 le 24 mai 2025 \u00e0 13h02 Marchande de r\u00eaves des petits devenus grands sur&hellip;\n","protected":false},"author":2,"featured_media":124829,"comment_status":"","ping_status":"","sticky":false,"template":"","format":"standard","meta":{"footnotes":""},"categories":[1888],"tags":[1111,1928,11,1927,14397,1697,1777,674,1011,27,1652,12,1926,626,1925,973,25],"class_list":{"0":"post-124828","1":"post","2":"type-post","3":"status-publish","4":"format-standard","5":"has-post-thumbnail","7":"category-paris","8":"tag-actu","9":"tag-actu-paris","10":"tag-actualites","11":"tag-actualites-paris","12":"tag-chantal-goya","13":"tag-concert","14":"tag-eu","15":"tag-europe","16":"tag-fr","17":"tag-france","18":"tag-loisirs-culture","19":"tag-news","20":"tag-news-paris","21":"tag-paris","22":"tag-paris-news","23":"tag-people","24":"tag-republique-francaise"},"share_on_mastodon":{"url":"https:\/\/pubeurope.com\/@fr\/114563564391367786","error":""},"_links":{"self":[{"href":"https:\/\/www.europesays.com\/fr\/wp-json\/wp\/v2\/posts\/124828","targetHints":{"allow":["GET"]}}],"collection":[{"href":"https:\/\/www.europesays.com\/fr\/wp-json\/wp\/v2\/posts"}],"about":[{"href":"https:\/\/www.europesays.com\/fr\/wp-json\/wp\/v2\/types\/post"}],"author":[{"embeddable":true,"href":"https:\/\/www.europesays.com\/fr\/wp-json\/wp\/v2\/users\/2"}],"replies":[{"embeddable":true,"href":"https:\/\/www.europesays.com\/fr\/wp-json\/wp\/v2\/comments?post=124828"}],"version-history":[{"count":0,"href":"https:\/\/www.europesays.com\/fr\/wp-json\/wp\/v2\/posts\/124828\/revisions"}],"wp:featuredmedia":[{"embeddable":true,"href":"https:\/\/www.europesays.com\/fr\/wp-json\/wp\/v2\/media\/124829"}],"wp:attachment":[{"href":"https:\/\/www.europesays.com\/fr\/wp-json\/wp\/v2\/media?parent=124828"}],"wp:term":[{"taxonomy":"category","embeddable":true,"href":"https:\/\/www.europesays.com\/fr\/wp-json\/wp\/v2\/categories?post=124828"},{"taxonomy":"post_tag","embeddable":true,"href":"https:\/\/www.europesays.com\/fr\/wp-json\/wp\/v2\/tags?post=124828"}],"curies":[{"name":"wp","href":"https:\/\/api.w.org\/{rel}","templated":true}]}}