{"id":124833,"date":"2025-05-24T15:42:08","date_gmt":"2025-05-24T15:42:08","guid":{"rendered":"https:\/\/www.europesays.com\/fr\/124833\/"},"modified":"2025-05-24T15:42:08","modified_gmt":"2025-05-24T15:42:08","slug":"opinion-sauvons-le-paris-de-la-science-avant-quil-ne-soit-trop-tard","status":"publish","type":"post","link":"https:\/\/www.europesays.com\/fr\/124833\/","title":{"rendered":"OPINION. \u00ab Sauvons le Paris de la science avant qu&rsquo;il ne soit trop tard\u00a0! \u00bb"},"content":{"rendered":"<p>Comment expliquer un tel d\u00e9classement et d\u00e9samour des chercheurs pour Paris ? Par un cadre de vie parisien devenu trop contraignant pour les chercheurs. Face au co\u00fbt prohibitif du logement, totalement d\u00e9connect\u00e9 des r\u00e9mun\u00e9rations propos\u00e9es dans la recherche publique, nombreux sont les jeunes docteurs ou postdoctorants qui pr\u00e9f\u00e8rent partir \u00e0 l&rsquo;\u00e9tranger ou s&rsquo;installer en r\u00e9gion, o\u00f9 les conditions mat\u00e9rielles s&rsquo;av\u00e8rent plus favorables.<\/p>\n<p>Pendant ce temps, \u00e0 l&rsquo;international, la dynamique s&rsquo;inverse. Berlin, Barcelone, Montr\u00e9al, Toronto ou encore l&rsquo;\u00e9tat de Californie misent r\u00e9solument sur la recherche : logements pour scientifiques, budgets municipaux et r\u00e9gionaux d\u00e9di\u00e9s ou encore cr\u00e9dit d&rsquo;amor\u00e7age pour les jeunes \u00e9quipes.<\/p>\n<p>Dans ce contexte, croire que la France et Paris pourraient ais\u00e9ment capter les talents internationaux rel\u00e8ve du v\u0153u pieux. La faiblesse structurelle des r\u00e9mun\u00e9rations dans la recherche fran\u00e7aise, notamment pour les profils confirm\u00e9s, constitue un obstacle majeur. \u00c0 Paris, le tableau est particuli\u00e8rement pr\u00e9occupant. Dans un contexte de rar\u00e9faction des financements pour les \u00e9quipes, le message implicite est clair : \u00ab cherchez ailleurs \u00bb.<\/p>\n<p>Tandis que le sommet\u00a0Choose Europe for Science\u00a0rappelle l&rsquo;urgence d&rsquo;agir, notre capitale doit s&rsquo;imposer comme un moteur de l&rsquo;innovation. \u00c0 ce titre, la Mairie de Paris, pr\u00e9sente au Conseil de surveillance de l&rsquo;AP-HP (Assistance publique-H\u00f4pitaux de Paris), a un r\u00f4le d\u00e9terminant \u00e0 jouer pour soutenir la recherche notamment hospitalo-universitaire et garantir \u00e0 Paris des conditions dignes d&rsquo;un grand p\u00f4le scientifique mondial. Si nous n&rsquo;agissons pas maintenant, l&rsquo;innovation de rupture s&rsquo;\u00e9panouira ailleurs.<\/p>\n<p><strong>Pour inverser cette tendance, il est imp\u00e9ratif de lancer une reconqu\u00eate scientifique de la capitale.<\/strong><\/p>\n<p>C&rsquo;est pourquoi nous d\u00e9fendons la cr\u00e9ation d&rsquo;un v\u00e9ritable\u00a0<strong>p\u00f4le municipal de recherche et d&rsquo;innovation publique<\/strong>, directement soutenu par la mairie de Paris. Ce p\u00f4le serait dot\u00e9 d&rsquo;un\u00a0<strong>conseil scientifique ind\u00e9pendant<\/strong>, charg\u00e9 de faire le lien entre la recherche acad\u00e9mique, les universit\u00e9s, les \u00e9tablissements publics de recherche (Inserm, CNRS, etc.) et les acteurs locaux. Il aurait pour mission de renforcer l&rsquo;accompagnement des laboratoires, de cr\u00e9er des conditions de travail attractives, de favoriser les coop\u00e9rations interdisciplinaires, mais aussi \u2014 et surtout \u2014\u00a0<strong>d&rsquo;accompagner les jeunes \u00e9quipes et les chercheurs postdoctoraux d\u00e9sireux de s&rsquo;installer ou de revenir \u00e0 Paris<\/strong>. Il leur fournirait des moyens concrets pour pr\u00e9parer sereinement les concours nationaux (Inserm, CNRS, etc.) et les projets de recherche comp\u00e9titifs comme les appels \u00e0 l&rsquo;Agence nationale de la recherche, o\u00f9 les r\u00e9sultats pr\u00e9liminaires sont d\u00e9cisifs. Ce soutien cibl\u00e9 serait un levier puissant pour ins\u00e9rer dans le tissu acad\u00e9mique parisien une g\u00e9n\u00e9ration de jeunes chercheurs aujourd&rsquo;hui en suspens.<\/p>\n<p><strong>Cette strat\u00e9gie doit imp\u00e9rativement s&rsquo;accompagner d&rsquo;une politique ambitieuse de\u00a0logement pour les chercheurs.<\/strong> Chaque jeune chercheur recrut\u00e9 \u00e0 Paris, qu&rsquo;il soit universitaire ou issu d&rsquo;un organisme public, devrait pouvoir b\u00e9n\u00e9ficier d&rsquo;un acc\u00e8s prioritaire \u00e0 un logement adapt\u00e9 et abordable. Des initiatives existent d\u00e9j\u00e0 mais elles sont largement insuffisantes. Pour cela, la Ville et les acteurs publics doivent revoir l&rsquo;affectation de leur patrimoine immobilier, aujourd&rsquo;hui trop souvent c\u00e9d\u00e9 au secteur priv\u00e9 sans tenir compte des besoins de la communaut\u00e9 scientifique.<\/p>\n<p>\u00c0 l&rsquo;heure o\u00f9 la d\u00e9sinformation scientifique prosp\u00e8re, notamment en mati\u00e8re de sant\u00e9 et d&rsquo;environnement, la recherche et l&rsquo;innovation ne sont pas seulement des leviers de progr\u00e8s : elles sont des remparts essentiels contre les d\u00e9rives de l&rsquo;opinion et la d\u00e9fiance envers le savoir. Paris, capitale culturelle et intellectuelle, a la responsabilit\u00e9 de faire rayonner une science accessible, rigoureuse et partag\u00e9e. <strong>La Ville de Paris doit devenir un acteur central de cette \u00e9quation, en soutenant non seulement les lieux de production de la recherche, mais aussi sa diffusion aupr\u00e8s des citoyens.<\/strong> Encourager les liens entre laboratoires, \u00e9coles, biblioth\u00e8ques, h\u00f4pitaux et lieux de vie, c&rsquo;est renforcer le pacte d\u00e9mocratique autour de la science.<\/p>\n<p>Sans chercheurs, il n&rsquo;y a pas d&rsquo;innovation. Sans innovation, il n&rsquo;y a pas de r\u00e9ponses aux d\u00e9fis sociaux, sanitaires ou climatiques. <strong>Redonner \u00e0 Paris une ambition scientifique devient un imp\u00e9ratif d\u00e9mocratique.<\/strong><\/p>\n<p>(*)<strong> Pierre Yves Bournazel,\u00a0<\/strong>Conseiller de Paris, D\u00e9put\u00e9 de Paris (2017-2022) et vice-pr\u00e9sident de la commission des affaires culturelles et de l&rsquo;\u00e9ducation \u00e0 l&rsquo;Assembl\u00e9e nationale.<\/p>\n<p><strong>David Smadja,\u00a0<\/strong>Professeur d&rsquo;H\u00e9matologie, Universit\u00e9 Paris cite et H\u00f4pital europ\u00e9en Georges Pompidou. Directeur d&rsquo;une \u00e9quipe de recherche au \u00ab\u00a0Paris Cardiovascular Research Center\u00a0\u00bb<\/p>\n<p class=\"rev-margin-0 rev-text-xs-bold !text-lt-neutral-30 mt-[32px]\">Pierre Yves Bournazel et David Smadja<\/p>\n","protected":false},"excerpt":{"rendered":"Comment expliquer un tel d\u00e9classement et d\u00e9samour des chercheurs pour Paris ? Par un cadre de vie parisien&hellip;\n","protected":false},"author":2,"featured_media":124834,"comment_status":"","ping_status":"","sticky":false,"template":"","format":"standard","meta":{"footnotes":""},"categories":[1888],"tags":[17,11,3917,1777,674,1011,27,12,4536,1427,626,18017,25,24757,43,24758],"class_list":{"0":"post-124833","1":"post","2":"type-post","3":"status-publish","4":"format-standard","5":"has-post-thumbnail","7":"category-paris","8":"tag-17","9":"tag-actualites","10":"tag-avant","11":"tag-eu","12":"tag-europe","13":"tag-fr","14":"tag-france","15":"tag-news","16":"tag-opinion","17":"tag-opinions","18":"tag-paris","19":"tag-quil","20":"tag-republique-francaise","21":"tag-sauvons","22":"tag-science","23":"tag-soit"},"share_on_mastodon":{"url":"https:\/\/pubeurope.com\/@fr\/114563576224858165","error":""},"_links":{"self":[{"href":"https:\/\/www.europesays.com\/fr\/wp-json\/wp\/v2\/posts\/124833","targetHints":{"allow":["GET"]}}],"collection":[{"href":"https:\/\/www.europesays.com\/fr\/wp-json\/wp\/v2\/posts"}],"about":[{"href":"https:\/\/www.europesays.com\/fr\/wp-json\/wp\/v2\/types\/post"}],"author":[{"embeddable":true,"href":"https:\/\/www.europesays.com\/fr\/wp-json\/wp\/v2\/users\/2"}],"replies":[{"embeddable":true,"href":"https:\/\/www.europesays.com\/fr\/wp-json\/wp\/v2\/comments?post=124833"}],"version-history":[{"count":0,"href":"https:\/\/www.europesays.com\/fr\/wp-json\/wp\/v2\/posts\/124833\/revisions"}],"wp:featuredmedia":[{"embeddable":true,"href":"https:\/\/www.europesays.com\/fr\/wp-json\/wp\/v2\/media\/124834"}],"wp:attachment":[{"href":"https:\/\/www.europesays.com\/fr\/wp-json\/wp\/v2\/media?parent=124833"}],"wp:term":[{"taxonomy":"category","embeddable":true,"href":"https:\/\/www.europesays.com\/fr\/wp-json\/wp\/v2\/categories?post=124833"},{"taxonomy":"post_tag","embeddable":true,"href":"https:\/\/www.europesays.com\/fr\/wp-json\/wp\/v2\/tags?post=124833"}],"curies":[{"name":"wp","href":"https:\/\/api.w.org\/{rel}","templated":true}]}}