{"id":124851,"date":"2025-05-24T15:51:09","date_gmt":"2025-05-24T15:51:09","guid":{"rendered":"https:\/\/www.europesays.com\/fr\/124851\/"},"modified":"2025-05-24T15:51:09","modified_gmt":"2025-05-24T15:51:09","slug":"lactivite-a-labattoir-de-meaux-suspendue-apres-la-diffusion-dune-video-de-l214","status":"publish","type":"post","link":"https:\/\/www.europesays.com\/fr\/124851\/","title":{"rendered":"l&rsquo;activit\u00e9 \u00e0 l&rsquo;abattoir de Meaux suspendue apr\u00e8s la diffusion d\u2019une vid\u00e9o de L214"},"content":{"rendered":"<p>                             Par Le Figaro avec AFP<\/p>\n<p>                Il y a 9 minutes<\/p>\n<p>\u00a0\u00bb<br \/>\n        data-script=\u00a0\u00bbhttps:\/\/static.lefigaro.fr\/widget-video\/short-ttl\/video\/index.js\u00a0\u00bb<br \/>\n    &gt;<\/p>\n<p>L\u2019association de d\u00e9fense animale avait d\u00e9j\u00e0 annonc\u00e9 jeudi avoir port\u00e9 plainte pour \u00abs\u00e9vices graves, actes de cruaut\u00e9 et mauvais traitements\u00bb.<\/p>\n<p class=\"fig-paragraph\">La pr\u00e9fecture de Seine-et-Marne a d\u00e9cid\u00e9 de suspendre l&rsquo;activit\u00e9 de l&rsquo;abattoir de Meaux\u00a0<a href=\"http:\/\/www.lefigaro.fr\/conjoncture\/egorgements-laborieux-animaux-decoupes-vivants-un-abattoir-halal-de-meaux-vise-par-une-plainte-pour-maltraitance-animale-20250522\" data-fig-type=\"Article\" data-gtm-custom-categorie=\"navigation\" data-gtm-custom-action=\"crossclick\" data-gtm-custom-label=\"Contextuel\" data-gtm-event=\"customEventSPE\" data-fig-domain=\"LEFIGARO\" rel=\"nofollow noopener\" target=\"_blank\">apr\u00e8s la diffusion d&rsquo;une vid\u00e9o par l&rsquo;association L214<\/a>\u00a0montrant \u00abdes mauvais traitements \u00e0 l&rsquo;origine de souffrances \u00e9vitables\u00bb caus\u00e9es aux animaux, selon un arr\u00eat\u00e9 consult\u00e9 samedi. La vid\u00e9o qui a \u00e9t\u00e9 transmise aux autorit\u00e9s \u00abmontre une perte de ma\u00eetrise des conditions d&rsquo;amen\u00e9e, d&rsquo;immobilisation, de saign\u00e9e, d&rsquo;abattage et de hissage des animaux des esp\u00e8ces ovine et bovine\u00bb, indique la pr\u00e9fecture dans cet arr\u00eat\u00e9 pris vendredi. Il est \u00e9galement signal\u00e9 l&rsquo;utilisation d&rsquo;\u00e9quipements non adapt\u00e9s aux gabarits de certaines b\u00eates qui \u00abcontribuent aux mauvais traitements\u00bb.<\/p>\n<p class=\"fig-paragraph\">L&rsquo;activit\u00e9 ne pourra reprendre dans cet abattoir qu&rsquo;une fois que tous les employ\u00e9s travaillant au contact des animaux vivants auront suivi \u00abune nouvelle session de formation \u00e0 la protection animale\u00bb et que la ma\u00eetrise de l&rsquo;activit\u00e9 y sera constat\u00e9e par la direction d\u00e9partementale de la protection des populations. Il est \u00e9galement exig\u00e9 la mise en place de mat\u00e9riels adapt\u00e9s aux gabarits des animaux.<\/p>\n<p>Une vid\u00e9o \u00e0 l\u2019origine de la fermeture du site<\/p>\n<p class=\"fig-paragraph\">Jeudi, L214 a publi\u00e9 une vid\u00e9o compilant des images tourn\u00e9es entre le 10 mars et le 1er avril dans cet abattoir sp\u00e9cialis\u00e9 dans l&rsquo;abattage rituel halal de moutons et de bovins, d\u00e9non\u00e7ant une situation \u00abchaotique\u00bb. Le lendemain, le certificateur halal AVS a annonc\u00e9 \u00absuspendre\u00bb ses activit\u00e9s dans l&rsquo;\u00e9tablissement.<\/p>\n<p class=\"fig-paragraph\">\u00abLes images pr\u00e9sent\u00e9es sont choquantes et les faits r\u00e9v\u00e9l\u00e9s doivent \u00eatre fermement condamn\u00e9s\u00bb, a \u00e9crit l&rsquo;organisme dans un communiqu\u00e9 publi\u00e9 sur son site internet. \u00abNous prenons la d\u00e9cision de suspendre imm\u00e9diatement nos interventions dans cet abattoir\u00bb, a poursuivi cet acteur majeur du halal en France, soulignant que ses \u00e9quipes ne travaillent que deux jours par semaine dans cet \u00e9tablissement.<\/p>\n<p class=\"fig-paragraph\">Mercredi, veille de la diffusion de ses images, l&rsquo;association L214 affirme avoir d\u00e9pos\u00e9 plainte aupr\u00e8s du procureur de Melun pour cruaut\u00e9, s\u00e9vices graves et mauvais traitements. Contact\u00e9, le parquet n&rsquo;a pas donn\u00e9 suite. L214, qui demande la fermeture de l&rsquo;abattoir, d\u00e9crit des saign\u00e9es qui se font \u00abpar cisaillements\u00bb, des animaux suspendus \u00absyst\u00e9matiquement encore sensibles et conscients\u00bb, ainsi que des bovins \u00abparfois d\u00e9coup\u00e9s encore vivants\u00bb.<\/p>\n","protected":false},"excerpt":{"rendered":"Par Le Figaro avec AFP Il y a 9 minutes \u00a0\u00bb data-script=\u00a0\u00bbhttps:\/\/static.lefigaro.fr\/widget-video\/short-ttl\/video\/index.js\u00a0\u00bb &gt; L\u2019association de d\u00e9fense animale avait&hellip;\n","protected":false},"author":2,"featured_media":124852,"comment_status":"","ping_status":"","sticky":false,"template":"","format":"standard","meta":{"footnotes":""},"categories":[2],"tags":[631,627,630,11,340,398,343,634,405,629,636,33,632,638,1011,27,637,399,13905,639,6795,635,12,25,401,628,633,407],"class_list":{"0":"post-124851","1":"post","2":"type-post","3":"status-publish","4":"format-standard","5":"has-post-thumbnail","7":"category-actualites","8":"tag-action","9":"tag-actions-francaise","10":"tag-actualite-bourse","11":"tag-actualites","12":"tag-bourse","13":"tag-bourse-de-paris","14":"tag-cac-40","15":"tag-cotation","16":"tag-cotations","17":"tag-cours-des-societes-francaises","18":"tag-devises","19":"tag-economie","20":"tag-fcp","21":"tag-figaro","22":"tag-fr","23":"tag-france","24":"tag-indices","25":"tag-investissement","26":"tag-l214","27":"tag-le-figaro","28":"tag-maltraitance-animale","29":"tag-marches","30":"tag-news","31":"tag-republique-francaise","32":"tag-sicav","33":"tag-societes-etrangeres","34":"tag-warrant","35":"tag-warrants"},"share_on_mastodon":{"url":"https:\/\/pubeurope.com\/@fr\/114563611646441338","error":""},"_links":{"self":[{"href":"https:\/\/www.europesays.com\/fr\/wp-json\/wp\/v2\/posts\/124851","targetHints":{"allow":["GET"]}}],"collection":[{"href":"https:\/\/www.europesays.com\/fr\/wp-json\/wp\/v2\/posts"}],"about":[{"href":"https:\/\/www.europesays.com\/fr\/wp-json\/wp\/v2\/types\/post"}],"author":[{"embeddable":true,"href":"https:\/\/www.europesays.com\/fr\/wp-json\/wp\/v2\/users\/2"}],"replies":[{"embeddable":true,"href":"https:\/\/www.europesays.com\/fr\/wp-json\/wp\/v2\/comments?post=124851"}],"version-history":[{"count":0,"href":"https:\/\/www.europesays.com\/fr\/wp-json\/wp\/v2\/posts\/124851\/revisions"}],"wp:featuredmedia":[{"embeddable":true,"href":"https:\/\/www.europesays.com\/fr\/wp-json\/wp\/v2\/media\/124852"}],"wp:attachment":[{"href":"https:\/\/www.europesays.com\/fr\/wp-json\/wp\/v2\/media?parent=124851"}],"wp:term":[{"taxonomy":"category","embeddable":true,"href":"https:\/\/www.europesays.com\/fr\/wp-json\/wp\/v2\/categories?post=124851"},{"taxonomy":"post_tag","embeddable":true,"href":"https:\/\/www.europesays.com\/fr\/wp-json\/wp\/v2\/tags?post=124851"}],"curies":[{"name":"wp","href":"https:\/\/api.w.org\/{rel}","templated":true}]}}