{"id":124861,"date":"2025-05-24T15:58:08","date_gmt":"2025-05-24T15:58:08","guid":{"rendered":"https:\/\/www.europesays.com\/fr\/124861\/"},"modified":"2025-05-24T15:58:08","modified_gmt":"2025-05-24T15:58:08","slug":"canet-de-la-q1-a-la-pole","status":"publish","type":"post","link":"https:\/\/www.europesays.com\/fr\/124861\/","title":{"rendered":"Canet, de la Q1 \u00e0 la pole"},"content":{"rendered":"<p>                Gonz\u00e1lez battu<\/p>\n<p>Les acteurs de la cat\u00e9gorie interm\u00e9diaire \u00e9taient \u00e0 Silverstone ce samedi pour disputer la FP2 et les qualifications du Grand Prix Tissot du Royaume-Uni. Pass\u00e9 par la Q1 apr\u00e8s une chute en Practice hier apr\u00e8s-midi, Ar\u00f3n Canet (Fantic Racing LINO SONEGO) d\u00e9croche finalement sa premi\u00e8re pole position de la saison gr\u00e2ce \u00e0 un tour boucl\u00e9 en <strong>2&rsquo;02.482<\/strong>. Le natif de Corbera devance le quasi-intouchable Manuel Gonz\u00e1lez (Liqui Moly Dynavolt Intact GP), deuxi\u00e8me, qui s&rsquo;incline pour un dixi\u00e8me et demi. Le leader du Championnat du Monde partira aux c\u00f4t\u00e9s du jeune Diogo Moreira (Italtrans Racing Team), qui s&rsquo;offre une honorable premi\u00e8re ligne.<\/p>\n<p>Alonso vers un premier podium\u00a0?<\/p>\n<p>Autre rescap\u00e9 d&rsquo;une Q1 particuli\u00e8rement relev\u00e9e, David Alonso (CFMOTO Aspar Team) r\u00e9alise le quatri\u00e8me temps de cette s\u00e9ance et peut esp\u00e9rer monter sur son premier podium en Moto2\u2122. Le Colombien est suivi de pr\u00e8s par Senna Agius (Liqui Moly Dynavolt Intact GP) ainsi que Marcos Ram\u00edrez (OnlyFans American Racing Team), lui aussi pass\u00e9 par les rep\u00eachages. R\u00e9guli\u00e8rement aux avant-postes et m\u00eame en bataille pour la victoire au Mans, Barry Baltus (Fantic Racing LINO SONEGO) s&rsquo;\u00e9lancera depuis la septi\u00e8me position demain \u00e0 Silverstone.<\/p>\n<p>Dixon loin du compte<\/p>\n<p>Le pilote belge devra batailler pour remonter sur les cadors mais \u00e9galement r\u00e9sister \u00e0 Izan Guevara (BLU CRU Pramac Yamaha Moto2\u2122), qui se classe huiti\u00e8me. Le rookie Daniel Holgado (CFMOTO Aspar Team) est neuvi\u00e8me devant Alonso L\u00f3pez (SUP Racing), dernier rescap\u00e9 de la Q1. Vainqueur devant son public l&rsquo;an dernier, Jake Dixon (ELF Marc VDS Racing Team) est 13e sur la grille. On notera \u00e9galement les chutes d&rsquo;Ayumu Sasaki (RW \u2013 Idrofoglia Racing GP) et de Deniz \u00d6nc\u00fc (Red Bull KTM Ajo).<\/p>\n<p>La course Moto2\u2122 du Grand Prix du Royaume-Uni aura lieu \u00e0 12h15 ce dimanche.<\/p>\n<p>\n                                Aron Canet, Fantic Racing Lino Sonego, Tissot Grand Prix of the United Kingdom\n                        <\/p>\n<p>\n                                Aron Canet, Fantic Racing Lino Sonego, Tissot Grand Prix of the United Kingdom\n                        <\/p>\n<p>\n                                MotoGP\u2122, Parc Ferme, QP, Tissot Grand Prix of the United Kingdom\n                        <\/p>\n<p>\n                                Aron Canet, Fantic Racing Lino Sonego, Tissot Grand Prix of the United Kingdom\n                        <\/p>\n<p>\n                                Manuel Gonzalez, LIQUI MOLY Dynavolt Intact GP, Tissot Grand Prix of the United Kingdom\n                        <\/p>\n<p>\n                                Diogo Moreira, Italtrans Racing Team, Tissot Grand Prix of the United Kingdom\n                        <\/p>\n<p>\n                                Aron Canet, Fantic Racing Lino Sonego, Tissot Grand Prix of the United Kingdom\n                        <\/p>\n<p>Cliquez <a href=\"https:\/\/www.motogp.com\/fr\/gp-results\/2025\/gbr\/moto2\/q2\/classification\" rel=\"nofollow noopener\" target=\"_blank\">ici<\/a> pour acc\u00e9der aux r\u00e9sultats.<\/p>\n","protected":false},"excerpt":{"rendered":"Gonz\u00e1lez battu Les acteurs de la cat\u00e9gorie interm\u00e9diaire \u00e9taient \u00e0 Silverstone ce samedi pour disputer la FP2 et&hellip;\n","protected":false},"author":2,"featured_media":124862,"comment_status":"","ping_status":"","sticky":false,"template":"","format":"standard","meta":{"footnotes":""},"categories":[1413],"tags":[1011,27,1457,1456,60,2032],"class_list":{"0":"post-124861","1":"post","2":"type-post","3":"status-publish","4":"format-standard","5":"has-post-thumbnail","7":"category-moto","8":"tag-fr","9":"tag-france","10":"tag-moto","11":"tag-motocycle","12":"tag-sports","13":"tag-text"},"share_on_mastodon":{"url":"https:\/\/pubeurope.com\/@fr\/114563639235205936","error":""},"_links":{"self":[{"href":"https:\/\/www.europesays.com\/fr\/wp-json\/wp\/v2\/posts\/124861","targetHints":{"allow":["GET"]}}],"collection":[{"href":"https:\/\/www.europesays.com\/fr\/wp-json\/wp\/v2\/posts"}],"about":[{"href":"https:\/\/www.europesays.com\/fr\/wp-json\/wp\/v2\/types\/post"}],"author":[{"embeddable":true,"href":"https:\/\/www.europesays.com\/fr\/wp-json\/wp\/v2\/users\/2"}],"replies":[{"embeddable":true,"href":"https:\/\/www.europesays.com\/fr\/wp-json\/wp\/v2\/comments?post=124861"}],"version-history":[{"count":0,"href":"https:\/\/www.europesays.com\/fr\/wp-json\/wp\/v2\/posts\/124861\/revisions"}],"wp:featuredmedia":[{"embeddable":true,"href":"https:\/\/www.europesays.com\/fr\/wp-json\/wp\/v2\/media\/124862"}],"wp:attachment":[{"href":"https:\/\/www.europesays.com\/fr\/wp-json\/wp\/v2\/media?parent=124861"}],"wp:term":[{"taxonomy":"category","embeddable":true,"href":"https:\/\/www.europesays.com\/fr\/wp-json\/wp\/v2\/categories?post=124861"},{"taxonomy":"post_tag","embeddable":true,"href":"https:\/\/www.europesays.com\/fr\/wp-json\/wp\/v2\/tags?post=124861"}],"curies":[{"name":"wp","href":"https:\/\/api.w.org\/{rel}","templated":true}]}}