{"id":124865,"date":"2025-05-24T16:00:09","date_gmt":"2025-05-24T16:00:09","guid":{"rendered":"https:\/\/www.europesays.com\/fr\/124865\/"},"modified":"2025-05-24T16:00:09","modified_gmt":"2025-05-24T16:00:09","slug":"giro-kasper-asgreen-sadjuge-la-14eme-etape-en-costaud-pas-mal-de-changement-au-classement-general","status":"publish","type":"post","link":"https:\/\/www.europesays.com\/fr\/124865\/","title":{"rendered":"Giro: Kasper Asgreen s&rsquo;adjuge la 14\u00e8me \u00e9tape en costaud, pas mal de changement au classement g\u00e9n\u00e9ral"},"content":{"rendered":"<p class=\"ap-StoryElement ap-StoryElement--mb ap-StoryText\">Asgreen s&rsquo;est impos\u00e9 avec 16 secondes d&rsquo;avance sur un petit groupe de poursuivants dont le sprint a \u00e9t\u00e9 r\u00e9gl\u00e9 par l&rsquo;Australien Kaden Groves (Alpecin-Deceuninck) devant le N\u00e9erlandais Olav Kooij (Visma-Lease a Bike) qui compl\u00e8tent le podium du jour.<\/p>\n<p class=\"ap-StoryElement ap-StoryElement--mb ap-StoryText\">Au classement g\u00e9n\u00e9ral, le Mexicain Isaac del Toro (UAE Emirates-XRG) fait la tr\u00e8s bonne op\u00e9ration du jour en raison d&rsquo;une chute dans le peloton \u00e0 22 bornes de l&rsquo;arriv\u00e9e.<\/p>\n<p class=\"ap-StoryElement ap-StoryElement--mb ap-StoryText\">Quatre coureurs, Kasper Asgreen, le Fran\u00e7ais Cl\u00e9ment Davy (Groupama-FDJ) ainsi que les Italiens Mirco Maestri (Polti-VisitMalta) et Martin Marcellusi (VF Group-Bardiani) ont compos\u00e9 l&rsquo;\u00e9chapp\u00e9e du jour depuis le km 0, toujours dans le viseur du peloton. Trois bosses en fin d&rsquo;\u00e9tape et une chute dans le peloton surtout ont embrouill\u00e9 la fin de l&rsquo;\u00e9tape.<\/p>\n<p class=\"ap-StoryElement ap-StoryElement--mb ap-StoryText\">Une chute collective en d\u00e9but de peloton \u00e0 22 kilom\u00e8tres de l&rsquo;arriv\u00e9e a en effet mis \u00e0 terre de nombreux coureurs, notamment le Danois Mads Pedersen et surtout les Italiens Guilio Ciccone (Lidl-Trek), 7e au g\u00e9n\u00e9ral, apparemment le plus touch\u00e9 et Antonio Tiberi (Bahrain-Victorious), 3e au g\u00e9n\u00e9ral.<\/p>\n<p class=\"ap-StoryElement ap-StoryElement--mb ap-StoryText\">Si Davy avait l\u00e2ch\u00e9 avant d&rsquo;aborder le final, les deux Italiens n&rsquo;ont pu suivre Kasper Asgreen \u00e0 6 kilom\u00e8tres de l&rsquo;arriv\u00e9e.<\/p>\n<p class=\"ap-StoryElement ap-StoryElement--mb ap-StoryText\">Seuls 17 coureurs \u00e9taient rest\u00e9s en poursuite derri\u00e8re le trio. Le reste du peloton s&rsquo;est retrouv\u00e9 morcel\u00e9 \u00e0 l&rsquo;approche de l&rsquo;arriv\u00e9e bouleversant le classement g\u00e9n\u00e9ral.<\/p>\n","protected":false},"excerpt":{"rendered":"Asgreen s&rsquo;est impos\u00e9 avec 16 secondes d&rsquo;avance sur un petit groupe de poursuivants dont le sprint a \u00e9t\u00e9&hellip;\n","protected":false},"author":2,"featured_media":124866,"comment_status":"","ping_status":"","sticky":false,"template":"","format":"standard","meta":{"footnotes":""},"categories":[1411],"tags":[24775,1151,24764,17,24765,10001,2360,17556,1154,24766,207,24767,1011,27,1101,24768,24769,24770,8797,8798,1161,24771,24772,3788,23688,16799,24773,517,60,24774,3584,212,8808,1172,213,23695],"class_list":{"0":"post-124865","1":"post","2":"type-post","3":"status-publish","4":"format-standard","5":"has-post-thumbnail","7":"category-cyclisme","8":"tag-nico-vereecken-photo-news","9":"tag-nicovereeckenfoto","10":"tag-1-pro","11":"tag-17","12":"tag-brussel","13":"tag-brussels","14":"tag-bruxelles","15":"tag-courtrai","16":"tag-cycling","17":"tag-cycling-race","18":"tag-cyclisme","19":"tag-etape-1","20":"tag-fr","21":"tag-france","22":"tag-hommes","23":"tag-koers-naar-de-zon","24":"tag-kuurne","25":"tag-le-perray-en-yvelines","26":"tag-mannen","27":"tag-men","28":"tag-nico-vereecken","29":"tag-parijs-nice","30":"tag-paris-nice","31":"tag-pro","32":"tag-pro-tour","33":"tag-race","34":"tag-rit-1","35":"tag-sport","36":"tag-sports","37":"tag-stage-1","38":"tag-tour","39":"tag-uci","40":"tag-wielerwedstrijd","41":"tag-wielrennen","42":"tag-world-tour","43":"tag-worldtour"},"share_on_mastodon":{"url":"https:\/\/pubeurope.com\/@fr\/114563646942431843","error":""},"_links":{"self":[{"href":"https:\/\/www.europesays.com\/fr\/wp-json\/wp\/v2\/posts\/124865","targetHints":{"allow":["GET"]}}],"collection":[{"href":"https:\/\/www.europesays.com\/fr\/wp-json\/wp\/v2\/posts"}],"about":[{"href":"https:\/\/www.europesays.com\/fr\/wp-json\/wp\/v2\/types\/post"}],"author":[{"embeddable":true,"href":"https:\/\/www.europesays.com\/fr\/wp-json\/wp\/v2\/users\/2"}],"replies":[{"embeddable":true,"href":"https:\/\/www.europesays.com\/fr\/wp-json\/wp\/v2\/comments?post=124865"}],"version-history":[{"count":0,"href":"https:\/\/www.europesays.com\/fr\/wp-json\/wp\/v2\/posts\/124865\/revisions"}],"wp:featuredmedia":[{"embeddable":true,"href":"https:\/\/www.europesays.com\/fr\/wp-json\/wp\/v2\/media\/124866"}],"wp:attachment":[{"href":"https:\/\/www.europesays.com\/fr\/wp-json\/wp\/v2\/media?parent=124865"}],"wp:term":[{"taxonomy":"category","embeddable":true,"href":"https:\/\/www.europesays.com\/fr\/wp-json\/wp\/v2\/categories?post=124865"},{"taxonomy":"post_tag","embeddable":true,"href":"https:\/\/www.europesays.com\/fr\/wp-json\/wp\/v2\/tags?post=124865"}],"curies":[{"name":"wp","href":"https:\/\/api.w.org\/{rel}","templated":true}]}}