{"id":124869,"date":"2025-05-24T16:02:08","date_gmt":"2025-05-24T16:02:08","guid":{"rendered":"https:\/\/www.europesays.com\/fr\/124869\/"},"modified":"2025-05-24T16:02:08","modified_gmt":"2025-05-24T16:02:08","slug":"mask-singer-decouvrez-les-deux-stars-demasquees","status":"publish","type":"post","link":"https:\/\/www.europesays.com\/fr\/124869\/","title":{"rendered":"Mask Singer : D\u00e9couvrez les deux stars d\u00e9masqu\u00e9es !"},"content":{"rendered":"<p>      R\u00e9sum\u00e9<\/p>\n<p>Lors du dernier \u00e9pisode de Mask Singer, la Dame de c\u0153ur et le Fraisier ont \u00e9t\u00e9 d\u00e9masqu\u00e9s, r\u00e9v\u00e9lant deux personnalit\u00e9s bien connues du paysage audiovisuel fran\u00e7ais.<\/p>\n<p>        Sommaire<\/p>\n<p>Deux nouvelles r\u00e9v\u00e9lations ont \u00e9lectris\u00e9 la soir\u00e9e \u00ab\u00a0Mask Singer\u00a0\u00bb ce vendredi 23 mai sur TF1. La Dame de c\u0153ur et le Fraisier<strong>, deux personnages hauts en couleur, ont d\u00fb quitter la sc\u00e8ne<\/strong>, d\u00e9voilant sous leurs costumes deux figures famili\u00e8res du paysage audiovisuel fran\u00e7ais : <a href=\"https:\/\/www.public.fr\/bruce-toussaint-debarque-sur-tf1-marie-ange-nardi-et-alexandre-devoise-pousses-vers-la-sortie\" target=\"_blank\" rel=\"noopener\">Marie-Ange Nardi<\/a> et <a href=\"https:\/\/www.public.fr\/bonne-nouvelle-celine-geraud-plus-que-ravie-du-depart-de-philippe-candeloro-et-nelson-monfort-de-france-televisions\" target=\"_blank\" rel=\"noopener\">Philippe Candeloro<\/a>.\u00a0<\/p>\n<p>Mask Singer : le programme joue la carte de la nostalgie<\/p>\n<p>Ce vendredi soir, les quatre enqu\u00eateurs embl\u00e9matiques de TF1 : Kev Adams, Chantal Ladesou, \u00c9lodie Poux et Laurent Ruquier \u00e9taient plus concentr\u00e9s que jamais, stylo \u00e0 la main et regards fix\u00e9s sur la sc\u00e8ne. C\u2019est finalement <strong>la Dame de c\u0153ur qui a \u00e9t\u00e9 la premi\u00e8re \u00e0 quitter le plateau <\/strong>apr\u00e8s une prestation salu\u00e9e, mais insuffisante pour sauver son costume.<\/p>\n<p>Les sp\u00e9culations sont all\u00e9es bon train. <a href=\"https:\/\/www.public.fr\/caroline-margeridon-seme-la-terreur-dans-affaire-conclue-un-ancien-acheteur-balance-sur-les-nombreux-departs-quelle-aurait-cause\" target=\"_blank\" rel=\"noopener\">Caroline Margeridon<\/a> ? Une animatrice des Maternelles ? Les enqu\u00eateurs ont lanc\u00e9 des pistes cr\u00e9dibles, mais ont manqu\u00e9 de perspicacit\u00e9 malgr\u00e9 une fulgurance de derni\u00e8re minute de la part de Chantal Ladesou. <strong>C\u2019est donc Marie-Ange Nardi qui a \u00e9t\u00e9 d\u00e9voil\u00e9e<\/strong>. Une surprise qui a provoqu\u00e9 une vague de r\u00e9actions sur les r\u00e9seaux sociaux.<\/p>\n<p>Il faut dire que <a href=\"https:\/\/www.public.fr\/marie-ange-nardi-bientot-viree-de-tf1-l-animatrice-rattrapee-par-de-gros-soucis-avec-la-justice\" target=\"_blank\" rel=\"noopener\">l&rsquo;animatrice iconique des ann\u00e9es 90-2000<\/a>, repr\u00e9sente \u00e0 elle seule <strong>un pan d\u2019histoire de la t\u00e9l\u00e9vision fran\u00e7aise<\/strong>. Elle a brill\u00e9 notamment dans des programmes cultes comme \u00ab\u00a040\u00b0C \u00e0 l\u2019ombre\u00a0\u00bb ou \u00ab\u00a0Pyramide\u00a0\u00bb. Elle fait d\u00e9sormais le bonheur des amateurs de bonnes affaires, chaque matin dans \u00ab\u00a0T\u00e9l\u00e9shopping\u00a0\u00bb sur TF1, qu\u2019elle co-anime avec Alexandre Devoise depuis 2008.<\/p>\n<p>Mask Singer : Philippe Candeloro fond sous le costume du Fraisier<\/p>\n<p>Un peu plus tard dans la soir\u00e9e, <strong>le suspense a repris de plus belle avec les prestations de trois personnages attachants<\/strong> : le Panda roux, la Vache et le Fraisier. Malheureusement pour ce dernier, le public ne lui a pas accord\u00e9 ses faveurs. <\/p>\n<p>C\u2019est donc dans un ultime face-\u00e0-face contre le myst\u00e9rieux Chevalier en porcelaine que le Fraisier a tent\u00e9 de sauver son masque. Mais rien n\u2019y a fait : il a \u00e9t\u00e9 contraint de se d\u00e9voiler\u2026 Pour le plus grand plaisir des t\u00e9l\u00e9spectateurs.<\/p>\n<p>En effet, derri\u00e8re les fraises en mousse et les gants sucr\u00e9s se cachait Philippe Candeloro, ex-patineur artistique star des ann\u00e9es 90, double m\u00e9daill\u00e9 olympique et <strong>figure incontournable des retransmissions sportives<\/strong> aux c\u00f4t\u00e9s de Nelson Monfort.<\/p>\n<p>Avec l&rsquo;apparition de Marie-Ange Nardi et <a href=\"https:\/\/www.public.fr\/ca-piaille-les-telespectateurs-fans-de-patinage-artistique-dezinguent-les-remplacantes-de-nelson-monfort-et-philippe-candeloro\" target=\"_blank\" rel=\"noopener\">Philippe Candeloro,<\/a> \u00ab\u00a0Mask Singer\u00a0\u00bb continue de titiller <strong>la fibre \u201cmadeleine de Proust\u201d des t\u00e9l\u00e9spectateurs<\/strong>. La production semble avoir compris qu\u2019en convoquant des visages familiers de l\u2019\u00e9poque dor\u00e9e du PAF, elle tisse <strong>un lien interg\u00e9n\u00e9rationnel<\/strong> <strong>avec le public<\/strong>. Une valeur forte pour TF1.<\/p>\n<p>      Mentionn\u00e9s dans cet article<\/p>\n<p>\u00c0 lire aussi<\/p>\n","protected":false},"excerpt":{"rendered":"R\u00e9sum\u00e9 Lors du dernier \u00e9pisode de Mask Singer, la Dame de c\u0153ur et le Fraisier ont \u00e9t\u00e9 d\u00e9masqu\u00e9s,&hellip;\n","protected":false},"author":2,"featured_media":124870,"comment_status":"","ping_status":"","sticky":false,"template":"","format":"standard","meta":{"footnotes":""},"categories":[1359],"tags":[58,59,1011,27,5983,973,24776],"class_list":{"0":"post-124869","1":"post","2":"type-post","3":"status-publish","4":"format-standard","5":"has-post-thumbnail","7":"category-people","8":"tag-divertissement","9":"tag-entertainment","10":"tag-fr","11":"tag-france","12":"tag-mask-singer","13":"tag-people","14":"tag-philippe-candeloro"},"share_on_mastodon":{"url":"https:\/\/pubeurope.com\/@fr\/114563654814309581","error":""},"_links":{"self":[{"href":"https:\/\/www.europesays.com\/fr\/wp-json\/wp\/v2\/posts\/124869","targetHints":{"allow":["GET"]}}],"collection":[{"href":"https:\/\/www.europesays.com\/fr\/wp-json\/wp\/v2\/posts"}],"about":[{"href":"https:\/\/www.europesays.com\/fr\/wp-json\/wp\/v2\/types\/post"}],"author":[{"embeddable":true,"href":"https:\/\/www.europesays.com\/fr\/wp-json\/wp\/v2\/users\/2"}],"replies":[{"embeddable":true,"href":"https:\/\/www.europesays.com\/fr\/wp-json\/wp\/v2\/comments?post=124869"}],"version-history":[{"count":0,"href":"https:\/\/www.europesays.com\/fr\/wp-json\/wp\/v2\/posts\/124869\/revisions"}],"wp:featuredmedia":[{"embeddable":true,"href":"https:\/\/www.europesays.com\/fr\/wp-json\/wp\/v2\/media\/124870"}],"wp:attachment":[{"href":"https:\/\/www.europesays.com\/fr\/wp-json\/wp\/v2\/media?parent=124869"}],"wp:term":[{"taxonomy":"category","embeddable":true,"href":"https:\/\/www.europesays.com\/fr\/wp-json\/wp\/v2\/categories?post=124869"},{"taxonomy":"post_tag","embeddable":true,"href":"https:\/\/www.europesays.com\/fr\/wp-json\/wp\/v2\/tags?post=124869"}],"curies":[{"name":"wp","href":"https:\/\/api.w.org\/{rel}","templated":true}]}}