{"id":124871,"date":"2025-05-24T16:03:10","date_gmt":"2025-05-24T16:03:10","guid":{"rendered":"https:\/\/www.europesays.com\/fr\/124871\/"},"modified":"2025-05-24T16:03:10","modified_gmt":"2025-05-24T16:03:10","slug":"deux-artistes-de-renom-exposent-au-chateau-de-monts-sur-guesnes","status":"publish","type":"post","link":"https:\/\/www.europesays.com\/fr\/124871\/","title":{"rendered":"deux artistes de renom exposent au Ch\u00e2teau de Monts-sur-Guesnes"},"content":{"rendered":"<p>Des tableaux des deux artistes sont expos\u00e9s jusqu\u2019\u00e0 la fin de l\u2019\u00e9t\u00e9 au Ch\u00e2teau de Monts-sur-Guesnes\u00a0: Nymph\u00e9as de Gr\u00e9gory Blin et Stellaria de Patricia Meani. \u00ab\u00a0C\u2019est une exposition en forme de cerise sur le g\u00e2teau pour nos visiteurs, juste avant de quitter la salle du Ruban du temps du Ch\u00e2teau\u00a0\u00bb, explique, lors du vernissage du samedi 17\u00a0mai, C\u00e9line Ronci\u00e8re, directrice du site, consciente d\u2019accueillir deux artistes de renom ayant expos\u00e9 dans des lieux r\u00e9put\u00e9s dans le monde.<\/p>\n<p><strong>La passion pour Monnet, selon Gr\u00e9gory Blin. <\/strong>Apparent\u00e9 \u00e0 Camille Claudel, Gr\u00e9gory Blin, un autodidacte originaire de Nogent-sur-Seine (Aube), vit aujourd\u2019hui \u00e0 Aubenas. Sa rencontre avec l\u2019\u0153uvre d\u2019Edgar Degas, les impressionnistes et les Fauves est \u00e0 l\u2019origine de sa passion. \u00ab\u00a0De la peinture \u00e0 l\u2019huile, je suis pass\u00e9 au Street art et au Pop art, pour que les \u0153uvres \u00e9ph\u00e9m\u00e8res par essence puissent \u00eatre p\u00e9rennis\u00e9es en galeries. Je suis ensuite pass\u00e9 \u00e0 l\u2019hyperr\u00e9alisme. J\u2019ai d\u00e9couvert Giverny et le jardin de Monnet, avec les Nymph\u00e9as, vers 2010. \u00bb L\u2019artiste passe alors quatre ann\u00e9es \u00e0 interpr\u00e9ter les tableaux de Claude Monet, en utilisant l\u2019acrylique et la bombe a\u00e9rosol, avec une exceptionnelle finesse de gestes. Pour Monts, il a apport\u00e9 une quinzaine de ces toiles, d\u00e9j\u00e0 vues au S\u00e9nat, \u00e0 Paris, \u00e0 New York, Miami ou Atlanta.<\/p>\n<p><strong>Patricia Meani en osmose avec Gr\u00e9gory Blin. <\/strong><strong>Les deux artistes se sont rencontr\u00e9s en Champagne. Le courant est imm\u00e9diatement pass\u00e9 entre eux. \u00ab\u00a0Gr\u00e9gory a un penchant pour l\u2019eau, moi, pour l\u2019air. L\u2019osmose artistique est facile \u00e0 imaginer \u00bb, sourit Patricia Meani, artiste pass\u00e9e par les Beaux-Arts de Buenos Aires avant d\u2019\u00eatre r\u00e9compens\u00e9e pour Stellaria \u00e0 la Biennale de Florence en 2017. Elle a expos\u00e9 au Grand Palais \u00e0 Paris et dans toute l\u2019Am\u00e9rique latine et en Europe.<\/strong><\/p>\n<p>\u00c0 Monts, Stellaria est visible dans une installation aux c\u00f4t\u00e9s de deux tableaux de son comp\u00e8re. Dans une autre salle, Patricia Meani propose une s\u00e9rie de tableaux-photos, r\u00e9alis\u00e9s \u00e0 Ushuaia, avec des paysages et des messages tr\u00e8s a\u00e9riens \u00e0 propos du possible sauvetage du Monde. Une exposition-r\u00e9compense, apr\u00e8s une visite historique et ludique du Ch\u00e2teau montois, \u00e0 d\u00e9guster sans mod\u00e9ration.<\/p>\n<p>Patricia Meani est une artiste italo-argentine install\u00e9e \u00e0 Monts-sur-Guesnes avec son compagnon, boulanger (r\u00e9put\u00e9 du c\u00f4t\u00e9 de Buenos Aires). Ce dernier va rouvrir la boulangerie de la commune dans quelques mois. Sa conjointe envisage d\u2019ouvrir \u00ab\u00a0une r\u00e9sidence d\u2019artistes du monde dans l\u2019immeuble de la boulangerie\u00a0\u00bb.<\/p>\n","protected":false},"excerpt":{"rendered":"Des tableaux des deux artistes sont expos\u00e9s jusqu\u2019\u00e0 la fin de l\u2019\u00e9t\u00e9 au Ch\u00e2teau de Monts-sur-Guesnes\u00a0: Nymph\u00e9as de&hellip;\n","protected":false},"author":2,"featured_media":124872,"comment_status":"","ping_status":"","sticky":false,"template":"","format":"standard","meta":{"footnotes":""},"categories":[1358],"tags":[1392,1348,1384,1385,1674,1386,58,59,1349,1011,27,1393,13686,24777,1584],"class_list":{"0":"post-124871","1":"post","2":"type-post","3":"status-publish","4":"format-standard","5":"has-post-thumbnail","7":"category-arts-et-design","8":"tag-a-la-une-local","9":"tag-arts","10":"tag-arts-and-design","11":"tag-arts-et-design","12":"tag-communes","13":"tag-design","14":"tag-divertissement","15":"tag-entertainment","16":"tag-expositions","17":"tag-fr","18":"tag-france","19":"tag-loisirs","20":"tag-loudun","21":"tag-monts-sur-guesnes","22":"tag-vienne"},"share_on_mastodon":{"url":"https:\/\/pubeurope.com\/@fr\/114563658783511895","error":""},"_links":{"self":[{"href":"https:\/\/www.europesays.com\/fr\/wp-json\/wp\/v2\/posts\/124871","targetHints":{"allow":["GET"]}}],"collection":[{"href":"https:\/\/www.europesays.com\/fr\/wp-json\/wp\/v2\/posts"}],"about":[{"href":"https:\/\/www.europesays.com\/fr\/wp-json\/wp\/v2\/types\/post"}],"author":[{"embeddable":true,"href":"https:\/\/www.europesays.com\/fr\/wp-json\/wp\/v2\/users\/2"}],"replies":[{"embeddable":true,"href":"https:\/\/www.europesays.com\/fr\/wp-json\/wp\/v2\/comments?post=124871"}],"version-history":[{"count":0,"href":"https:\/\/www.europesays.com\/fr\/wp-json\/wp\/v2\/posts\/124871\/revisions"}],"wp:featuredmedia":[{"embeddable":true,"href":"https:\/\/www.europesays.com\/fr\/wp-json\/wp\/v2\/media\/124872"}],"wp:attachment":[{"href":"https:\/\/www.europesays.com\/fr\/wp-json\/wp\/v2\/media?parent=124871"}],"wp:term":[{"taxonomy":"category","embeddable":true,"href":"https:\/\/www.europesays.com\/fr\/wp-json\/wp\/v2\/categories?post=124871"},{"taxonomy":"post_tag","embeddable":true,"href":"https:\/\/www.europesays.com\/fr\/wp-json\/wp\/v2\/tags?post=124871"}],"curies":[{"name":"wp","href":"https:\/\/api.w.org\/{rel}","templated":true}]}}