{"id":124873,"date":"2025-05-24T16:04:09","date_gmt":"2025-05-24T16:04:09","guid":{"rendered":"https:\/\/www.europesays.com\/fr\/124873\/"},"modified":"2025-05-24T16:04:09","modified_gmt":"2025-05-24T16:04:09","slug":"best-seller-ce-livre-de-yann-arthus-bertrand-est-a-decouvrir-ce-printemps","status":"publish","type":"post","link":"https:\/\/www.europesays.com\/fr\/124873\/","title":{"rendered":"Best-seller : ce livre de Yann Arthus-Bertrand est \u00e0 d\u00e9couvrir ce printemps"},"content":{"rendered":"<p class=\"paragraph text_align_left\">Difficile d\u2019ignorer les enjeux climatiques quand les images parlent aussi fort que les mots. <a href=\"https:\/\/www.awin1.com\/cread.php?awinmid=6948&amp;awinaffid=467845&amp;platform=dl&amp;ued=https%3A%2F%2Fwww.cdiscount.com%2Flivres-bd%2Farts-cinema-musique-architecture%2Flivre-ca-chauffe-pour-la-planete-60-dessins-de%2Ff-1050103-auc9782742452767.html\" target=\"_blank\" rel=\"sponsored noopener\">Le livre \u00c7a chauffe pour la plan\u00e8te <\/a>! s\u2019appuie sur 60 dessins de presse percutants pour illustrer les exc\u00e8s de notre \u00e9poque en mati\u00e8re d\u2019environnement, de pollution ou de surconsommation. Le tout est introduit et comment\u00e9 par Yann Arthus-Bertrand, photographe, r\u00e9alisateur et militant \u00e9cologiste reconnu, notamment pour ses documentaires comme Home ou Human. Ce petit ouvrage accessible permet de mettre en perspective les d\u00e9bats actuels avec humour et gravit\u00e9, \u00e0 travers le regard d\u2019auteurs de presse du monde entier. Le livre <a href=\"https:\/\/www.awin1.com\/cread.php?awinmid=6948&amp;awinaffid=467845&amp;platform=dl&amp;ued=https%3A%2F%2Fwww.cdiscount.com%2Flivres-bd%2Farts-cinema-musique-architecture%2Flivre-ca-chauffe-pour-la-planete-60-dessins-de%2Ff-1050103-auc9782742452767.html\" target=\"_blank\" rel=\"sponsored noopener\">\u00c7a chauffe pour la plan\u00e8te ! de Yann Arthus-Bertrand est propos\u00e9 \u00e0 10 euros<\/a> chez Cdiscount. \u00c0 glisser entre deux romans, \u00e0 offrir ou \u00e0 feuilleter en famille pour amorcer une r\u00e9flexion sans d\u00e9tour sur l\u2019\u00e9tat de notre plan\u00e8te.<\/p>\n<p class=\"paragraph text_align_left\">Dans ce livre, Yann Arthus-Bertrand met en lumi\u00e8re, sans d\u00e9tour, les urgences \u00e9cologiques qui rythment notre \u00e9poque. \u00c0 travers une s\u00e9lection de 60 dessins de presse internationaux, choisis avec l\u2019organisation Cartooning for Peace, l\u2019ouvrage donne \u00e0 voir les d\u00e9rives environnementales avec un regard \u00e0 la fois critique et accessible. Pollution, d\u00e9r\u00e8glement climatique, \u00e9puisement des ressources\u2026 Chaque illustration frappe par sa justesse et sa capacit\u00e9 \u00e0 r\u00e9sumer en un trait ce que des pages enti\u00e8res d\u2019analyses peinent parfois \u00e0 exprimer. Dans ce contexte o\u00f9 l\u2019accord de Paris est mis \u00e0 mal et o\u00f9 les limites plan\u00e9taires sont franchies toujours plus t\u00f4t chaque ann\u00e9e, ce livre permet de prendre du recul sans d\u00e9tourner le regard. Il ne s\u2019agit pas d\u2019un manifeste, mais d\u2019un support qui questionne, interroge, fait r\u00e9agir. Une lecture rapide, mais qui reste en t\u00eate, \u00e0 partager, \u00e0 offrir ou \u00e0 laisser tra\u00eener sur la table pour que chacun s\u2019y arr\u00eate, ne serait-ce qu\u2019un instant.<\/p>\n<p class=\"paragraph text_align_left\"><b>Les meilleures offres disponibles chez Cdiscount :<\/b><\/p>\n<p class=\"paragraph text_align_left\">Offre \u00e0 dur\u00e9e limit\u00e9e et dans la limite des stocks disponibles. Voir conditions sur le site Cdiscount<\/p>\n","protected":false},"excerpt":{"rendered":"Difficile d\u2019ignorer les enjeux climatiques quand les images parlent aussi fort que les mots. Le livre \u00c7a chauffe&hellip;\n","protected":false},"author":2,"featured_media":124874,"comment_status":"","ping_status":"","sticky":false,"template":"","format":"standard","meta":{"footnotes":""},"categories":[1357],"tags":[1379,58,59,1011,27,749,2003,1380,7616,24778],"class_list":{"0":"post-124873","1":"post","2":"type-post","3":"status-publish","4":"format-standard","5":"has-post-thumbnail","7":"category-livres","8":"tag-books","9":"tag-divertissement","10":"tag-entertainment","11":"tag-fr","12":"tag-france","13":"tag-guide-shopping","14":"tag-livre","15":"tag-livres","16":"tag-loisirs-voyages","17":"tag-yann-arthus-bertrand"},"share_on_mastodon":{"url":"https:\/\/pubeurope.com\/@fr\/114563663191569360","error":""},"_links":{"self":[{"href":"https:\/\/www.europesays.com\/fr\/wp-json\/wp\/v2\/posts\/124873","targetHints":{"allow":["GET"]}}],"collection":[{"href":"https:\/\/www.europesays.com\/fr\/wp-json\/wp\/v2\/posts"}],"about":[{"href":"https:\/\/www.europesays.com\/fr\/wp-json\/wp\/v2\/types\/post"}],"author":[{"embeddable":true,"href":"https:\/\/www.europesays.com\/fr\/wp-json\/wp\/v2\/users\/2"}],"replies":[{"embeddable":true,"href":"https:\/\/www.europesays.com\/fr\/wp-json\/wp\/v2\/comments?post=124873"}],"version-history":[{"count":0,"href":"https:\/\/www.europesays.com\/fr\/wp-json\/wp\/v2\/posts\/124873\/revisions"}],"wp:featuredmedia":[{"embeddable":true,"href":"https:\/\/www.europesays.com\/fr\/wp-json\/wp\/v2\/media\/124874"}],"wp:attachment":[{"href":"https:\/\/www.europesays.com\/fr\/wp-json\/wp\/v2\/media?parent=124873"}],"wp:term":[{"taxonomy":"category","embeddable":true,"href":"https:\/\/www.europesays.com\/fr\/wp-json\/wp\/v2\/categories?post=124873"},{"taxonomy":"post_tag","embeddable":true,"href":"https:\/\/www.europesays.com\/fr\/wp-json\/wp\/v2\/tags?post=124873"}],"curies":[{"name":"wp","href":"https:\/\/api.w.org\/{rel}","templated":true}]}}