{"id":124879,"date":"2025-05-24T16:07:10","date_gmt":"2025-05-24T16:07:10","guid":{"rendered":"https:\/\/www.europesays.com\/fr\/124879\/"},"modified":"2025-05-24T16:07:10","modified_gmt":"2025-05-24T16:07:10","slug":"le-mystere-harry-potter-plane-au-dessus-de-lile-de-sein","status":"publish","type":"post","link":"https:\/\/www.europesays.com\/fr\/124879\/","title":{"rendered":"Le myst\u00e8re Harry Potter plane au-dessus de l\u2019\u00eele de Sein"},"content":{"rendered":"<p>\u00ab\u00a0N\u2019essayez pas de me tirer les vers du nez, je ne vous dirai rien\u00a0!\u00a0\u00bb, lance, ce samedi 24 mai, au matin, Doroth\u00e9e, r\u00e9gisseuse d\u2019un tournage tr\u00e8s secret alors qu\u2019elle aide son \u00e9quipe \u00e0 d\u00e9charger des caisses de mat\u00e9riel de cin\u00e9ma d\u00e9barqu\u00e9es de l\u2019Enez Sun, vedette qui assure la travers\u00e9e entre Audierne et l\u2019\u00eele de Sein. \u00ab\u00a0Ce n\u2019est pas la premi\u00e8re fois que je travaille sur cette \u00eele. Ses habitants sont vraiment tr\u00e8s sympas et surtout tr\u00e8s discrets\u00a0\u00bb, se permet-elle quand m\u00eame.<\/p>\n<p>Pr\u00e8s des camions qui attendent de prendre la route, un arr\u00eat\u00e9 municipal stipule\u00a0: \u00ab\u00a0Dans le cadre du tournage du film \u00ab\u00a0Dark train\u00a0\u00bb, la soci\u00e9t\u00e9 \u00c9toile est autoris\u00e9e \u00e0 stationner sur la place de l\u2019embarcad\u00e8re du jeudi 15 au jeudi 22 mai 2025\u00a0\u00bb. La soci\u00e9t\u00e9 de production est parisienne mais quel est donc ce film qui, si l\u2019on en croit son titre, parlerait d\u2019un train sombre et pourquoi donc filmer une histoire de train sur une \u00eele comme Sein\u00a0? Une rapide recherche sur le web, m\u00eame pas dark, permet de comprendre.<\/p>\n<p><img decoding=\"async\" src=\"https:\/\/www.europesays.com\/fr\/wp-content\/uploads\/2025\/05\/6831dda80cddc7b7ab06e2f4.1.jpeg\" width=\"480\" height=\"300\" class=\"web_golden_m\" loading=\"lazy\" alt=\"Le seul \u00e9l\u00e9ment tangible permettant de remonter \u00e0 Harry Potter est cet arr\u00eat\u00e9 municipal pris par le maire d\u2019Audierne.\"\/>Le seul \u00e9l\u00e9ment tangible permettant de remonter \u00e0 Harry Potter est cet arr\u00eat\u00e9 municipal pris par le maire d\u2019Audierne. (Lannig Stervinou)Un nom de code pour \u00ab\u00a0Harry Potter\u00a0\u00bb<\/p>\n<p>Pratique de plus en plus r\u00e9pandue, \u00ab\u00a0Dark train\u00a0\u00bb est un nom de code. C\u2019est celui pour la s\u00e9rie \u00ab\u00a0Harry Potter\u00a0\u00bb, adaptation de la saga litt\u00e9raire culte de J.K Rowling, port\u00e9e le producteur am\u00e9ricain Warner Bros et dont les premiers \u00e9pisodes devraient \u00eatre diffus\u00e9s, en 2027, sur HBO Max. \u00ab\u00a0Je ne peux pas vous confirmer qu\u2019il s\u2019agit d\u2019Harry Potter car on ne m\u2019a rien dit. Tout ce que je sais, c\u2019est qu\u2019une \u00e9quipe d\u2019une vingtaine de personnes a s\u00e9journ\u00e9 sur l\u2019\u00eele et que, tous les jours, elle partait tourner des images autour du phare de T\u00e9vennec \u00e0 bord de deux semi-rigides et d\u2019une belle vedette d\u2019au moins vingt m\u00e8tres\u00a0\u00bb, indique Didier Fouquet, le maire de Sein.<\/p>\n<p>Des prises de vues, notamment \u00e0 l\u2019aide de drones, des captations vid\u00e9os, sans acteur, qui serviraient \u00e0 la conception d\u2019images de synth\u00e8se <a href=\"https:\/\/www.ouest-france.fr\/cinema\/harry-potter\/la-serie-harry-potter-en-tournage-au-large-de-la-bretagne-un-secret-jalousement-garde-833a8366-3725-11f0-bf6c-240af7605eff\" target=\"_blank\" rel=\"noopener\">selon nos confr\u00e8res de Ouest France<\/a> qui ont r\u00e9v\u00e9l\u00e9 l\u2019information. \u00ab\u00a0Ils ont retard\u00e9 leur arriv\u00e9e de deux jours car il faisait trop beau et ils voulaient du mauvais temps. Il n\u2019y a pas eu de tournage sur l\u2019\u00eele m\u00eame, juste en mer, alors je n\u2019ai pas eu \u00e0 d\u00e9livrer d\u2019autorisation. Ils \u00e9taient tr\u00e8s discrets, ont lou\u00e9 des h\u00e9bergements ainsi que la salle Saint-Gu\u00e9nol\u00e9 qui faisait office de cantine approvisionn\u00e9e par un traiteur local\u00a0\u00bb, souligne le maire.<\/p>\n<p>Rien \u00e0 voir donc avec l\u2019id\u00e9e d\u2019une petite \u00eele submerg\u00e9e par une super production internationale, comme certains auraient pu le penser, et contrairement \u00e0 d\u2019autres tournages qui ont marqu\u00e9 l\u2019esprit des S\u00e9nans, \u00e0 l\u2019instar de celui du film de Jean Becker \u00ab\u00a0\u00c9lisa\u00a0\u00bb, avec son tandem Paradis-Depardieu qui \u00e9tait rest\u00e9 un mois, en 1994.<\/p>\n","protected":false},"excerpt":{"rendered":"\u00ab\u00a0N\u2019essayez pas de me tirer les vers du nez, je ne vous dirai rien\u00a0!\u00a0\u00bb, lance, ce samedi 24&hellip;\n","protected":false},"author":2,"featured_media":124880,"comment_status":"","ping_status":"","sticky":false,"template":"","format":"standard","meta":{"footnotes":""},"categories":[1354],"tags":[11,829,650,251,58,3320,765,59,1346,3321,1011,27,24779,1360],"class_list":{"0":"post-124879","1":"post","2":"type-post","3":"status-publish","4":"format-standard","5":"has-post-thumbnail","7":"category-films","8":"tag-actualites","9":"tag-bretagne","10":"tag-cinema","11":"tag-culture","12":"tag-divertissement","13":"tag-douarnenez","14":"tag-en-continu","15":"tag-entertainment","16":"tag-films","17":"tag-finistere","18":"tag-fr","19":"tag-france","20":"tag-ile-de-sein","21":"tag-movies"},"share_on_mastodon":{"url":"https:\/\/pubeurope.com\/@fr\/114563674552540492","error":""},"_links":{"self":[{"href":"https:\/\/www.europesays.com\/fr\/wp-json\/wp\/v2\/posts\/124879","targetHints":{"allow":["GET"]}}],"collection":[{"href":"https:\/\/www.europesays.com\/fr\/wp-json\/wp\/v2\/posts"}],"about":[{"href":"https:\/\/www.europesays.com\/fr\/wp-json\/wp\/v2\/types\/post"}],"author":[{"embeddable":true,"href":"https:\/\/www.europesays.com\/fr\/wp-json\/wp\/v2\/users\/2"}],"replies":[{"embeddable":true,"href":"https:\/\/www.europesays.com\/fr\/wp-json\/wp\/v2\/comments?post=124879"}],"version-history":[{"count":0,"href":"https:\/\/www.europesays.com\/fr\/wp-json\/wp\/v2\/posts\/124879\/revisions"}],"wp:featuredmedia":[{"embeddable":true,"href":"https:\/\/www.europesays.com\/fr\/wp-json\/wp\/v2\/media\/124880"}],"wp:attachment":[{"href":"https:\/\/www.europesays.com\/fr\/wp-json\/wp\/v2\/media?parent=124879"}],"wp:term":[{"taxonomy":"category","embeddable":true,"href":"https:\/\/www.europesays.com\/fr\/wp-json\/wp\/v2\/categories?post=124879"},{"taxonomy":"post_tag","embeddable":true,"href":"https:\/\/www.europesays.com\/fr\/wp-json\/wp\/v2\/tags?post=124879"}],"curies":[{"name":"wp","href":"https:\/\/api.w.org\/{rel}","templated":true}]}}