{"id":124885,"date":"2025-05-24T16:10:10","date_gmt":"2025-05-24T16:10:10","guid":{"rendered":"https:\/\/www.europesays.com\/fr\/124885\/"},"modified":"2025-05-24T16:10:10","modified_gmt":"2025-05-24T16:10:10","slug":"alain-delon-le-mystere-de-sa-fille-vietnamienne-enfin-resolu","status":"publish","type":"post","link":"https:\/\/www.europesays.com\/fr\/124885\/","title":{"rendered":"Alain Delon : Le myst\u00e8re de sa fille vietnamienne enfin r\u00e9solu ?"},"content":{"rendered":"<p>      R\u00e9sum\u00e9<\/p>\n<p>Alain Delon aurait eu une fille vietnamienne vers 1955, une histoire longtemps myst\u00e9rieuse que l&rsquo;acteur aurait tent\u00e9 d&rsquo;\u00e9lucider sans succ\u00e8s, confront\u00e9 \u00e0 une possible disparition de sa famille.<\/p>\n<p>        Sommaire<\/p>\n<p>On conna\u00eet <strong>Anthony, Anouchka et Alain-Fabien Delon<\/strong>, les trois enfants l\u00e9gitimes d&rsquo;Alain Delon. A ces derniers peut \u00e9galement s&rsquo;ajouter l&rsquo;hypoth\u00e8se d&rsquo;Ari Boulogne, que l&rsquo;acteur n&rsquo;a jamais voulu reconna\u00eetre, mais <a href=\"https:\/\/www.public.fr\/on-file-pas-de-l-hero-a-son-gamin-de-14-ans-non-anthony-delon-s-agace-et-se-lache-au-sujet-de-nico-la-mere-d-ari-boulogne\" target=\"_blank\" rel=\"noopener\">qu&rsquo;il aurait eu avec la chanteuse Nico<\/a> en 1962. Mais dans leur livre Les derniers secrets du Samoura\u00ef, Laurence Pieau et Fran\u00e7ois Vignolle <strong>ont suivi la piste d&rsquo;un autre enfant ill\u00e9gitime<\/strong> qu&rsquo;aurait pu avoir Alain Delon tr\u00e8s jeune. A peine \u00e2g\u00e9 de 19 ans, le monstre sacr\u00e9 du cin\u00e9ma fran\u00e7ais a potentiellement <strong>mis enceinte une prostitu\u00e9e au Vietnam<\/strong>&#8230; <\/p>\n<p>En effet, comme l&rsquo;expliquent les deux auteurs dans leur livre biographique publi\u00e9 aux \u00e9ditions Plon, Alain Delon se trouvait au Vietnam au milieu des ann\u00e9es 1950. Interview\u00e9e par les auteurs, Hiromi Rollin, derni\u00e8re compagne de l&rsquo;acteur, confirme que <strong>ce dernier lui a parl\u00e9 \u00e0 \u00ab\u00a0trois ou quatre\u00a0\u00bb reprises<\/strong> de cet enfant ill\u00e9gitime qui aurait aujourd&rsquo;hui \u00e0 peu pr\u00e8s le m\u00eame \u00e2ge qu&rsquo;elle.<\/p>\n<p>Un enfant qu&rsquo;Alain Delon aurait eu vers 1955<\/p>\n<p>\u00ab\u00a0Il me disait qu&rsquo;il aurait pu avoir une fille comme moi quelques ann\u00e9es plus t\u00f4t. Je suis n\u00e9e en 1957\u00a0\u00bb explique Hiromi Rollin. Effectivement, <strong>Alain Delon se trouvait tr\u00e8s probablement en Indochine en 1955<\/strong>. A 19 ans, le marin de l&rsquo;\u00e9poque a amarr\u00e9 \u00e0 Sa\u00efgon le 11 septembre 1954. Avant d&rsquo;\u00eatre acteur, il avait \u00e9t\u00e9 affect\u00e9 \u00e0 la compagnie de garde de l&rsquo;unit\u00e9 marine. S&rsquo;il a rapidement \u00e9t\u00e9 <a href=\"https:\/\/www.public.fr\/10-choses-que-vous-ne-saviez-peut-etre-pas-sur-alain-delon\" target=\"_blank\" rel=\"noopener\">renvoy\u00e9 en France pour indiscipline<\/a>, <strong>les neufs mois qu&rsquo;il a pass\u00e9s en Asie<\/strong> auraient suffi pour qu&rsquo;il entretienne une relation r\u00e9guli\u00e8re avec une prostitu\u00e9e.<\/p>\n<p>De retour en France, c&rsquo;est un camarade de r\u00e9gime, revenu \u00e0 son tour en hexagone, qui lui aurait annonc\u00e9 que sa compagne de l&rsquo;\u00e9poque <strong>avait accouch\u00e9 d&rsquo;une petite fille peu de temps apr\u00e8s leur liaison<\/strong>. Mais si Alain Delon a toujours <a href=\"https:\/\/www.public.fr\/tu-ne-seras-jamais-mon-fils-la-guerre-triste-a-mourir-qui-a-oppose-alain-delon-a-ari-boulogne\" target=\"_blank\" rel=\"noopener\">ni\u00e9 l&rsquo;existence et la filiation d&rsquo;Ari Boulogne<\/a>, le cas de cette enfant vietnamienne \u00e9tait bien diff\u00e9rent. L&rsquo;acteur a toujours <strong>esp\u00e9r\u00e9 retrouver sa ma\u00eetresse et leur enfant<\/strong>, mais n&rsquo;y sera jamais parvenu.<\/p>\n<p>La m\u00e8re et la fille mortes depuis de longues ann\u00e9es ?<\/p>\n<p>Pendant de longues ann\u00e9es, Alain Delon a tent\u00e9 de renouer le contact avec cette femme et la fille qu&rsquo;ils ont peut-\u00eatre eue ensemble. Mais l&rsquo;acteur s&rsquo;est heurt\u00e9 \u00e0 une triste conclusion&#8230; \u00ab\u00a0<strong>Alain a fini par penser que la m\u00e8re et la fille \u00e9taient mortes<\/strong>, peut-\u00eatre pendant la guerre d&rsquo;Indochine. Il \u00e9tait devenu mondialement connu, elles auraient d\u00fb le contacter\u00a0\u00bb explique Hiromi Rollin. Si cet enfant vit toujours, il aurait aujourd&rsquo;hui 70 ans, et serait donc <a href=\"https:\/\/vsd.fr\/56268-alain-delon-le-clan-familial-divise-la-guerre-des-reseaux-est-declaree\/\" target=\"_blank\" rel=\"noopener\">l&rsquo;a\u00een\u00e9e de la fratrie Delon<\/a>.<\/p>\n<p>      Mentionn\u00e9s dans cet article<\/p>\n<p>\u00c0 lire aussi<\/p>\n","protected":false},"excerpt":{"rendered":"R\u00e9sum\u00e9 Alain Delon aurait eu une fille vietnamienne vers 1955, une histoire longtemps myst\u00e9rieuse que l&rsquo;acteur aurait tent\u00e9&hellip;\n","protected":false},"author":2,"featured_media":124886,"comment_status":"","ping_status":"","sticky":false,"template":"","format":"standard","meta":{"footnotes":""},"categories":[8],"tags":[5960,15944,19718,22608,58,847,59,1011,27,23597,2899],"class_list":{"0":"post-124885","1":"post","2":"type-post","3":"status-publish","4":"format-standard","5":"has-post-thumbnail","7":"category-divertissement","8":"tag-alain-delon","9":"tag-alain-fabien-delon","10":"tag-anouchka-delon","11":"tag-anthony-delon","12":"tag-divertissement","13":"tag-enfant","14":"tag-entertainment","15":"tag-fr","16":"tag-france","17":"tag-hiromi-rollin","18":"tag-prostitution"},"share_on_mastodon":{"url":"https:\/\/pubeurope.com\/@fr\/114563686405622749","error":""},"_links":{"self":[{"href":"https:\/\/www.europesays.com\/fr\/wp-json\/wp\/v2\/posts\/124885","targetHints":{"allow":["GET"]}}],"collection":[{"href":"https:\/\/www.europesays.com\/fr\/wp-json\/wp\/v2\/posts"}],"about":[{"href":"https:\/\/www.europesays.com\/fr\/wp-json\/wp\/v2\/types\/post"}],"author":[{"embeddable":true,"href":"https:\/\/www.europesays.com\/fr\/wp-json\/wp\/v2\/users\/2"}],"replies":[{"embeddable":true,"href":"https:\/\/www.europesays.com\/fr\/wp-json\/wp\/v2\/comments?post=124885"}],"version-history":[{"count":0,"href":"https:\/\/www.europesays.com\/fr\/wp-json\/wp\/v2\/posts\/124885\/revisions"}],"wp:featuredmedia":[{"embeddable":true,"href":"https:\/\/www.europesays.com\/fr\/wp-json\/wp\/v2\/media\/124886"}],"wp:attachment":[{"href":"https:\/\/www.europesays.com\/fr\/wp-json\/wp\/v2\/media?parent=124885"}],"wp:term":[{"taxonomy":"category","embeddable":true,"href":"https:\/\/www.europesays.com\/fr\/wp-json\/wp\/v2\/categories?post=124885"},{"taxonomy":"post_tag","embeddable":true,"href":"https:\/\/www.europesays.com\/fr\/wp-json\/wp\/v2\/tags?post=124885"}],"curies":[{"name":"wp","href":"https:\/\/api.w.org\/{rel}","templated":true}]}}