{"id":124891,"date":"2025-05-24T16:13:09","date_gmt":"2025-05-24T16:13:09","guid":{"rendered":"https:\/\/www.europesays.com\/fr\/124891\/"},"modified":"2025-05-24T16:13:09","modified_gmt":"2025-05-24T16:13:09","slug":"le-conseil-de-leurope-refuse-daffaiblir-la-convention-des-droits-de-lhomme","status":"publish","type":"post","link":"https:\/\/www.europesays.com\/fr\/124891\/","title":{"rendered":"le Conseil de l&rsquo;Europe refuse d&rsquo;affaiblir la Convention des droits de l&rsquo;homme"},"content":{"rendered":"<p>Les services de la premi\u00e8re ministre italienne, neuf pays europ\u00e9ens ont jug\u00e9 \u00abn\u00e9cessaire d\u2019entamer une discussion sur la mani\u00e8re dont les conventions internationales r\u00e9pondent aux d\u00e9fis auxquels nous faisons face\u00bb.<\/p>\n<p class=\"fig-paragraph\">Le secr\u00e9taire g\u00e9n\u00e9ral du Conseil de l&rsquo;Europe,\u00a0<a href=\"http:\/\/www.lefigaro.fr\/flash-actu\/l-ancien-president-suisse-alain-berset-elu-secretaire-general-du-conseil-de-l-europe-20240625\" data-fig-type=\"NewsFlash\" data-gtm-custom-categorie=\"navigation\" data-gtm-custom-action=\"crossclick\" data-gtm-custom-label=\"Contextuel\" data-gtm-event=\"customEventSPE\" data-fig-domain=\"LEFIGARO\" target=\"_blank\" rel=\"noopener\">Alain Berset<\/a>, a rejet\u00e9 samedi tout\u00a0<a href=\"http:\/\/www.lefigaro.fr\/international\/l-italie-et-le-danemark-envisagent-de-denoncer-l-emprise-de-la-cedh-sur-les-politiques-migratoires-en-europe-20250515\" data-fig-type=\"Article\" data-gtm-custom-categorie=\"navigation\" data-gtm-custom-action=\"crossclick\" data-gtm-custom-label=\"Contextuel\" data-gtm-event=\"customEventSPE\" data-fig-domain=\"LEFIGARO\" target=\"_blank\" rel=\"noopener\">affaiblissement de la Convention europ\u00e9enne des droits de l&rsquo;homme<\/a>, au lendemain de l&rsquo;appel de neuf \u00c9tats, men\u00e9 par l&rsquo;Italie, \u00e0 r\u00e9interpr\u00e9ter le texte en mati\u00e8re de migrations.<\/p>\n<p class=\"fig-paragraph\">\u00abFace aux d\u00e9fis complexes de notre \u00e9poque, notre r\u00f4le n&rsquo;est pas d&rsquo;affaiblir la Convention mais au contraire de la garder solide et pertinente\u00bb, a d\u00e9clar\u00e9 dans un communiqu\u00e9 le secr\u00e9taire g\u00e9n\u00e9ral du Conseil de l&rsquo;Europe, qui, avec 46 pays membres, est la vigie de la d\u00e9mocratie et des droits de l&rsquo;homme sur le Vieux Continent.<\/p>\n<p>\u00abUn d\u00e9bat sain, mais il ne faut pas politiser la Cour\u00bb<\/p>\n<p class=\"fig-paragraph\">Dans une lettre ouverte publi\u00e9e ce vendredi par les services de la premi\u00e8re ministre italienne\u00a0<a href=\"http:\/\/www.lefigaro.fr\/international\/giorgia-meloni-tente-de-revenir-dans-le-jeu-diplomatique-20250518\" data-fig-type=\"Article\" data-gtm-custom-categorie=\"navigation\" data-gtm-custom-action=\"crossclick\" data-gtm-custom-label=\"Contextuel\" data-gtm-event=\"customEventSPE\" data-fig-domain=\"LEFIGARO\" target=\"_blank\" rel=\"noopener\">Giorgia Meloni<\/a>, neuf pays europ\u00e9ens, dont l\u2019Italie, le Danemark et la Pologne, ont jug\u00e9 \u00abn\u00e9cessaire d\u2019entamer une discussion sur la mani\u00e8re dont les conventions internationales r\u00e9pondent aux d\u00e9fis auxquels nous faisons face aujourd\u2019hui\u00bb. Le texte vise ainsi la Cour europ\u00e9enne des droits de l\u2019homme (CEDH), \u00e9manation du Conseil de l\u2019Europe &#8211; tous deux bas\u00e9s \u00e0 Strasbourg (est de la France) &#8211; et qui est charg\u00e9e de faire respecter la convention du m\u00eame nom dans les 46 pays signataires.<\/p>\n<p class=\"fig-paragraph\">Les neuf \u00c9tats veulent voir \u00absi la Cour, dans certains cas, a \u00e9tendu la port\u00e9e de la convention trop loin, compar\u00e9 aux intentions originelles\u00bb. En r\u00e9ponse, Alain Berset \u00e9crit que \u00able d\u00e9bat est sain mais il ne faut pas politiser la Cour\u00bb. \u00abMaintenir l\u2019ind\u00e9pendance et l\u2019impartialit\u00e9 de la Cour est fondamental\u00bb, poursuit l\u2019ancien pr\u00e9sident socialiste suisse. \u00abDans un \u00c9tat de droit, la justice ne doit pas \u00eatre soumise \u00e0 des pressions politiques (&#8230;) La Cour ne doit pas servir d\u2019arme, ni contre les gouvernements, ni par eux\u00bb.<\/p>\n","protected":false},"excerpt":{"rendered":"Les services de la premi\u00e8re ministre italienne, neuf pays europ\u00e9ens ont jug\u00e9 \u00abn\u00e9cessaire d\u2019entamer une discussion sur la&hellip;\n","protected":false},"author":2,"featured_media":124892,"comment_status":"","ping_status":"","sticky":false,"template":"","format":"standard","meta":{"footnotes":""},"categories":[5],"tags":[259,11,260,14124,7577,1011,27,1061,14,261,12,262,28],"class_list":{"0":"post-124891","1":"post","2":"type-post","3":"status-publish","4":"format-standard","5":"has-post-thumbnail","7":"category-international","8":"tag-actualite-internationale","9":"tag-actualites","10":"tag-affaires-etrangeres","11":"tag-cedh","12":"tag-conseil-de-leurope","13":"tag-fr","14":"tag-france","15":"tag-immigration","16":"tag-international","17":"tag-ministere-des-affaires-etrangeres","18":"tag-news","19":"tag-politique-etrangere","20":"tag-world"},"share_on_mastodon":{"url":"https:\/\/pubeurope.com\/@fr\/114563698134498221","error":""},"_links":{"self":[{"href":"https:\/\/www.europesays.com\/fr\/wp-json\/wp\/v2\/posts\/124891","targetHints":{"allow":["GET"]}}],"collection":[{"href":"https:\/\/www.europesays.com\/fr\/wp-json\/wp\/v2\/posts"}],"about":[{"href":"https:\/\/www.europesays.com\/fr\/wp-json\/wp\/v2\/types\/post"}],"author":[{"embeddable":true,"href":"https:\/\/www.europesays.com\/fr\/wp-json\/wp\/v2\/users\/2"}],"replies":[{"embeddable":true,"href":"https:\/\/www.europesays.com\/fr\/wp-json\/wp\/v2\/comments?post=124891"}],"version-history":[{"count":0,"href":"https:\/\/www.europesays.com\/fr\/wp-json\/wp\/v2\/posts\/124891\/revisions"}],"wp:featuredmedia":[{"embeddable":true,"href":"https:\/\/www.europesays.com\/fr\/wp-json\/wp\/v2\/media\/124892"}],"wp:attachment":[{"href":"https:\/\/www.europesays.com\/fr\/wp-json\/wp\/v2\/media?parent=124891"}],"wp:term":[{"taxonomy":"category","embeddable":true,"href":"https:\/\/www.europesays.com\/fr\/wp-json\/wp\/v2\/categories?post=124891"},{"taxonomy":"post_tag","embeddable":true,"href":"https:\/\/www.europesays.com\/fr\/wp-json\/wp\/v2\/tags?post=124891"}],"curies":[{"name":"wp","href":"https:\/\/api.w.org\/{rel}","templated":true}]}}