{"id":124893,"date":"2025-05-24T16:14:09","date_gmt":"2025-05-24T16:14:09","guid":{"rendered":"https:\/\/www.europesays.com\/fr\/124893\/"},"modified":"2025-05-24T16:14:09","modified_gmt":"2025-05-24T16:14:09","slug":"les-foyers-touches-ont-tous-ete-realimentes-le-prefet-denonce-des-actes-de-degradation","status":"publish","type":"post","link":"https:\/\/www.europesays.com\/fr\/124893\/","title":{"rendered":"les foyers touch\u00e9s ont tous \u00e9t\u00e9 r\u00e9aliment\u00e9s, le pr\u00e9fet d\u00e9nonce des \u00ab\u00a0actes de d\u00e9gradation\u00a0\u00bb"},"content":{"rendered":"<p class=\"article-p mdl\">Une panne massive prive 160.000 foyers d&rsquo;\u00e9lectricit\u00e9 dans les Alpes-Maritimes, ce samedi 24 mai. De Mandelieu-la-Napoule \u00e0 Antibes, l\u2019ouest du d\u00e9partement a \u00e9t\u00e9 impact\u00e9 par cette coupure. \u00ab\u00a0Le r\u00e9tablissement progressif de l&rsquo;\u00e9lectricit\u00e9 est actuellement en cours dans les Alpes-Maritimes\u00a0\u00bb, a indiqu\u00e9 le pr\u00e9fet dans un communiqu\u00e9. RTE, le gestionnaire du r\u00e9seau, a annonc\u00e9, en fin d&rsquo;apr\u00e8s-midi, que les <strong>160.000 foyers touch\u00e9s ont tous \u00e9t\u00e9 r\u00e9aliment\u00e9s.<\/strong><\/p>\n<p class=\"article-p mdl\">Plusieurs projections de films ont m\u00eame \u00e9t\u00e9 interrompues au\u00a0<a class=\"link\" href=\"https:\/\/www.rtl.fr\/culture\/cine-series\/festival-de-cannes-2025-les-derniers-pronostics-avant-le-palmares-7900508701\" title=\"Festival de Cannes 2025 : les derniers pronostics avant le palmar\u00e8s\" target=\"_blank\" rel=\"noopener\">festival de Cannes<\/a>, qui doit alors fermer ses portes dans quelques heures. Durant quelques instants, <strong>le festival a m\u00eame \u00e9t\u00e9 plong\u00e9 dans le noir<\/strong>. Certaines s\u00e9ances ont pu reprendre rapidement gr\u00e2ce \u00e0 des groupes \u00e9lectrog\u00e8nes, mais la cl\u00f4ture de la 78e \u00e9dition ne sera pas affect\u00e9e d\u2019apr\u00e8s les organisateurs.\u00a0<\/p>\n<p class=\"article-p mdl\">Depuis les alentours de 10 heures,\u00a0<a class=\"link\" href=\"https:\/\/www.rtl.fr\/actu\/debats-societe\/alpes-maritimes-le-festival-de-cannes-perturbe-par-une-vaste-panne-d-electricite-7900508721\" title=\"Alpes-Maritimes : une importante panne de courant touche le d\u00e9partement, le Festival de Cannes perturb\u00e9\" target=\"_blank\" rel=\"noopener\">il n\u2019y avait plus de courant \u00e0 Cannes<\/a>, mais \u00e9galement dans les communes des environs. En attendant que la situation se r\u00e9tablisse, il faut s\u2019adapter. \u00ab\u00a0Je vais avoir des probl\u00e8mes de pompe \u00e0 chaleur parce qu\u2019on n\u2019a pas de gaz et pas d&rsquo;\u00e9lectricit\u00e9 dans les chambres. <strong>Je suis en face d\u2019une boulangerie, il n\u2019y a pas de lumi\u00e8re<\/strong>, mais ils travaillent, ils servent \u00e0 froid. Tant qu\u2019on a le soleil et qu\u2019on arrive \u00e0 voir quelque chose, \u00e7a va\u00a0\u00bb, tente de relativiser le propri\u00e9taire d\u2019une chambre d\u2019h\u00f4te.<\/p>\n<p>            Le pr\u00e9fet d\u00e9nonce des \u00ab\u00a0actes graves de d\u00e9gradations\u00a0\u00bb<\/p>\n<p class=\"article-p mdl\">Selon le minist\u00e8re de l&rsquo;Int\u00e9rieur, cette panne a \u00e9t\u00e9 provoqu\u00e9e par des actes de malveillance<strong>. Deux incendies volontaires ont touch\u00e9 la centrale \u00e9lectrique de Tanneron<\/strong>, dans le Var. <strong>Un pyl\u00f4ne \u00e9lectrique a \u00e9t\u00e9 endommag\u00e9\u00a0<\/strong>dans les Alpes-Maritimes, du c\u00f4t\u00e9 de Villeneuve-Loubet. Trois piliers du pyl\u00f4ne \u00ab\u00a0ont \u00e9t\u00e9 sci\u00e9s\u00a0\u00bb, a indiqu\u00e9 le procureur de Grasse.<\/p>\n<p class=\"article-p mdl\">\u00ab\u00a0Le pr\u00e9fet Laurent Hottiaux condamne avec la plus grande fermet\u00e9 <strong>ces actes graves de d\u00e9gradations portant atteinte \u00e0 l\u2019int\u00e9grit\u00e9 des infrastructures \u00e9lectriques<\/strong>\u00ab\u00a0. Enedis avait assur\u00e9 \u00e0 RTL que des <strong>op\u00e9rations de maintenance \u00e9taient men\u00e9es.<\/strong>\u00a0La pr\u00e9fecture avait conseill\u00e9 aux habitants d\u2019\u00eatre prudents, surtout parce que les feux tricolores \u00e9taient compl\u00e8tement \u00e9teints. Une centaine d&rsquo;interventions de pompiers ont eu lieu, la plupart pour des cas d&rsquo;ascenseurs bloqu\u00e9s.\u00a0<\/p>\n<p class=\"article-p mdl\">\u00ab\u00a0Tous les moyens sont mobilis\u00e9s pour identifier, rechercher, interpeller et mettre \u00e0 disposition de la justice les auteurs de ces actes\u00a0\u00bb, a \u00e9galement \u00e9crit le pr\u00e9fet des Alpes-Maritimes.\u00a0<\/p>\n<blockquote class=\"twitter-tweet\">\n<p lang=\"fr\" dir=\"ltr\">Le r\u00e9tablissement progressif de l&rsquo;\u00e9lectricit\u00e9 est actuellement en cours dans les Alpes-Maritimes.<\/p>\n<p>Le pr\u00e9fet Laurent HOTTIAUX condamne avec la plus grande fermet\u00e9 ces actes graves de d\u00e9gradations portant atteinte \u00e0 l\u2019int\u00e9grit\u00e9 des infrastructures \u00e9lectriques.<\/p>\n<p>Restez prudents\u2026 <a href=\"https:\/\/t.co\/79cpWh5aUQ\">pic.twitter.com\/79cpWh5aUQ<\/a><\/p>\n<p>\u2014 Pr\u00e9fet des Alpes-Maritimes\ud83c\uddeb\ud83c\uddf7 (@prefet06) <a href=\"https:\/\/twitter.com\/prefet06\/status\/1926267951889473893?ref_src=twsrc%5Etfw\" target=\"_blank\" rel=\"noopener\">May 24, 2025<\/a><\/p><\/blockquote>\n<p>    La r\u00e9daction vous recommande<\/p>\n<p class=\"s-newsletter__title\">\n                L\u2019actualit\u00e9 par la r\u00e9daction de RTL dans votre bo\u00eete mail.\n            <\/p>\n<p class=\"s-newsletter__subtitle\">\n                Gr\u00e2ce \u00e0 votre compte RTL abonnez-vous \u00e0 la newsletter RTL info pour suivre toute l&rsquo;actualit\u00e9 au quotidien\n            <\/p>\n<p>\n                                    Lire la suite\n                                <\/p>\n<p>                            <script async src=\"https:\/\/platform.twitter.com\/widgets.js\" charset=\"utf-8\"><\/script><\/p>\n","protected":false},"excerpt":{"rendered":"Une panne massive prive 160.000 foyers d&rsquo;\u00e9lectricit\u00e9 dans les Alpes-Maritimes, ce samedi 24 mai. De Mandelieu-la-Napoule \u00e0 Antibes,&hellip;\n","protected":false},"author":2,"featured_media":124894,"comment_status":"","ping_status":"","sticky":false,"template":"","format":"standard","meta":{"footnotes":""},"categories":[4],"tags":[11,7306,579,5634,107,1011,27,12,362,25],"class_list":{"0":"post-124893","1":"post","2":"type-post","3":"status-publish","4":"format-standard","5":"has-post-thumbnail","7":"category-france","8":"tag-actualites","9":"tag-cannes","10":"tag-electricite","11":"tag-festival-de-cannes","12":"tag-fil-info","13":"tag-fr","14":"tag-france","15":"tag-news","16":"tag-replay","17":"tag-republique-francaise"},"share_on_mastodon":{"url":"https:\/\/pubeurope.com\/@fr\/114563702069878711","error":""},"_links":{"self":[{"href":"https:\/\/www.europesays.com\/fr\/wp-json\/wp\/v2\/posts\/124893","targetHints":{"allow":["GET"]}}],"collection":[{"href":"https:\/\/www.europesays.com\/fr\/wp-json\/wp\/v2\/posts"}],"about":[{"href":"https:\/\/www.europesays.com\/fr\/wp-json\/wp\/v2\/types\/post"}],"author":[{"embeddable":true,"href":"https:\/\/www.europesays.com\/fr\/wp-json\/wp\/v2\/users\/2"}],"replies":[{"embeddable":true,"href":"https:\/\/www.europesays.com\/fr\/wp-json\/wp\/v2\/comments?post=124893"}],"version-history":[{"count":0,"href":"https:\/\/www.europesays.com\/fr\/wp-json\/wp\/v2\/posts\/124893\/revisions"}],"wp:featuredmedia":[{"embeddable":true,"href":"https:\/\/www.europesays.com\/fr\/wp-json\/wp\/v2\/media\/124894"}],"wp:attachment":[{"href":"https:\/\/www.europesays.com\/fr\/wp-json\/wp\/v2\/media?parent=124893"}],"wp:term":[{"taxonomy":"category","embeddable":true,"href":"https:\/\/www.europesays.com\/fr\/wp-json\/wp\/v2\/categories?post=124893"},{"taxonomy":"post_tag","embeddable":true,"href":"https:\/\/www.europesays.com\/fr\/wp-json\/wp\/v2\/tags?post=124893"}],"curies":[{"name":"wp","href":"https:\/\/api.w.org\/{rel}","templated":true}]}}