{"id":124897,"date":"2025-05-24T16:17:09","date_gmt":"2025-05-24T16:17:09","guid":{"rendered":"https:\/\/www.europesays.com\/fr\/124897\/"},"modified":"2025-05-24T16:17:09","modified_gmt":"2025-05-24T16:17:09","slug":"loire-pour-la-presse-etrangere-saint-etienne-nest-pas-encore-ville-design-mais-a-du-potentiel","status":"publish","type":"post","link":"https:\/\/www.europesays.com\/fr\/124897\/","title":{"rendered":"Loire. Pour la presse \u00e9trang\u00e8re, Saint-\u00c9tienne n&rsquo;est pas encore \u00ab\u00a0ville design\u00a0\u00bb, mais a \u00ab\u00a0du potentiel\u00a0\u00bb"},"content":{"rendered":"<p>Le St\u00e9phanois ne saurait pas vendre sa commune. L\u2019image de \u00ab\u00a0ville noire\u00a0\u00bb biaiserait le regard des Fran\u00e7ais. Alors qu\u2019en pensent les visiteurs \u00e9trangers\u00a0? Lors de la visite de presse inaugurale de la 13e \u00e9dition de la Biennale internationale du design , nous avons demand\u00e9 aux journalistes \u00e9trangers leur regard sur l\u2019\u00e9v\u00e9nement et la ville. La Biennale de design st\u00e9phanoise n\u2019aurait d\u2019internationale que le nom \u00e0 en croire ces derniers.<\/p>\n<p>\u00ab\u00a0La dimension internationale n\u2019est pas encore faite\u00a0\u00bb<\/p>\n<p>Originaire des \u00c9tats-Unis, \u00c9rin Tallman, est r\u00e9dactrice en chef du magazine international ArchiExpo\u00a0: \u00ab\u00a0Aux \u00c9tats-Unis, quand on parle de design europ\u00e9en, on pense&#8230;<\/p>\n","protected":false},"excerpt":{"rendered":"Le St\u00e9phanois ne saurait pas vendre sa commune. L\u2019image de \u00ab\u00a0ville noire\u00a0\u00bb biaiserait le regard des Fran\u00e7ais. Alors&hellip;\n","protected":false},"author":2,"featured_media":124898,"comment_status":"","ping_status":"","sticky":false,"template":"","format":"standard","meta":{"footnotes":""},"categories":[9653],"tags":[1111,11,2430,1687,7539,1777,674,1011,27,3367,12,25,4001,7538,10806],"class_list":{"0":"post-124897","1":"post","2":"type-post","3":"status-publish","4":"format-standard","5":"has-post-thumbnail","7":"category-saint-etienne","8":"tag-actu","9":"tag-actualites","10":"tag-auvergne-rhone-alpes","11":"tag-culture-loisirs","12":"tag-edition-loire-sud","13":"tag-eu","14":"tag-europe","15":"tag-fr","16":"tag-france","17":"tag-loire","18":"tag-news","19":"tag-republique-francaise","20":"tag-saint-etienne","21":"tag-saint-etienne-ville","22":"tag-selection-de-la-redaction-42"},"share_on_mastodon":{"url":"https:\/\/pubeurope.com\/@fr\/114563714126696736","error":""},"_links":{"self":[{"href":"https:\/\/www.europesays.com\/fr\/wp-json\/wp\/v2\/posts\/124897","targetHints":{"allow":["GET"]}}],"collection":[{"href":"https:\/\/www.europesays.com\/fr\/wp-json\/wp\/v2\/posts"}],"about":[{"href":"https:\/\/www.europesays.com\/fr\/wp-json\/wp\/v2\/types\/post"}],"author":[{"embeddable":true,"href":"https:\/\/www.europesays.com\/fr\/wp-json\/wp\/v2\/users\/2"}],"replies":[{"embeddable":true,"href":"https:\/\/www.europesays.com\/fr\/wp-json\/wp\/v2\/comments?post=124897"}],"version-history":[{"count":0,"href":"https:\/\/www.europesays.com\/fr\/wp-json\/wp\/v2\/posts\/124897\/revisions"}],"wp:featuredmedia":[{"embeddable":true,"href":"https:\/\/www.europesays.com\/fr\/wp-json\/wp\/v2\/media\/124898"}],"wp:attachment":[{"href":"https:\/\/www.europesays.com\/fr\/wp-json\/wp\/v2\/media?parent=124897"}],"wp:term":[{"taxonomy":"category","embeddable":true,"href":"https:\/\/www.europesays.com\/fr\/wp-json\/wp\/v2\/categories?post=124897"},{"taxonomy":"post_tag","embeddable":true,"href":"https:\/\/www.europesays.com\/fr\/wp-json\/wp\/v2\/tags?post=124897"}],"curies":[{"name":"wp","href":"https:\/\/api.w.org\/{rel}","templated":true}]}}