{"id":124899,"date":"2025-05-24T16:18:24","date_gmt":"2025-05-24T16:18:24","guid":{"rendered":"https:\/\/www.europesays.com\/fr\/124899\/"},"modified":"2025-05-24T16:18:24","modified_gmt":"2025-05-24T16:18:24","slug":"a-laxou-une-esplanade-au-nom-du-celebre-resistant-roland-pierre-legrand","status":"publish","type":"post","link":"https:\/\/www.europesays.com\/fr\/124899\/","title":{"rendered":"\u00e0 Laxou, une esplanade au nom du c\u00e9l\u00e8bre r\u00e9sistant Roland-Pierre Legrand"},"content":{"rendered":"<p>Il y a du vent et du soleil, ce samedi matin, tout en haut du boulevard de la R\u00e9sistance, \u00e0 <a href=\"https:\/\/www.estrepublicain.fr\/edition-nancy-et-agglomeration\/laxou\" target=\"_blank\" rel=\"noopener\">Laxou<\/a>. Un peu d\u2019\u00e9motion aussi, et du monde, des papis avec les b\u00e9rets bleus de l\u2019aviation l\u00e9g\u00e8re de l\u2019arm\u00e9e de terre (ALAT), d\u2019anciens militaires qui ont fait l\u2019Alg\u00e9rie et peut-\u00eatre l\u2019Indochine.<\/p>\n<p>Bref, une soixantaine de personnes mass\u00e9es devant l\u2019immense <a href=\"https:\/\/www.estrepublicain.fr\/meurthe-et-moselle\/2014\/10\/19\/churchill-a-nancy-et-laxou\" target=\"_blank\" rel=\"noopener\">croix de Lorraine<\/a> en marbre rose, tous venus voir l\u2019inauguration d\u2019une esplanade au nom d\u2019un c\u00e9l\u00e8bre r\u00e9sistant nanc\u00e9ien ayant particip\u00e9 \u00e0 la lib\u00e9ration de la ville\u00a0: le colonel <a href=\"https:\/\/www.estrepublicain.fr\/societe\/2024\/09\/11\/andre-collard-je-ne-me-vante-pas-je-n-ai-fait-que-mon-travail\" target=\"_blank\" rel=\"noopener\">Roland-Pierre Legrand<\/a> , <a href=\"https:\/\/www.estrepublicain.fr\/edition-de-nancy-ville\/2018\/04\/24\/deces-du-colonel-roland-legrand\" target=\"_blank\" rel=\"noopener\">mort le 28\u00a0avril 2018<\/a> , \u00e0 94 ans.<\/p>\n<p>  R\u00e9sistant \u00e0 18 ans<\/p>\n<p>Alors, vers 11\u00a0h\u00a010, le maire de Laxou, <a href=\"https:\/\/www.estrepublicain.fr\/p\/laurent-garcia\" target=\"_blank\" rel=\"noopener\"> Laurent Garcia<\/a> , a commenc\u00e9 par prendre la parole\u00a0: deux minutes pour rappeler qui \u00e9tait ce h\u00e9ros. \u00ab\u00a0Un patriote dans le bon sens du terme, un r\u00e9sistant.\u00a0\u00bb<\/p>\n<p>Il a ensuite regard\u00e9 une dame dans les yeux, au premier rang\u00a0: \u00ab\u00a0Vous pouvez \u00eatre fi\u00e8re de l\u2019homme que vous avez aim\u00e9.\u00a0\u00bb C\u2019\u00e9tait la veuve du colonel, Jocelyne Legrand, 81 ans et un sourire de jeune fille, \u00ab\u00a0heureuse d\u2019\u00eatre l\u00e0\u00a0\u00bb.<\/p>\n<p>De cet homme, ce mari, il en a ensuite \u00e9t\u00e9 question avec <a href=\"https:\/\/www.estrepublicain.fr\/societe\/2023\/05\/30\/jean-pierre-pesson-un-grand-sens-de-l-engagement-et-du-devouement-patriotique\" target=\"_blank\" rel=\"noopener\">Jean-Pierre Pesson<\/a> , de l\u2019Union nationale des associations de d\u00e9port\u00e9s et intern\u00e9s de la R\u00e9sistance et des familles. Pendant trente minutes, il a retrac\u00e9 l\u2019incroyable vie de Roland-Pierre Legrand\u00a0: entr\u00e9e dans la r\u00e9sistance \u00e0 m\u00eame pas 18 ans, chef des Forces fran\u00e7aises de l\u2019int\u00e9rieur (FFI) r\u00e9gion C, leader d\u2019une centaine d\u2019hommes, participation \u00e0 la Lib\u00e9ration de Nancy.<\/p>\n<p>Des histoires, il y en a plein, comme celle-ci\u00a0: le 30\u00a0ao\u00fbt 1944, il est charg\u00e9 de couper le c\u00e2ble t\u00e9l\u00e9phonique de la ligne Paris-Strasbourg. Avec \u00ab\u00a0Coco\u00a0\u00bb, r\u00e9sistant lui aussi, il monte \u00e0 v\u00e9lo avenue de Boufflers, o\u00f9 ils posent des explosifs sur plusieurs poteaux avant d\u2019entamer le chemin inverse.<\/p>\n<p>  \u00ab\u00a0Je suis boulevers\u00e9e\u00a0\u00bb<\/p>\n<p>Dans la descente, ils tombent sur une patrouille de la Gestapo. Legrand veut utiliser son arme, l\u2019autre l\u2019en dissuade\u00a0: sage d\u00e9cision, la police les laisse partir sans les fouiller. Apr\u00e8s <a href=\"https:\/\/www.estrepublicain.fr\/edition-de-nancy-ville\/2019\/09\/10\/photos-nancy-septembre-1944-la-liberation-de-la-ville\" target=\"_blank\" rel=\"noopener\">la Lib\u00e9ration<\/a> , Roland-Pierre Legrand poursuit dans l\u2019arm\u00e9e o\u00f9 il est promu colonel\u00a0: <a href=\"https:\/\/www.estrepublicain.fr\/culture-loisirs\/2025\/04\/28\/il-explore-un-episode-meconnu-de-la-guerre-d-algerie\" target=\"_blank\" rel=\"noopener\">Alg\u00e9rie<\/a> , Indochine. Puis il s\u2019engage dans une autre mission\u00a0: la m\u00e9moire.<\/p>\n<p>Il \u00e9tait entre autres pr\u00e9sident du comit\u00e9 d\u2019organisation du <a href=\"https:\/\/www.estrepublicain.fr\/societe\/2024\/06\/12\/la-remise-de-prix-du-concours-national-de-la-resistance-et-de-la-deportation-s-est-tenue-dans-un-contexte-particulier\" target=\"_blank\" rel=\"noopener\">concours national du prix de la R\u00e9sistance et de la D\u00e9portation<\/a>.<\/p>\n<p>Ce samedi, la c\u00e9r\u00e9monie s\u2019est finie vers 11\u00a0h\u00a045 avec le d\u00e9voilement de la plaque de l\u2019esplanade. Tout le monde s\u2019est alors lev\u00e9 des chaises. Mentons relev\u00e9s, regard fix\u00e9 vers la plaque. La Marseillaise criait son refrain sur le sang impur. Quelques frissons. Sa veuve souriait encore, \u00e9mue\u00a0: \u00ab\u00a0Je suis boulevers\u00e9e. C\u2019est un tel honneur.\u00a0\u00bb<\/p>\n","protected":false},"excerpt":{"rendered":"Il y a du vent et du soleil, ce samedi matin, tout en haut du boulevard de la&hellip;\n","protected":false},"author":2,"featured_media":124900,"comment_status":"","ping_status":"","sticky":false,"template":"","format":"standard","meta":{"footnotes":""},"categories":[9635],"tags":[1111,11,3206,1704,1057,1777,674,1011,27,775,937,1702,1703,12,25,104],"class_list":{"0":"post-124899","1":"post","2":"type-post","3":"status-publish","4":"format-standard","5":"has-post-thumbnail","7":"category-nancy","8":"tag-actu","9":"tag-actualites","10":"tag-defense-guerre-conflit","11":"tag-edition-nancy-et-agglomeration","12":"tag-education","13":"tag-eu","14":"tag-europe","15":"tag-fr","16":"tag-france","17":"tag-grand-est","18":"tag-histoire","19":"tag-nancy","20":"tag-nancy-ville-54b","21":"tag-news","22":"tag-republique-francaise","23":"tag-societe"},"share_on_mastodon":{"url":"https:\/\/pubeurope.com\/@fr\/114563717822987651","error":""},"_links":{"self":[{"href":"https:\/\/www.europesays.com\/fr\/wp-json\/wp\/v2\/posts\/124899","targetHints":{"allow":["GET"]}}],"collection":[{"href":"https:\/\/www.europesays.com\/fr\/wp-json\/wp\/v2\/posts"}],"about":[{"href":"https:\/\/www.europesays.com\/fr\/wp-json\/wp\/v2\/types\/post"}],"author":[{"embeddable":true,"href":"https:\/\/www.europesays.com\/fr\/wp-json\/wp\/v2\/users\/2"}],"replies":[{"embeddable":true,"href":"https:\/\/www.europesays.com\/fr\/wp-json\/wp\/v2\/comments?post=124899"}],"version-history":[{"count":0,"href":"https:\/\/www.europesays.com\/fr\/wp-json\/wp\/v2\/posts\/124899\/revisions"}],"wp:featuredmedia":[{"embeddable":true,"href":"https:\/\/www.europesays.com\/fr\/wp-json\/wp\/v2\/media\/124900"}],"wp:attachment":[{"href":"https:\/\/www.europesays.com\/fr\/wp-json\/wp\/v2\/media?parent=124899"}],"wp:term":[{"taxonomy":"category","embeddable":true,"href":"https:\/\/www.europesays.com\/fr\/wp-json\/wp\/v2\/categories?post=124899"},{"taxonomy":"post_tag","embeddable":true,"href":"https:\/\/www.europesays.com\/fr\/wp-json\/wp\/v2\/tags?post=124899"}],"curies":[{"name":"wp","href":"https:\/\/api.w.org\/{rel}","templated":true}]}}