{"id":124903,"date":"2025-05-24T16:20:14","date_gmt":"2025-05-24T16:20:14","guid":{"rendered":"https:\/\/www.europesays.com\/fr\/124903\/"},"modified":"2025-05-24T16:20:14","modified_gmt":"2025-05-24T16:20:14","slug":"la-valette-en-action-precise-sa-feuille-de-route-pour-2026","status":"publish","type":"post","link":"https:\/\/www.europesays.com\/fr\/124903\/","title":{"rendered":"La Valette en action pr\u00e9cise sa feuille de route pour 2026"},"content":{"rendered":"\n<p>Premier groupe d\u2019opposition \u00e0 la mairie, La Valette en action est revenu mercredi sur l\u2019action de la municipalit\u00e9 actuelle, avant de pr\u00e9senter ses objectifs pour les \u00e9lections municipales de mars 2026.<\/p>\n<p>Depuis 2020, ses \u00e9lus d\u00e9noncent l\u2019action du maire, Thierry Albertini, contre lequel ils avaient d\u00e9pos\u00e9 deux plaintes en 2023 et 2024 pour favoritisme, d\u00e9tournement de fonds publics et corruption, \u00e0 propos de huit dossiers majoritairement li\u00e9s aux projets immobiliers de la ville. Deux plaintes qui avaient justifi\u00e9 la perquisition de la mairie en avril. L\u2019\u00e9dile s\u2019est \u00e9galement vu remettre le prix ironique de la Tron\u00e7onneuse d\u2019or, pour la coupe de \u00ab\u00a0plus de 1\u00a0400\u00a0arbres adultes (&#8230;) ces quatre derni\u00e8res ann\u00e9es\u00a0\u00bb.<\/p>\n<p> Appel \u00e0 une \u00ab\u00a0grande coalition citoyenne\u00a0\u00bb\n              <\/p>\n<p>La Valette en action d\u00e9nonce notamment \u00ab\u00a0une ville ab\u00eem\u00e9e, ultra-b\u00e9tonn\u00e9e, des projets d\u00e9mesur\u00e9s, une insuffisance des services publics avec l\u2019augmentation de la population induite par les programmes immobiliers, l\u2019ins\u00e9curit\u00e9 et le manque d\u2019entretien, les d\u00e9penses somptuaires et superficielles d\u2019un maire Bling-Bling [qui ont men\u00e9 \u00e0] un endettement historique, l\u2019affairisme et les affaires judiciaires du maire qui interrogent sur ses rapports avec les int\u00e9r\u00eats priv\u00e9s\u00a0\u00bb.<\/p>\n<p>En r\u00e9ponse, la liste citoyenne propose de renouer avec \u00ab\u00a0l\u2019\u00e9thique et la probit\u00e9\u00a0\u00bb et de mettre en place \u00ab\u00a0des solutions de proximit\u00e9 [c\u2019est-\u00e0-dire des services publics] dans tous les quartiers, une politique d\u2019urbanisme et de logements raisonn\u00e9e et \u00e9quilibr\u00e9e\u00a0\u00bb. Elle veut aussi \u00ab\u00a0prot\u00e9ger davantage les fonctionnaires et donner les moyens \u00e0 certains services en souffrance de pouvoir mieux fonctionner, am\u00e9liorer la gestion financi\u00e8re de la ville et \u00eatre plus rigoureux dans l\u2019utilisation des deniers publics\u00a0\u00bb. Les membres de la liste entendent \u00e9galement favoriser un \u00ab\u00a0syst\u00e8me de transport en commun adapt\u00e9 dans l\u2019ouest de la m\u00e9tropole\u00a0\u00bb, avec \u00ab\u00a0un t\u00e9l\u00e9ph\u00e9rique urbain pour desservir les points n\u00e9vralgiques\u00a0\u00bb.<\/p>\n<p>Autant de points sur lesquels le groupe veut mobiliser, \u00ab\u00a0une grande coalition citoyenne\u00a0\u00bb au-del\u00e0 des partis, men\u00e9e par son chef de file, Olivier Lutersztejn, en vue des \u00e9lections municipales 2026. Avec l\u2019objectif de faire de la Valette \u00ab\u00a0une ville plus s\u00fbre, plus propre, plus durable plus apais\u00e9e et surtout mieux g\u00e9r\u00e9e\u00a0\u00bb. Tout un programme.<\/p>\n","protected":false},"excerpt":{"rendered":"Premier groupe d\u2019opposition \u00e0 la mairie, La Valette en action est revenu mercredi sur l\u2019action de la municipalit\u00e9&hellip;\n","protected":false},"author":2,"featured_media":124904,"comment_status":"","ping_status":"","sticky":false,"template":"","format":"standard","meta":{"footnotes":""},"categories":[9619],"tags":[1111,11,1777,674,1011,27,3434,12,882,25,2310],"class_list":{"0":"post-124903","1":"post","2":"type-post","3":"status-publish","4":"format-standard","5":"has-post-thumbnail","7":"category-toulon","8":"tag-actu","9":"tag-actualites","10":"tag-eu","11":"tag-europe","12":"tag-fr","13":"tag-france","14":"tag-municipales-2026","15":"tag-news","16":"tag-provence-alpes-cote-dazur","17":"tag-republique-francaise","18":"tag-toulon"},"share_on_mastodon":{"url":"https:\/\/pubeurope.com\/@fr\/114563725583724947","error":""},"_links":{"self":[{"href":"https:\/\/www.europesays.com\/fr\/wp-json\/wp\/v2\/posts\/124903","targetHints":{"allow":["GET"]}}],"collection":[{"href":"https:\/\/www.europesays.com\/fr\/wp-json\/wp\/v2\/posts"}],"about":[{"href":"https:\/\/www.europesays.com\/fr\/wp-json\/wp\/v2\/types\/post"}],"author":[{"embeddable":true,"href":"https:\/\/www.europesays.com\/fr\/wp-json\/wp\/v2\/users\/2"}],"replies":[{"embeddable":true,"href":"https:\/\/www.europesays.com\/fr\/wp-json\/wp\/v2\/comments?post=124903"}],"version-history":[{"count":0,"href":"https:\/\/www.europesays.com\/fr\/wp-json\/wp\/v2\/posts\/124903\/revisions"}],"wp:featuredmedia":[{"embeddable":true,"href":"https:\/\/www.europesays.com\/fr\/wp-json\/wp\/v2\/media\/124904"}],"wp:attachment":[{"href":"https:\/\/www.europesays.com\/fr\/wp-json\/wp\/v2\/media?parent=124903"}],"wp:term":[{"taxonomy":"category","embeddable":true,"href":"https:\/\/www.europesays.com\/fr\/wp-json\/wp\/v2\/categories?post=124903"},{"taxonomy":"post_tag","embeddable":true,"href":"https:\/\/www.europesays.com\/fr\/wp-json\/wp\/v2\/tags?post=124903"}],"curies":[{"name":"wp","href":"https:\/\/api.w.org\/{rel}","templated":true}]}}