{"id":124927,"date":"2025-05-24T16:34:11","date_gmt":"2025-05-24T16:34:11","guid":{"rendered":"https:\/\/www.europesays.com\/fr\/124927\/"},"modified":"2025-05-24T16:34:11","modified_gmt":"2025-05-24T16:34:11","slug":"quatre-voitures-incendiees-a-la-meme-heure-dans-deux-quartiers-differents-de-nantes","status":"publish","type":"post","link":"https:\/\/www.europesays.com\/fr\/124927\/","title":{"rendered":"Quatre voitures incendi\u00e9es \u00e0 la m\u00eame heure, dans deux quartiers diff\u00e9rents de Nantes"},"content":{"rendered":"<p>Les faits se sont d\u00e9roul\u00e9s \u00e0 la m\u00eame heure, aux alentours de 1\u00a0h\u00a015 du matin, dans la nuit du vendredi\u00a023 au samedi 24\u00a0mai. Quatre v\u00e9hicules ont \u00e9t\u00e9 incendi\u00e9s et d\u00e9grad\u00e9s dans deux quartiers diff\u00e9rents de <a href=\"https:\/\/nantes.maville.com\/info\/info-locale\/\" target=\"_self\" rel=\"nofollow noopener\">Nantes<\/a> (Loire-Atlantique).<\/p>\n<p>Trois d\u2019entre eux ont \u00e9t\u00e9 br\u00fbl\u00e9s non loin du gymnase de No\u00e9 Lambert, \u00e0 l\u2019est de la Cit\u00e9 des Ducs, et une voiture a \u00e9galement \u00e9t\u00e9 d\u00e9grad\u00e9e. Dans le m\u00eame temps, un autre v\u00e9hicule a \u00e9t\u00e9 incendi\u00e9 \u00e0 proximit\u00e9 de l\u2019arr\u00eat de tramway Croix Bonneau, cette fois-ci \u00e0 l\u2019ouest de Nantes. Selon une source proche du dossier, ces actes seraient vraisemblablement d\u2019origine volontaire, sans que l\u2019on en connaisse les motivations \u00e0 ce stade.<\/p>\n<p>\u00a0<\/p>\n","protected":false},"excerpt":{"rendered":"Les faits se sont d\u00e9roul\u00e9s \u00e0 la m\u00eame heure, aux alentours de 1\u00a0h\u00a015 du matin, dans la nuit&hellip;\n","protected":false},"author":2,"featured_media":124928,"comment_status":"","ping_status":"","sticky":false,"template":"","format":"standard","meta":{"footnotes":""},"categories":[2818],"tags":[1111,11,24781,1777,674,1011,27,3838,24780,3133,766,12,2636,5116,25,3888],"class_list":{"0":"post-124927","1":"post","2":"type-post","3":"status-publish","4":"format-standard","5":"has-post-thumbnail","7":"category-nantes","8":"tag-actu","9":"tag-actualites","10":"tag-differents","11":"tag-eu","12":"tag-europe","13":"tag-fr","14":"tag-france","15":"tag-heure","16":"tag-incendiees","17":"tag-meme","18":"tag-nantes","19":"tag-news","20":"tag-pays-de-la-loire","21":"tag-quartiers","22":"tag-republique-francaise","23":"tag-voitures"},"share_on_mastodon":{"url":"https:\/\/pubeurope.com\/@fr\/114563780771215458","error":""},"_links":{"self":[{"href":"https:\/\/www.europesays.com\/fr\/wp-json\/wp\/v2\/posts\/124927","targetHints":{"allow":["GET"]}}],"collection":[{"href":"https:\/\/www.europesays.com\/fr\/wp-json\/wp\/v2\/posts"}],"about":[{"href":"https:\/\/www.europesays.com\/fr\/wp-json\/wp\/v2\/types\/post"}],"author":[{"embeddable":true,"href":"https:\/\/www.europesays.com\/fr\/wp-json\/wp\/v2\/users\/2"}],"replies":[{"embeddable":true,"href":"https:\/\/www.europesays.com\/fr\/wp-json\/wp\/v2\/comments?post=124927"}],"version-history":[{"count":0,"href":"https:\/\/www.europesays.com\/fr\/wp-json\/wp\/v2\/posts\/124927\/revisions"}],"wp:featuredmedia":[{"embeddable":true,"href":"https:\/\/www.europesays.com\/fr\/wp-json\/wp\/v2\/media\/124928"}],"wp:attachment":[{"href":"https:\/\/www.europesays.com\/fr\/wp-json\/wp\/v2\/media?parent=124927"}],"wp:term":[{"taxonomy":"category","embeddable":true,"href":"https:\/\/www.europesays.com\/fr\/wp-json\/wp\/v2\/categories?post=124927"},{"taxonomy":"post_tag","embeddable":true,"href":"https:\/\/www.europesays.com\/fr\/wp-json\/wp\/v2\/tags?post=124927"}],"curies":[{"name":"wp","href":"https:\/\/api.w.org\/{rel}","templated":true}]}}