{"id":124939,"date":"2025-05-24T16:40:20","date_gmt":"2025-05-24T16:40:20","guid":{"rendered":"https:\/\/www.europesays.com\/fr\/124939\/"},"modified":"2025-05-24T16:40:20","modified_gmt":"2025-05-24T16:40:20","slug":"la-caserne-de-pompiers-destaires-victime-de-degradations","status":"publish","type":"post","link":"https:\/\/www.europesays.com\/fr\/124939\/","title":{"rendered":"La caserne de pompiers d&rsquo;Estaires victime de d\u00e9gradations"},"content":{"rendered":"\n<p data-syno-attrs=\"{&quot;textMarks&quot;:[{&quot;_&quot;:&quot;font_size&quot;,&quot;value&quot;:&quot;14pt&quot;},{&quot;_&quot;:&quot;font_family&quot;,&quot;value&quot;:&quot;Times New Roman&quot;}]}\"><strong>La caserne des pompiers d\u2019Estaires<\/strong><strong>\u00a0victime de d\u00e9gradations dans la nuit de jeudi \u00e0 vendredi. <\/strong><\/p>\n<p data-syno-attrs=\"{&quot;textMarks&quot;:[{&quot;_&quot;:&quot;font_size&quot;,&quot;value&quot;:&quot;14pt&quot;},{&quot;_&quot;:&quot;font_family&quot;,&quot;value&quot;:&quot;Times New Roman&quot;}]}\">Un acte de vandalisme, des tags contre le b\u00e2timent. Des v\u00e9hicules situ\u00e9s dans la rue ont subi le m\u00eame sort. <strong>La direction du SDIS 59 d\u00e9nonce avec la plus grande fermet\u00e9 cet acte<\/strong>, \u00ab\u00a0intol\u00e9rable, inutile et profond\u00e9ment irrespectueux envers les femmes et les hommes qui, chaque jour, s\u2019engagent avec loyaut\u00e9 au service de la population.\u00a0\u00bb <\/p>\n<p data-syno-attrs=\"{&quot;textMarks&quot;:[{&quot;_&quot;:&quot;font_size&quot;,&quot;value&quot;:&quot;14pt&quot;},{&quot;_&quot;:&quot;font_family&quot;,&quot;value&quot;:&quot;Times New Roman&quot;}]}\"><strong>Une plainte a \u00e9t\u00e9 d\u00e9pos\u00e9e pour d\u00e9gradations volontaires d\u2019un b\u00e2timent public.<\/strong><\/p>\n<p data-syno-attrs=\"{&quot;textMarks&quot;:[{&quot;_&quot;:&quot;font_size&quot;,&quot;value&quot;:&quot;14pt&quot;},{&quot;_&quot;:&quot;font_family&quot;,&quot;value&quot;:&quot;Times New Roman&quot;}]}\">\u00a0<\/p>\n","protected":false},"excerpt":{"rendered":"La caserne des pompiers d\u2019Estaires\u00a0victime de d\u00e9gradations dans la nuit de jeudi \u00e0 vendredi. Un acte de vandalisme,&hellip;\n","protected":false},"author":2,"featured_media":124940,"comment_status":"","ping_status":"","sticky":false,"template":"","format":"standard","meta":{"footnotes":""},"categories":[2815],"tags":[24791,1111,11,24783,24782,7229,13635,24794,24789,1777,674,24787,24792,1011,27,811,24784,24785,1307,24788,12,24790,2634,24793,25,24387,24786,21890,11942,7727],"class_list":{"0":"post-124939","1":"post","2":"type-post","3":"status-publish","4":"format-standard","5":"has-post-thumbnail","7":"category-lille","8":"tag-acte-de-vandalisme","9":"tag-actu","10":"tag-actualites","11":"tag-batiment-public","12":"tag-caserne-de-pompiers","13":"tag-degradations","14":"tag-direction","15":"tag-engagement","16":"tag-estaires","17":"tag-eu","18":"tag-europe","19":"tag-femmes-et-hommes","20":"tag-fermete","21":"tag-fr","22":"tag-france","23":"tag-hauts-de-france","24":"tag-intolerable","25":"tag-irrespectueux","26":"tag-lille","27":"tag-loyaute","28":"tag-news","29":"tag-nuit-de-jeudi-a-vendredi","30":"tag-plainte","31":"tag-protection-civile","32":"tag-republique-francaise","33":"tag-sdis-59","34":"tag-service-de-la-population","35":"tag-tags","36":"tag-vandalisme","37":"tag-vehicules"},"share_on_mastodon":{"url":"https:\/\/pubeurope.com\/@fr\/114563804303713869","error":""},"_links":{"self":[{"href":"https:\/\/www.europesays.com\/fr\/wp-json\/wp\/v2\/posts\/124939","targetHints":{"allow":["GET"]}}],"collection":[{"href":"https:\/\/www.europesays.com\/fr\/wp-json\/wp\/v2\/posts"}],"about":[{"href":"https:\/\/www.europesays.com\/fr\/wp-json\/wp\/v2\/types\/post"}],"author":[{"embeddable":true,"href":"https:\/\/www.europesays.com\/fr\/wp-json\/wp\/v2\/users\/2"}],"replies":[{"embeddable":true,"href":"https:\/\/www.europesays.com\/fr\/wp-json\/wp\/v2\/comments?post=124939"}],"version-history":[{"count":0,"href":"https:\/\/www.europesays.com\/fr\/wp-json\/wp\/v2\/posts\/124939\/revisions"}],"wp:featuredmedia":[{"embeddable":true,"href":"https:\/\/www.europesays.com\/fr\/wp-json\/wp\/v2\/media\/124940"}],"wp:attachment":[{"href":"https:\/\/www.europesays.com\/fr\/wp-json\/wp\/v2\/media?parent=124939"}],"wp:term":[{"taxonomy":"category","embeddable":true,"href":"https:\/\/www.europesays.com\/fr\/wp-json\/wp\/v2\/categories?post=124939"},{"taxonomy":"post_tag","embeddable":true,"href":"https:\/\/www.europesays.com\/fr\/wp-json\/wp\/v2\/tags?post=124939"}],"curies":[{"name":"wp","href":"https:\/\/api.w.org\/{rel}","templated":true}]}}