{"id":124944,"date":"2025-05-24T16:43:10","date_gmt":"2025-05-24T16:43:10","guid":{"rendered":"https:\/\/www.europesays.com\/fr\/124944\/"},"modified":"2025-05-24T16:43:10","modified_gmt":"2025-05-24T16:43:10","slug":"il-donne-de-la-force-a-tout-le-monde-jul-a-electrise-le-stade-velodrome-de-marseille","status":"publish","type":"post","link":"https:\/\/www.europesays.com\/fr\/124944\/","title":{"rendered":"\u00ab\u00a0Il donne de la force \u00e0 tout le monde\u00a0\u00bb : Jul a \u00e9lectris\u00e9 le Stade V\u00e9lodrome de Marseille"},"content":{"rendered":"<p>Le rappeur \u00e9tait au Stade V\u00e9lodrome de Marseille ce vendredi pour le premier de ses deux concerts marseillais.74.000 personnes sont venues applaudir l&rsquo;enfant du pays qui a battu un record d&rsquo;affluence.\u00a0\u00bbIl est toujours rest\u00e9 le m\u00eame depuis ses d\u00e9buts, c&rsquo;est \u00e7a que les gens aiment\u00a0\u00bb, analyse un fan.<a href=\"https:\/\/www.tf1info.fr\/emissions\/tf1\/le-13h-10927\/\" rel=\"noopener\" class=\"jsx-3118104007 Link jsx-1428418400 jsx-640816507\" target=\"_blank\"><\/p>\n<p style=\"font-weight:400\" class=\"jsx-1837267516\">Suivez la couverture compl\u00e8te<\/p>\n<p style=\"font-weight:800\" class=\"jsx-1837267516\">Le 13H<\/p>\n<p><\/a><\/p>\n<p data-module=\"article-paragraph\" class=\"jsx-362436225 Paragraph\">Il a mis le feu au Stade V\u00e9lodrome. <a href=\"https:\/\/www.tf1info.fr\/culture\/video-tf1-il-est-trop-fort-ces-fans-qui-attendent-depuis-5h-du-matin-le-concert-de-jul-au-velodrome-2372598.html\" target=\"_blank\" rel=\"noopener\">Jul a rassembl\u00e9 74.000 personnes pour le premier de ses deux concerts marseillais<\/a>. Le chanteur, dont les initiales sont devenues le signe de ralliement de millions de fans, peut se targuer d&rsquo;\u00eatre <a href=\"https:\/\/www.tf1info.fr\/culture\/pas-de-place-pour-son-concert-au-stade-de-france-rappeur-jul-a-trouve-la-solution-2367247.html\" target=\"_blank\" rel=\"noopener\">le plus gros vendeur de disques de l&rsquo;histoire du rap fran\u00e7ais.\u00a0<\/a><\/p>\n<p data-module=\"article-paragraph\" class=\"jsx-362436225 Paragraph Paragraph__End\">Loin de l&rsquo;image parfois bling-bling des rappeurs, Jul est appr\u00e9ci\u00e9 pour sa simplicit\u00e9. \u00ab\u00a0Il est toujours rest\u00e9 le m\u00eame depuis ses d\u00e9buts, c&rsquo;est \u00e7a que les gens aiment\u00a0\u00bb, analyse un fan dans le reportage ci-dessous. \u00ab\u00a0Il donne de la force aux travailleurs, aux gens dans les cit\u00e9s, aux personnes handicap\u00e9es, \u00e0 tout le monde !\u00a0\u00bb, rench\u00e9rit un autre.\u00a0<\/p>\n<p>La clef de son succ\u00e8s ? L&rsquo;authenticit\u00e9<\/p>\n<p data-module=\"article-paragraph\" class=\"jsx-362436225 Paragraph Paragraph__End\">Et il touche \u00e9galement un large public. \u00ab\u00a0C&rsquo;est beau ce qu&rsquo;il chante. Je pense qu&rsquo;il attire tous les \u00e2ges\u00a0\u00bb, confirme un autre fan plus \u00e2g\u00e9. Jul est pourtant un homme discret, presque timide, et qui n&rsquo;aime pas faire parler de lui en dehors de sa musique. Ce qui n&rsquo;a pas emp\u00each\u00e9 l&rsquo;artiste \u00e2g\u00e9 de 35 ans et issu d&rsquo;un quartier populaire marseillais de devenir <a href=\"https:\/\/www.tf1info.fr\/societe\/le-rappeur-marseillais-jul-cartonne-sur-itunes-1566010.html\" target=\"_blank\" rel=\"noopener\">un ph\u00e9nom\u00e8ne de soci\u00e9t\u00e9<\/a>.<\/p>\n<ul class=\"jsx-3657663356 ReadMoreArticle__List flex flex-column\">\n<li class=\"jsx-3657663356\"><a href=\"https:\/\/www.tf1info.fr\/culture\/en-concert-a-paris-dua-lipa-serait-elle-la-plus-francophile-des-popstars-britanniques-2372489.html\" rel=\"noopener\" class=\"jsx-4233824444 Link flex\" target=\"_blank\"><img decoding=\"async\" src=\"https:\/\/www.europesays.com\/fr\/wp-content\/uploads\/2025\/05\/dua-lipa-met-gala-2025-c9be3e-0@1x.jpeg\" alt=\"La chanteuse britannique Dua Lipa lors du Met Gala 2025 \u00e0 New York.\" loading=\"lazy\" importance=\"low\" fetchpriority=\"low\" class=\"\"\/>\n<p class=\"jsx-3657663356 ReadMoreArticle__Title\">Lire aussi<\/p>\n<p class=\"jsx-3657663356\">En concert \u00e0 Paris, Dua Lipa serait-elle la plus francophile des popstars britanniques ? <\/p>\n<p><\/a><\/li>\n<\/ul>\n<p data-module=\"article-paragraph\" class=\"jsx-362436225 Paragraph Paragraph__End\">Il suffit de voir la foule qui attendait l\u2019ouverture de sa boutique \u00e9ph\u00e9m\u00e8re au Prado Shopping du 23 mai au 7 juin \u00e0 l\u2019occasion de ses deux concerts au V\u00e9lodrome. T-shirts, casquettes, joggings ou accessoires, Jul a aussi cr\u00e9\u00e9 une marque \u00e0 son image. \u00ab\u00a0C&rsquo;est pas tape \u00e0 l&rsquo;oeil, c&rsquo;est pas m&rsquo;as-tu vu. C&rsquo;est simple\u00a0\u00bb, acquiesce cette fan. Il faut dire que l&rsquo;authenticit\u00e9, c&rsquo;est la cl\u00e9 de son succ\u00e8s. \u00ab\u00a0Chacun va s&rsquo;y retrouver d&rsquo;une mani\u00e8re ou d&rsquo;une autre, peu importe les g\u00e9n\u00e9rations\u00a0\u00bb, confirme Tarik Chakor, ma\u00eetre de conf\u00e9rence \u00e0 l&rsquo;universit\u00e9 d&rsquo;Aix-Marseille.\u00a0<\/p>\n<p>La r\u00e9daction de TF1info | Reportage : Martin FALAIZEAU, Maroine JIT, Emilie MOURIZ-BOUTILLY<\/p>\n","protected":false},"excerpt":{"rendered":"Le rappeur \u00e9tait au Stade V\u00e9lodrome de Marseille ce vendredi pour le premier de ses deux concerts marseillais.74.000&hellip;\n","protected":false},"author":2,"featured_media":124945,"comment_status":"","ping_status":"","sticky":false,"template":"","format":"standard","meta":{"footnotes":""},"categories":[2814],"tags":[1111,11,1921,1777,674,1011,27,1922,5008,884,2041,873,12,882,3616,25,199,133,2040],"class_list":{"0":"post-124944","1":"post","2":"type-post","3":"status-publish","4":"format-standard","5":"has-post-thumbnail","7":"category-marseille","8":"tag-actu","9":"tag-actualites","10":"tag-article-video","11":"tag-eu","12":"tag-europe","13":"tag-fr","14":"tag-france","15":"tag-info","16":"tag-le-13h","17":"tag-marseille","18":"tag-medias-et-divertissement","19":"tag-musique","20":"tag-news","21":"tag-provence-alpes-cote-dazur","22":"tag-rap","23":"tag-republique-francaise","24":"tag-tf1","25":"tag-video","26":"tag-video-culture"},"share_on_mastodon":{"url":"https:\/\/pubeurope.com\/@fr\/114563816058009387","error":""},"_links":{"self":[{"href":"https:\/\/www.europesays.com\/fr\/wp-json\/wp\/v2\/posts\/124944","targetHints":{"allow":["GET"]}}],"collection":[{"href":"https:\/\/www.europesays.com\/fr\/wp-json\/wp\/v2\/posts"}],"about":[{"href":"https:\/\/www.europesays.com\/fr\/wp-json\/wp\/v2\/types\/post"}],"author":[{"embeddable":true,"href":"https:\/\/www.europesays.com\/fr\/wp-json\/wp\/v2\/users\/2"}],"replies":[{"embeddable":true,"href":"https:\/\/www.europesays.com\/fr\/wp-json\/wp\/v2\/comments?post=124944"}],"version-history":[{"count":0,"href":"https:\/\/www.europesays.com\/fr\/wp-json\/wp\/v2\/posts\/124944\/revisions"}],"wp:featuredmedia":[{"embeddable":true,"href":"https:\/\/www.europesays.com\/fr\/wp-json\/wp\/v2\/media\/124945"}],"wp:attachment":[{"href":"https:\/\/www.europesays.com\/fr\/wp-json\/wp\/v2\/media?parent=124944"}],"wp:term":[{"taxonomy":"category","embeddable":true,"href":"https:\/\/www.europesays.com\/fr\/wp-json\/wp\/v2\/categories?post=124944"},{"taxonomy":"post_tag","embeddable":true,"href":"https:\/\/www.europesays.com\/fr\/wp-json\/wp\/v2\/tags?post=124944"}],"curies":[{"name":"wp","href":"https:\/\/api.w.org\/{rel}","templated":true}]}}