{"id":124946,"date":"2025-05-24T16:44:13","date_gmt":"2025-05-24T16:44:13","guid":{"rendered":"https:\/\/www.europesays.com\/fr\/124946\/"},"modified":"2025-05-24T16:44:13","modified_gmt":"2025-05-24T16:44:13","slug":"pres-de-lyon-cest-quoi-ce-panache-de-fumee-noire-dans-le-ciel","status":"publish","type":"post","link":"https:\/\/www.europesays.com\/fr\/124946\/","title":{"rendered":"Pr\u00e8s de Lyon : c&rsquo;est quoi ce panache de fum\u00e9e noire dans le ciel ?"},"content":{"rendered":"<p>Ce samedi apr\u00e8s-midi, un panache de fum\u00e9e noire \u00e9tait visible dans le ciel \u00e0 l&rsquo;est de Lyon. Il s&rsquo;agit d&rsquo;un incendie qui s&rsquo;est d\u00e9clar\u00e9 dans une entreprise.<\/p>\n<p>Qu&rsquo;est-ce que cette fum\u00e9e noire dans le ciel bleu, cet apr\u00e8s-midi du samedi 24 mai, pr\u00e8s de l&rsquo;a\u00e9roport de Lyon Saint-Exup\u00e9ry ?<\/p>\n<p>Incendie dans une entreprise \u00e0 l&rsquo;est de Lyon<\/p>\n<p>Selon les premi\u00e8res informations des pompiers, un incendie s&rsquo;est d\u00e9clar\u00e9 dans une entreprise \u00e0 <b>Colombier-Saugnieu<\/b>, \u00e0 l&rsquo;est de Lyon, \u00e0 la limite avec l&rsquo;Is\u00e8re.<\/p>\n<p>Les pompiers sont actuellement sur place.\u00a0<\/p>\n<p>Plus d&rsquo;informations \u00e0 venir&#8230;<\/p>\n<p><img loading=\"lazy\" decoding=\"async\" src=\"https:\/\/www.europesays.com\/fr\/wp-content\/uploads\/2025\/05\/1748105053_167_img\" width=\"350\" height=\"200\" border=\"0\" title=\"Des pompiers en intervention\"\/><\/p>\n<p>\u25baFaits divers<\/p>\n<p style=\"font-size: 22px;\"><b>Auvergne-Rh\u00f4ne-Alpes : le camion prend feu myst\u00e9rieusement et ravage une grange<\/b><\/p>\n<p>Un incendie s&rsquo;est d\u00e9clar\u00e9 ce vendredi 23 mai,&#8230;<\/p>\n<p><\/p>\n","protected":false},"excerpt":{"rendered":"Ce samedi apr\u00e8s-midi, un panache de fum\u00e9e noire \u00e9tait visible dans le ciel \u00e0 l&rsquo;est de Lyon. Il&hellip;\n","protected":false},"author":2,"featured_media":124947,"comment_status":"","ping_status":"","sticky":false,"template":"","format":"standard","meta":{"footnotes":""},"categories":[1889],"tags":[1111,11,2430,23533,1777,674,24795,14635,1011,27,1310,2428,12,25],"class_list":{"0":"post-124946","1":"post","2":"type-post","3":"status-publish","4":"format-standard","5":"has-post-thumbnail","7":"category-lyon","8":"tag-actu","9":"tag-actualites","10":"tag-auvergne-rhone-alpes","11":"tag-colombier-saugnieu","12":"tag-eu","13":"tag-europe","14":"tag-feu-pompiers","15":"tag-flammes","16":"tag-fr","17":"tag-france","18":"tag-incendie","19":"tag-lyon","20":"tag-news","21":"tag-republique-francaise"},"share_on_mastodon":{"url":"https:\/\/pubeurope.com\/@fr\/114563820171918139","error":""},"_links":{"self":[{"href":"https:\/\/www.europesays.com\/fr\/wp-json\/wp\/v2\/posts\/124946","targetHints":{"allow":["GET"]}}],"collection":[{"href":"https:\/\/www.europesays.com\/fr\/wp-json\/wp\/v2\/posts"}],"about":[{"href":"https:\/\/www.europesays.com\/fr\/wp-json\/wp\/v2\/types\/post"}],"author":[{"embeddable":true,"href":"https:\/\/www.europesays.com\/fr\/wp-json\/wp\/v2\/users\/2"}],"replies":[{"embeddable":true,"href":"https:\/\/www.europesays.com\/fr\/wp-json\/wp\/v2\/comments?post=124946"}],"version-history":[{"count":0,"href":"https:\/\/www.europesays.com\/fr\/wp-json\/wp\/v2\/posts\/124946\/revisions"}],"wp:featuredmedia":[{"embeddable":true,"href":"https:\/\/www.europesays.com\/fr\/wp-json\/wp\/v2\/media\/124947"}],"wp:attachment":[{"href":"https:\/\/www.europesays.com\/fr\/wp-json\/wp\/v2\/media?parent=124946"}],"wp:term":[{"taxonomy":"category","embeddable":true,"href":"https:\/\/www.europesays.com\/fr\/wp-json\/wp\/v2\/categories?post=124946"},{"taxonomy":"post_tag","embeddable":true,"href":"https:\/\/www.europesays.com\/fr\/wp-json\/wp\/v2\/tags?post=124946"}],"curies":[{"name":"wp","href":"https:\/\/api.w.org\/{rel}","templated":true}]}}