{"id":124948,"date":"2025-05-24T16:45:10","date_gmt":"2025-05-24T16:45:10","guid":{"rendered":"https:\/\/www.europesays.com\/fr\/124948\/"},"modified":"2025-05-24T16:45:10","modified_gmt":"2025-05-24T16:45:10","slug":"une-foule-stoppee-devant-les-portes-du-premier-salon-de-lalgerie-victime-de-son-succes","status":"publish","type":"post","link":"https:\/\/www.europesays.com\/fr\/124948\/","title":{"rendered":"une foule stopp\u00e9e devant les portes du premier Salon de l\u2019Alg\u00e9rie, victime de son succ\u00e8s"},"content":{"rendered":"<p>Ils \u00e9taient, ce samedi apr\u00e8s-midi, plusieurs centaines, plus de 1500 selon une des chevilles ouvri\u00e8res de l\u2019organisation du premier Salon de l\u2019Alg\u00e9rie, \u00e0 \u00eatre rest\u00e9s \u00e0 quai devant l\u2019entr\u00e9e du <a href=\"https:\/\/www.leprogres.fr\/p\/groupama-stadium\" target=\"_blank\" rel=\"noopener\">Groupama Stadium<\/a>, \u00e0 se voir refuser l\u2019entr\u00e9e pour des raisons de s\u00e9curit\u00e9.<\/p>\n<p>Pour ceux qui \u00e9taient d\u00e9j\u00e0 d\u00e9tenteurs de billets d\u2019entr\u00e9e, les organisateurs les ont invit\u00e9s \u00e0 revenir le lendemain\u00a0; pour les autres, ils leur ont assur\u00e9 qu\u2019au vu du succ\u00e8s de cette premi\u00e8re \u00e9dition, il y en aurait sans doute une deuxi\u00e8me, mieux dimensionn\u00e9e cette fois, et qu\u2019ils seraient les bienvenus.<\/p>\n<p>Une maigre consolation pour des&#8230;<\/p>\n","protected":false},"excerpt":{"rendered":"Ils \u00e9taient, ce samedi apr\u00e8s-midi, plusieurs centaines, plus de 1500 selon une des chevilles ouvri\u00e8res de l\u2019organisation du&hellip;\n","protected":false},"author":2,"featured_media":124949,"comment_status":"","ping_status":"","sticky":false,"template":"","format":"standard","meta":{"footnotes":""},"categories":[1889],"tags":[1111,11,327,1477,646,2430,4749,4406,130,4624,33,3152,2757,893,1777,674,107,3183,1011,27,1116,693,5015,2428,12,316,2922,25,2429,23830,602,216,6182],"class_list":{"0":"post-124948","1":"post","2":"type-post","3":"status-publish","4":"format-standard","5":"has-post-thumbnail","7":"category-lyon","8":"tag-actu","9":"tag-actualites","10":"tag-agriculture","11":"tag-artisanat","12":"tag-automobile","13":"tag-auvergne-rhone-alpes","14":"tag-btp-et-chantiers","15":"tag-commerce-et-services","16":"tag-consommation","17":"tag-decines-charpieu","18":"tag-economie","19":"tag-edition-est-lyonnais","20":"tag-edition-lyon-villeurbanne","21":"tag-energie","22":"tag-eu","23":"tag-europe","24":"tag-fil-info","25":"tag-finance-et-fiscalite","26":"tag-fr","27":"tag-france","28":"tag-immobilier","29":"tag-industrie","30":"tag-innovation-et-start-up","31":"tag-lyon","32":"tag-news","33":"tag-politique","34":"tag-pouvoir-dachat","35":"tag-republique-francaise","36":"tag-rhone","37":"tag-salon-de-lagriculture-2025","38":"tag-tourisme","39":"tag-vie-des-entreprises","40":"tag-vins-et-viticulture"},"share_on_mastodon":{"url":"","error":"Validation failed: Text character limit of 500 exceeded"},"_links":{"self":[{"href":"https:\/\/www.europesays.com\/fr\/wp-json\/wp\/v2\/posts\/124948","targetHints":{"allow":["GET"]}}],"collection":[{"href":"https:\/\/www.europesays.com\/fr\/wp-json\/wp\/v2\/posts"}],"about":[{"href":"https:\/\/www.europesays.com\/fr\/wp-json\/wp\/v2\/types\/post"}],"author":[{"embeddable":true,"href":"https:\/\/www.europesays.com\/fr\/wp-json\/wp\/v2\/users\/2"}],"replies":[{"embeddable":true,"href":"https:\/\/www.europesays.com\/fr\/wp-json\/wp\/v2\/comments?post=124948"}],"version-history":[{"count":0,"href":"https:\/\/www.europesays.com\/fr\/wp-json\/wp\/v2\/posts\/124948\/revisions"}],"wp:featuredmedia":[{"embeddable":true,"href":"https:\/\/www.europesays.com\/fr\/wp-json\/wp\/v2\/media\/124949"}],"wp:attachment":[{"href":"https:\/\/www.europesays.com\/fr\/wp-json\/wp\/v2\/media?parent=124948"}],"wp:term":[{"taxonomy":"category","embeddable":true,"href":"https:\/\/www.europesays.com\/fr\/wp-json\/wp\/v2\/categories?post=124948"},{"taxonomy":"post_tag","embeddable":true,"href":"https:\/\/www.europesays.com\/fr\/wp-json\/wp\/v2\/tags?post=124948"}],"curies":[{"name":"wp","href":"https:\/\/api.w.org\/{rel}","templated":true}]}}