{"id":12495,"date":"2025-04-09T11:29:09","date_gmt":"2025-04-09T11:29:09","guid":{"rendered":"https:\/\/www.europesays.com\/fr\/12495\/"},"modified":"2025-04-09T11:29:09","modified_gmt":"2025-04-09T11:29:09","slug":"un-petit-garcon-de-presque-3-ans-meurt-etouffe-avec-un-grain-de-raisin-dans-les-hauts-de-seine","status":"publish","type":"post","link":"https:\/\/www.europesays.com\/fr\/12495\/","title":{"rendered":"Un petit gar\u00e7on de presque 3 ans meurt \u00e9touff\u00e9 avec un grain de raisin dans les Hauts-de-Seine"},"content":{"rendered":"<p class=\"paragraph text_align_left\">Il aurait d\u00fb f\u00eater son troisi\u00e8me anniversaire le 15 avril prochain. Un petit gar\u00e7on est tragiquement d\u00e9c\u00e9d\u00e9 lundi soir \u00e0 Suresnes (Hauts-de-Seine) apr\u00e8s s\u2019\u00eatre <a href=\"https:\/\/www.leparisien.fr\/faits-divers\/nord-un-garcon-de-sept-ans-meurt-en-setouffant-avec-un-babybel-26-10-2022-B3XQ3VBASBCJZBXAYWRQJLI7JM.php\" target=\"_blank\" rel=\"noopener\">\u00e9touff\u00e9 <\/a>avec un grain de raisin. Une enqu\u00eate en recherche des causes de la mort a \u00e9t\u00e9 ouverte et une autopsie ordonn\u00e9e, indique au Parisien le parquet de Nanterre, confirmant une information du<a href=\"https:\/\/www.lefigaro.fr\/faits-divers\/hauts-de-seine-un-enfant-de-deux-ans-perit-en-s-etouffant-avec-un-grain-de-raisin-20250408\" target=\"_blank\" rel=\"noopener\"> Figaro.<\/a><\/p>\n<p class=\"paragraph text_align_left\">Lundi, en d\u00e9but de soir\u00e9e, les parents du petit gar\u00e7on appellent les pompiers, indiquant que leur enfant a aval\u00e9 un grain de raisin. \u00c0 leur arriv\u00e9e, ils trouvent le gar\u00e7onnet en arr\u00eat cardiorespiratoire. Malgr\u00e9 plus d\u2019une d\u2019heure de tentative de r\u00e9animation, il succombe sur place. Son d\u00e9c\u00e8s a \u00e9t\u00e9 d\u00e9clar\u00e9 \u00e0 21h30.<\/p>\n<p class=\"paragraph text_align_left\">Ses parents, sous le choc, n\u2019avaient pas encore pu \u00eatre entendus mardi soir.<\/p>\n<p class=\"paragraph text_align_left\">Le petit gar\u00e7on pourrait avoir fait une fausse route en avalant le grain de raisin. Un drame terrible qui n\u2019est malheureusement pas rare. En mars, toujours dans les Hauts-de-Seine, <a href=\"https:\/\/www.leparisien.fr\/hauts-de-seine-92\/le-plessis-robinson-apres-le-deces-de-bryann-ses-parents-veulent-comprendre-comment-il-sest-etouffe-a-la-creche-01-04-2025-7APCHKULZVCILEOSPQDS3HLMLQ.php\" target=\"_blank\" rel=\"noopener\">un petit gar\u00e7on avait perdu la vie dans sa cr\u00e8che du Plessis-Robinson<\/a>, apr\u00e8s avoir aval\u00e9 un morceau de banane. Plus t\u00f4t en mars, c\u2019est une fillette de deux ans qui s\u2019est \u00e9touff\u00e9e avec un morceau de viande chez son assistante maternelle \u00e0 \u00c9lancourt (Yvelines).<\/p>\n","protected":false},"excerpt":{"rendered":"Il aurait d\u00fb f\u00eater son troisi\u00e8me anniversaire le 15 avril prochain. Un petit gar\u00e7on est tragiquement d\u00e9c\u00e9d\u00e9 lundi&hellip;\n","protected":false},"author":2,"featured_media":12496,"comment_status":"","ping_status":"","sticky":false,"template":"","format":"standard","meta":{"footnotes":""},"categories":[1888],"tags":[11,1777,674,118,1011,27,3314,1944,12,626,25],"class_list":{"0":"post-12495","1":"post","2":"type-post","3":"status-publish","4":"format-standard","5":"has-post-thumbnail","7":"category-paris","8":"tag-actualites","9":"tag-eu","10":"tag-europe","11":"tag-faits-divers","12":"tag-fr","13":"tag-france","14":"tag-hauts-de-seine","15":"tag-ma-ville","16":"tag-news","17":"tag-paris","18":"tag-republique-francaise"},"share_on_mastodon":{"url":"https:\/\/pubeurope.com\/@fr\/114307777405157894","error":""},"_links":{"self":[{"href":"https:\/\/www.europesays.com\/fr\/wp-json\/wp\/v2\/posts\/12495","targetHints":{"allow":["GET"]}}],"collection":[{"href":"https:\/\/www.europesays.com\/fr\/wp-json\/wp\/v2\/posts"}],"about":[{"href":"https:\/\/www.europesays.com\/fr\/wp-json\/wp\/v2\/types\/post"}],"author":[{"embeddable":true,"href":"https:\/\/www.europesays.com\/fr\/wp-json\/wp\/v2\/users\/2"}],"replies":[{"embeddable":true,"href":"https:\/\/www.europesays.com\/fr\/wp-json\/wp\/v2\/comments?post=12495"}],"version-history":[{"count":0,"href":"https:\/\/www.europesays.com\/fr\/wp-json\/wp\/v2\/posts\/12495\/revisions"}],"wp:featuredmedia":[{"embeddable":true,"href":"https:\/\/www.europesays.com\/fr\/wp-json\/wp\/v2\/media\/12496"}],"wp:attachment":[{"href":"https:\/\/www.europesays.com\/fr\/wp-json\/wp\/v2\/media?parent=12495"}],"wp:term":[{"taxonomy":"category","embeddable":true,"href":"https:\/\/www.europesays.com\/fr\/wp-json\/wp\/v2\/categories?post=12495"},{"taxonomy":"post_tag","embeddable":true,"href":"https:\/\/www.europesays.com\/fr\/wp-json\/wp\/v2\/tags?post=12495"}],"curies":[{"name":"wp","href":"https:\/\/api.w.org\/{rel}","templated":true}]}}