{"id":124952,"date":"2025-05-24T16:48:09","date_gmt":"2025-05-24T16:48:09","guid":{"rendered":"https:\/\/www.europesays.com\/fr\/124952\/"},"modified":"2025-05-24T16:48:09","modified_gmt":"2025-05-24T16:48:09","slug":"plongee-dans-lune-des-plus-grandes-brocantes-de-la-capitale","status":"publish","type":"post","link":"https:\/\/www.europesays.com\/fr\/124952\/","title":{"rendered":"plong\u00e9e dans l&rsquo;une des plus grandes brocantes de la capitale"},"content":{"rendered":"<p>            Par<br \/>\n        <strong><br \/>\n            <a href=\"https:\/\/actu.fr\/auteur\/antoine-grotteria02\" title=\"Consulter tous les articles de Antoine Grotteria\" target=\"_blank\" rel=\"noopener\">Antoine Grotteria<\/a><br \/>\n        <\/strong><\/p>\n<p>        Publi\u00e9 le<\/p>\n<p>            24 mai 2025 \u00e0 17h14        <\/p>\n<p>De petits bonbons acidul\u00e9es dans un sachet bien ordonn\u00e9. Philippe le conc\u00e8de volontiers : \u00ab\u00a0Je suis un gourmand maniaque\u00a0\u00bb. Sur ses \u00e9tals, un assortiment de mignardises bien proprement install\u00e9es sur des nappes repass\u00e9es. Avec, p\u00eale-m\u00eale, un globe terrestre reluisant, un \u00e9trange atome argent\u00e9 ou encore plusieurs miroirs dor\u00e9s. Plus sybilin, des caricatures en forme de poup\u00e9es russes c\u00f4toient une lampe rouge et\u2026 Un moine en figurine. L\u2019\u00e9clectisme effraie peu cet homme \u00e0 la capillarit\u00e9 sans fioriture et \u00e0 la barbe impeccablement soign\u00e9e. Depuis une dizaine d\u2019ann\u00e9es, le vendeur a choisi de s\u2019installer <strong>rue de Bretagne<\/strong>, dans le 3e arrondissement de <a href=\"https:\/\/actu.fr\/paris\/\" target=\"_blank\" rel=\"noopener\">Paris<\/a>, au c\u0153ur du printemps, pour prendre part \u00e0 l\u2019une des plus embl\u00e9matiques <a href=\"https:\/\/actu.fr\/tag\/brocante\" target=\"_blank\" rel=\"noopener\">brocantes<\/a> de la capitale. Jusqu\u2019\u00e0 ce dimanche 25 mai 2025, des <strong>milliers de personnes<\/strong> investissent <a href=\"https:\/\/actu.fr\/tag\/le-marais\" target=\"_blank\" rel=\"noopener\">le Marais<\/a>, creus\u00e9 de sa rue Perr\u00e9e, sa rue Aug\u00e8ne-Spuller, sa rue Caffarellli, sa rue du Petit-Thouars et sa rue de Picardie. Objectif, rep\u00e9rer la bonne affaire.\u00a0<\/p>\n<p>Des centaines de vendeurs professionnels<\/p>\n<p class=\" wall-content\">Car cette brocante, compos\u00e9e de <strong>300 exposants<\/strong>, a peu d\u2019\u00e9quivalent. \u00ab\u00a0Regardez, \u00e0 c\u00f4t\u00e9, il vend totalement autre chose\u00a0\u00bb, tranche Herv\u00e9. Moi, j\u2019ai des anciennes blouses d\u2019usine et des vestes militaires. C\u2019est la <strong>diversit\u00e9<\/strong> qui fait la force de la brocante. Et globalement on en a pour tous les prix\u00a0\u00bb, r\u00e9sume-t-il.\u00a0<\/p>\n<p class=\" wall-content\">Avec trente ans d\u2019exp\u00e9rience, ce grand gaillard ferait presque figure de vieux loup de la fripe. \u00ab\u00a0J\u2019ai mes petites entr\u00e9es aux <a href=\"https:\/\/actu.fr\/ile-de-france\/saint-ouen-sur-seine_93070\/pour-se-proteger-des-promoteurs-les-historiques-puces-de-saint-ouen-visent-le-classement-a-l-unesco_62639690.html\" target=\"_blank\" rel=\"noopener\">puces de Saint-Ouen<\/a>. Je s\u00e9lectionne, puis je revends. Voil\u00e0 le r\u00e9sultat\u00a0\u00bb, expose-t-il devant son stand. Loin du vacarme du c\u00e9l\u00e8bre march\u00e9 audonien, il respire. \u00ab\u00a0C\u2019est ma r\u00e9cr\u00e9ation !\u00a0\u00bb, clame-t-il.\u00a0<\/p>\n<p>    <img   decoding=\"async\" loading=\"lazy\" src=\"https:\/\/www.europesays.com\/fr\/wp-content\/uploads\/2025\/05\/brocante-paris-marais-27-960x640.jpg\" alt=\"Un vieux panier de basket vendu en jeu pour enfants. Peu commun. \" width=\"960\" height=\"640\"\/><br \/>\n    Un vieux panier de basket vendu en jeu pour enfants. Peu commun. (\u00a9AG\/ actu Paris)<\/p>\n<p class=\" wall-content\">Ce samedi 24 mai 2025, la douceur s\u2019est invit\u00e9e sur les trottoirs du Marais. <strong>Touristes<\/strong>, <strong>passionn\u00e9s de mode<\/strong> ou simples <strong>curieux<\/strong> fl\u00e2nent sous un ciel gris\u00e2tre. Rue de Bretagne, un rubik\u2019s cube g\u00e9ant semble retenir l\u2019attention de quelques uns. \u00ab\u00a0Les photos, c\u2019est interdit !\u00a0\u00bb, s\u2019exclame le vendeur. Un message peu respect\u00e9. Plus loin, devant la <a href=\"https:\/\/actu.fr\/ile-de-france\/paris_75056\/a-paris-l-ile-de-la-cite-se-vegetalise-l-un-des-derniers-endroits-ou-l-on-peut-encore-planter-des-arbres_62654212.html\" target=\"_blank\" rel=\"noopener\">mairie de Paris Centre<\/a>, des canap\u00e9s hauts de gamme d\u00e9gagent une forme esth\u00e9tique. Comptez plusieurs milliers d\u2019euros.\u00a0<\/p>\n<p>    <img   decoding=\"async\" loading=\"lazy\" src=\"https:\/\/www.europesays.com\/fr\/wp-content\/uploads\/2025\/05\/brocante-paris-marais-13-960x640.jpg\" alt=\"Philippe tient un stand \u00e0 la brocante depuis une dizaine d'ann\u00e9es. \" width=\"960\" height=\"640\"\/><br \/>\n    Philippe tient un stand \u00e0 la brocante depuis une dizaine d\u2019ann\u00e9es. (\u00a9AG\/ actu Paris)<\/p>\n<p class=\" wall-content\">Matilda a, elle, pris le parti de se rendre rue Caffarelli. Les prix y sont plus abordables. En qu\u00eate \u00ab\u00a0d\u2019authenticit\u00e9\u00a0\u00bb, la jeune femme se montre scrupuleuse sur la qualit\u00e9. \u00ab\u00a0Je cherche des <strong>pi\u00e8ces rares<\/strong> et \u00e0 la confection artisanale, comme des chaussures ou des meubles\u00a0\u00bb, explique-t-elle.<\/p>\n<blockquote class=\"ac-article-quote wall-content\">\n<p>\u00ab\u00a0Cette brocante est vraiment g\u00e9niale pour \u00e7a. La s\u00e9lection est fine comme nulle part ailleurs\u00a0\u00bb<\/p>\n<p>    <strong>Matilda<\/strong><br \/>\n        Une amatrice de brocantes    <\/p><\/blockquote>\n<p>La seconde main d\u00e9sormais h\u00e9g\u00e9monique<\/p>\n<p class=\" wall-content\">Dans cette brocante, le neuf subit les assauts de <strong>la seconde main<\/strong>. Un ph\u00e9nom\u00e8ne devenu fait social ces derni\u00e8res ann\u00e9es. Selon une <a href=\"https:\/\/enov.fr\/blog\/actus\/marche-de-la-seconde-main\" target=\"_blank\" rel=\"noopener\">\u00e9tude<\/a> du cabinet sp\u00e9cialis\u00e9 en marketing Enov,\u00a0 le march\u00e9 repr\u00e9sente <strong>7 milliards d\u2019euros<\/strong> en France et 64 milliards dans le monde, soit une croissance de 15 % en 2024. Dans la capitale, les <a href=\"https:\/\/actu.fr\/lifestyle\/une-vente-au-kilo-de-vetements-vintage-et-de-seconde-main-s-installe-a-paris_58284746.html\" target=\"_blank\" rel=\"noopener\">boutiques<\/a> ont \u00e9galement fleuri.\u00a0<\/p>\n<p>    <img   decoding=\"async\" loading=\"lazy\" src=\"https:\/\/www.europesays.com\/fr\/wp-content\/uploads\/2025\/05\/brocante-paris-marais-2-960x640.jpg\" alt=\"Un projecteur de la Tour Eiffel de 1940 \u00e0 1968, assure le vendeur. Vraiment ? \" width=\"960\" height=\"640\"\/><br \/>\n    Un projecteur de la Tour Eiffel de 1940 \u00e0 1968, assure le vendeur. Vraiment ? (\u00a9AG\/ actu Paris)<\/p>\n<p class=\" wall-content\">Pour Philippe, cette r\u00e9surgence du \u00ab\u00a0<a href=\"https:\/\/actu.fr\/ile-de-france\/paris_75056\/ce-sont-des-pieces-uniques-a-paris-les-amoureux-du-luxe-se-piquent-pour-le-salon-du-vintage_62380498.html\" target=\"_blank\" rel=\"noopener\">vintage<\/a>\u00a0\u00bb reconfigure le secteur de la vente. \u00ab\u00a0On est oblig\u00e9s de s\u2019adapter \u00e0 cette donne, sinon on dispara\u00eet\u00a0\u00bb, affirme-t-il. Certains n\u2019h\u00e9sitent pas \u00e0 sp\u00e9culer sur les produits recherch\u00e9s. \u00ab\u00a0Moi, je vends une blouse \u00e0 30 euros. J\u2019ai vu la m\u00eame \u00e0 130 euros quelques rues plus loin\u00a0\u00bb, indique Herv\u00e9.\u00a0<\/p>\n<p class=\" wall-content\">Nonobstant les d\u00e9rives marchandes, la <strong>solidarit\u00e9<\/strong> reste impr\u00e9gn\u00e9e dans cette brocante. Surtout entre habitu\u00e9s.<\/p>\n<blockquote class=\"ac-article-quote wall-content\">\n<p>\u00ab\u00a0C&rsquo;est un petit monde. Tout le monde se conna\u00eet. On gal\u00e8re souvent. Quand il pleut ou qu&rsquo;il fait froid, on doit venir, \u00e7a forge\u00a0\u00bb<\/p>\n<p>    <strong>Un vendeur habitu\u00e9 de la brocante<\/strong>\n            <\/p><\/blockquote>\n<p class=\" wall-content\">Il reste encore quelques heures pour \u00e9couler le stock. Ce sera peut-\u00eatre aux enfants de rev\u00eatir les habits d\u2019acheteur. Une brocante leur est sp\u00e9cialement d\u00e9di\u00e9e ce dimanche 25 mai, de 8h30 \u00e0 16h30.\u00a0<\/p>\n<p class=\" wall-content\"><a href=\"https:\/\/www.instagram.com\/p\/DKCgVlBzPH3\/embed\" title=\"Ouvrir le lien sur Instagram\" target=\"_blank\" rel=\"noopener\">Visualiser le contenu sur Instagram<\/a><\/p>\n<p class=\" wall-content\">Suivez toute l\u2019actualit\u00e9 de vos villes et m\u00e9dias favoris en vous inscrivant \u00e0 <a href=\"https:\/\/moncompte.actu.fr\" title=\"D\u00e9couvez Mon Actu\" rel=\"nofollow noopener\" data-trk=\"{&quot;cta&quot;:{&quot;action&quot;:&quot;https:\\\/\\\/moncompte.actu.fr&quot;,&quot;category&quot;:&quot;mon compte&quot;,&quot;from&quot;:&quot;article footer&quot;,&quot;name&quot;:&quot;Mon actu&quot;,&quot;type&quot;:&quot;cta&quot;}}\" target=\"_blank\">Mon Actu<\/a>.<\/p>\n<p>                    <script async src=\"\/\/www.instagram.com\/embed.js\"><\/script><\/p>\n","protected":false},"excerpt":{"rendered":"Par Antoine Grotteria Publi\u00e9 le 24 mai 2025 \u00e0 17h14 De petits bonbons acidul\u00e9es dans un sachet bien&hellip;\n","protected":false},"author":2,"featured_media":124953,"comment_status":"","ping_status":"","sticky":false,"template":"","format":"standard","meta":{"footnotes":""},"categories":[1888],"tags":[1111,1928,11,1927,130,1777,674,1011,27,24797,12,1926,626,1925,25,104,3365],"class_list":{"0":"post-124952","1":"post","2":"type-post","3":"status-publish","4":"format-standard","5":"has-post-thumbnail","7":"category-paris","8":"tag-actu","9":"tag-actu-paris","10":"tag-actualites","11":"tag-actualites-paris","12":"tag-consommation","13":"tag-eu","14":"tag-europe","15":"tag-fr","16":"tag-france","17":"tag-le-marais","18":"tag-news","19":"tag-news-paris","20":"tag-paris","21":"tag-paris-news","22":"tag-republique-francaise","23":"tag-societe","24":"tag-vide-greniers"},"share_on_mastodon":{"url":"https:\/\/pubeurope.com\/@fr\/114563835899818475","error":""},"_links":{"self":[{"href":"https:\/\/www.europesays.com\/fr\/wp-json\/wp\/v2\/posts\/124952","targetHints":{"allow":["GET"]}}],"collection":[{"href":"https:\/\/www.europesays.com\/fr\/wp-json\/wp\/v2\/posts"}],"about":[{"href":"https:\/\/www.europesays.com\/fr\/wp-json\/wp\/v2\/types\/post"}],"author":[{"embeddable":true,"href":"https:\/\/www.europesays.com\/fr\/wp-json\/wp\/v2\/users\/2"}],"replies":[{"embeddable":true,"href":"https:\/\/www.europesays.com\/fr\/wp-json\/wp\/v2\/comments?post=124952"}],"version-history":[{"count":0,"href":"https:\/\/www.europesays.com\/fr\/wp-json\/wp\/v2\/posts\/124952\/revisions"}],"wp:featuredmedia":[{"embeddable":true,"href":"https:\/\/www.europesays.com\/fr\/wp-json\/wp\/v2\/media\/124953"}],"wp:attachment":[{"href":"https:\/\/www.europesays.com\/fr\/wp-json\/wp\/v2\/media?parent=124952"}],"wp:term":[{"taxonomy":"category","embeddable":true,"href":"https:\/\/www.europesays.com\/fr\/wp-json\/wp\/v2\/categories?post=124952"},{"taxonomy":"post_tag","embeddable":true,"href":"https:\/\/www.europesays.com\/fr\/wp-json\/wp\/v2\/tags?post=124952"}],"curies":[{"name":"wp","href":"https:\/\/api.w.org\/{rel}","templated":true}]}}