{"id":124958,"date":"2025-05-24T16:51:11","date_gmt":"2025-05-24T16:51:11","guid":{"rendered":"https:\/\/www.europesays.com\/fr\/124958\/"},"modified":"2025-05-24T16:51:11","modified_gmt":"2025-05-24T16:51:11","slug":"appel-de-paris-pour-la-protection-du-peuple-palestinien-et-la-mise-en-oeuvre-du-droit-international","status":"publish","type":"post","link":"https:\/\/www.europesays.com\/fr\/124958\/","title":{"rendered":"Appel de Paris pour la protection du peuple palestinien et la mise en \u0153uvre du droit international"},"content":{"rendered":"<tr>\n<td\/>\n<td\/>\n<td\/>\n<\/tr>\n<tr>\n<td>Ahmed<\/td>\n<td>Abbes<\/td>\n<td>Math\u00e9maticien, directeur de recherche \u00e0 Paris<\/td>\n<\/tr>\n<tr>\n<td>Nad\u00e8ge<\/td>\n<td>Abomangoli<\/td>\n<td>D\u00e9put\u00e9e de Seine St-Denis, vice pr\u00e9sidente de l\u2019Assembl\u00e9e nationale<\/td>\n<\/tr>\n<tr>\n<td>Gilbert<\/td>\n<td>Achcar<\/td>\n<td>Professeur \u00e9m\u00e9rite, Universit\u00e9 de Londres<\/td>\n<\/tr>\n<tr>\n<td>Gadi<\/td>\n<td>Algazi<\/td>\n<td>Historien, Fondateur de Taayoush<\/td>\n<\/tr>\n<tr>\n<td>Khaled<\/td>\n<td>Al Shouli<\/td>\n<td>Avocat du Barreau de Jordanie<\/td>\n<\/tr>\n<tr>\n<td>Fran\u00e7ois<\/td>\n<td>Alfonsi<\/td>\n<td>Ex-d\u00e9put\u00e9 europ\u00e9en et Pr\u00e9sident de la F\u00e9d\u00e9ration R\u00e9gions et Peuples Solidaires\u00a0<\/td>\n<\/tr>\n<tr>\n<td>Virgine<\/td>\n<td>Amieux<\/td>\n<td>Pr\u00e9sidente du CCFD Terre Solidaire<\/td>\n<\/tr>\n<tr>\n<td>Pouria<\/td>\n<td>Amirshahi\u00a0<\/td>\n<td>D\u00e9put\u00e9 de Paris<\/td>\n<\/tr>\n<tr>\n<td>Yannick<\/td>\n<td>Anvroin<\/td>\n<td>Administrateur de la F\u00e9d\u00e9ration Artisans du Monde\u00a0<\/td>\n<\/tr>\n<tr>\n<td>Jean-No\u00ebl\u00a0<\/td>\n<td>Aqua<\/td>\n<td>Conseiller de Paris\u00a0<\/td>\n<\/tr>\n<tr>\n<td>Swann<\/td>\n<td>Arlaud<\/td>\n<td>Acteur<\/td>\n<\/tr>\n<tr>\n<td>Christine<\/td>\n<td>Arrighi\u00a0<\/td>\n<td>D\u00e9put\u00e9e de Haute Garonne<\/td>\n<\/tr>\n<tr>\n<td>Manon<\/td>\n<td>Aubry<\/td>\n<td>D\u00e9put\u00e9e europ\u00e9enne<\/td>\n<\/tr>\n<tr>\n<td>Cl\u00e9mentine<\/td>\n<td>Autain<\/td>\n<td>D\u00e9put\u00e9e de Seine St-Denis<\/td>\n<\/tr>\n<tr>\n<td>Isabelle<\/td>\n<td>Avran<\/td>\n<td>Journaliste\u00a0<\/td>\n<\/tr>\n<tr>\n<td>Bertrand<\/td>\n<td>Badie<\/td>\n<td>Professeur \u00e9m\u00e9rite \u00e0 l\u2019IEP de Paris \u2013 Chercheur au CERI<\/td>\n<\/tr>\n<tr>\n<td>L\u00e9a<\/td>\n<td>Balage El Mariky\u00a0<\/td>\n<td>D\u00e9put\u00e9e de Paris<\/td>\n<\/tr>\n<tr>\n<td>Etienne<\/td>\n<td>Balibar<\/td>\n<td>Philosophe et Professeur \u00e9m\u00e9rite \u00e0 la Sorbonne<\/td>\n<\/tr>\n<tr>\n<td>Frank<\/td>\n<td>Barat<\/td>\n<td>Producteur, journaliste<\/td>\n<\/tr>\n<tr>\n<td>Pierre<\/td>\n<td>Barbancey<\/td>\n<td>Journaliste \u00e0 l\u2019Humanit\u00e9<\/td>\n<\/tr>\n<tr>\n<td>Pierre<\/td>\n<td>Barros<\/td>\n<td>S\u00e9nateur du Val d\u2019Oise<\/td>\n<\/tr>\n<tr>\n<td>Akram<\/td>\n<td>Belkaid<\/td>\n<td>R\u00e9dacteur en chef du Monde diplomatique<\/td>\n<\/tr>\n<tr>\n<td>Karim<\/td>\n<td>Ben Cheikh\u00a0<\/td>\n<td>D\u00e9put\u00e9 des Fran\u00e7aises et Fran\u00e7ais \u00e9tablis hors de France\u00a0<\/td>\n<\/tr>\n<tr>\n<td>Malika<\/td>\n<td>Berak<\/td>\n<td>Diplomate<\/td>\n<\/tr>\n<tr>\n<td>St\u00e9phane<\/td>\n<td>B\u00e9rard<\/td>\n<td>Artiste plasticien r\u00e9alisateur<\/td>\n<\/tr>\n<tr>\n<td>Olivier<\/td>\n<td>Besancenot<\/td>\n<td>Porte parole du Nouveau Parti Anticapitaliste<\/td>\n<\/tr>\n<tr>\n<td>Sophie<\/td>\n<td>Bessis<\/td>\n<td>Historienne et journaliste, secr\u00e9taire g\u00e9n\u00e9rale adjointe de la FIDH<\/td>\n<\/tr>\n<tr>\n<td>Didier<\/td>\n<td>Billon<\/td>\n<td>Chercheur, g\u00e9opolitologue<\/td>\n<\/tr>\n<tr>\n<td>Sophie<\/td>\n<td>Binet<\/td>\n<td>Secr\u00e9taire g\u00e9n\u00e9rale de la CGT<\/td>\n<\/tr>\n<tr>\n<td>Pierre<\/td>\n<td>Blanc<\/td>\n<td>Enseignant-chercheur en g\u00e9opolitique\u00a0<\/td>\n<\/tr>\n<tr>\n<td>Charlotte\u00a0<\/td>\n<td>Blandiot-Faride\u00a0<\/td>\n<td>Pr\u00e9sidente de l\u2019AJPF<\/td>\n<\/tr>\n<tr>\n<td>Manuel<\/td>\n<td>Bompard<\/td>\n<td>D\u00e9put\u00e9 des Bouches-du-Rh\u00f4ne, coordinateur de La France Insoumise<\/td>\n<\/tr>\n<tr>\n<td>Nicolas<\/td>\n<td>Bonnet<\/td>\n<td>D\u00e9put\u00e9 du Puy de Dome<\/td>\n<\/tr>\n<tr>\n<td>Pascal<\/td>\n<td>Boniface<\/td>\n<td>G\u00e9opolitologue<\/td>\n<\/tr>\n<tr>\n<td>Ir\u00e8ne<\/td>\n<td>Bonnaud<\/td>\n<td>Metteure en sc\u00e8ne<\/td>\n<\/tr>\n<tr>\n<td>Arnaud<\/td>\n<td>Bonnet<\/td>\n<td>D\u00e9put\u00e9 de Seine et Marne<\/td>\n<\/tr>\n<tr>\n<td>V\u00e9ronique<\/td>\n<td>Bontemps<\/td>\n<td>Anthropologue IRIS EHESS<\/td>\n<\/tr>\n<tr>\n<td>Evelyne<\/td>\n<td>Boscheron\u00a0<\/td>\n<td>Conseill\u00e8re municipale du 15\u00e8me arrondissement de Paris\u00a0<\/td>\n<\/tr>\n<tr>\n<td>Catherine<\/td>\n<td>Boskowitz<\/td>\n<td>Metteure en sc\u00e8ne \u2013 Compagnie ABC<\/td>\n<\/tr>\n<tr>\n<td>Vincent<\/td>\n<td>Boulet<\/td>\n<td>Responsable du secteur International du PCF<\/td>\n<\/tr>\n<tr>\n<td>Soumya<\/td>\n<td>Bourouaha<\/td>\n<td>D\u00e9put\u00e9e de Seine St-Denis<\/td>\n<\/tr>\n<tr>\n<td>Remi<\/td>\n<td>Boussemart<\/td>\n<td>Pr\u00e9sident des Jeunes socialistes<\/td>\n<\/tr>\n<tr>\n<td>Dylan<\/td>\n<td>Boutiflat<\/td>\n<td>Secr\u00e9taire national aux relations internationales du PS<\/td>\n<\/tr>\n<tr>\n<td>Louis\u00a0<\/td>\n<td>Boyard<\/td>\n<td>D\u00e9put\u00e9 du Val de marne<\/td>\n<\/tr>\n<tr>\n<td>Agn\u00e8s<\/td>\n<td>Brian\u00e7on-Marjollet\u00a0<\/td>\n<td>Co-secr\u00e9taire g\u00e9n\u00e9rale du Syndicat National des Journalistes\u00a0<\/td>\n<\/tr>\n<tr>\n<td>Rony<\/td>\n<td>Brauman<\/td>\n<td>Ex directeur de M\u00e9decins sans fronti\u00e8res<\/td>\n<\/tr>\n<tr>\n<td>Saskia<\/td>\n<td>Bricmont<\/td>\n<td>D\u00e9put\u00e9e europ\u00e9enne belge<\/td>\n<\/tr>\n<tr>\n<td>Eitan<\/td>\n<td>Bronstein<\/td>\n<td>Fondateur de Zochrot , co-fondateur de De-Colonizer<\/td>\n<\/tr>\n<tr>\n<td>El\u00e9onore<\/td>\n<td>Bronstein-Merza<\/td>\n<td>Sociologue- co-fondatrice de De-colonizer<\/td>\n<\/tr>\n<tr>\n<td>Ian<\/td>\n<td>Brossat<\/td>\n<td>S\u00e9nateur de Paris<\/td>\n<\/tr>\n<tr>\n<td>Michel<\/td>\n<td>Brou\u00e9<\/td>\n<td>Math\u00e9maticien, professeur \u00e9m\u00e9rite Universit\u00e9 Paris Cit\u00e9<\/td>\n<\/tr>\n<tr>\n<td>Martine\u00a0<\/td>\n<td>Brousse<\/td>\n<td>Experte en droit de l\u2019enfant<\/td>\n<\/tr>\n<tr>\n<td>Judith<\/td>\n<td>Butler<\/td>\n<td>Philosophe-Universit\u00e9 de Berkeley<\/td>\n<\/tr>\n<tr>\n<td>Maurice<\/td>\n<td>Buttin<\/td>\n<td>Avocat -Ecrivain<\/td>\n<\/tr>\n<tr>\n<td>Damien\u00a0<\/td>\n<td>Car\u00eame<\/td>\n<td>D\u00e9put\u00e9 europ\u00e9en<\/td>\n<\/tr>\n<tr>\n<td>Aymeric<\/td>\n<td>Caron<\/td>\n<td>D\u00e9put\u00e9 de Paris, Pr\u00e9sident de R\u00e9volution \u00e9cologique pour le vivant<\/td>\n<\/tr>\n<tr>\n<td>Jean-Paul<\/td>\n<td>Chagnollaud<\/td>\n<td>Professeur \u00e9m\u00e9rite- Pr\u00e9sident de l\u2019IREMMO<\/td>\n<\/tr>\n<tr>\n<td>Leila<\/td>\n<td>Chaibi<\/td>\n<td>D\u00e9put\u00e9e europ\u00e9enne<\/td>\n<\/tr>\n<tr>\n<td>Patrick<\/td>\n<td>Chaimovitch\u00a0<\/td>\n<td>Maire de Colombes<\/td>\n<\/tr>\n<tr>\n<td>Cyrielle<\/td>\n<td>Chatelain<\/td>\n<td>D\u00e9put\u00e9e de l\u2019Is\u00e8re, Pr\u00e9sidente du groupe \u00e9cologiste et social<\/td>\n<\/tr>\n<tr>\n<td>Amira<\/td>\n<td>Chebli<\/td>\n<td>Actrice<\/td>\n<\/tr>\n<tr>\n<td>Monique<\/td>\n<td>Chemillier-Gendreau<\/td>\n<td>Professeur \u00e9m\u00e9rite de droit public\u00a0<\/td>\n<\/tr>\n<tr>\n<td>Caroline<\/td>\n<td>Chev\u00e9<\/td>\n<td>Secr\u00e9taire g\u00e9n\u00e9rale de la FSU<\/td>\n<\/tr>\n<tr>\n<td>Mona\u00a0<\/td>\n<td>Chollet<\/td>\n<td>Journaliste, ex-cheffe d\u2019\u00e9dition du Monde diplomatique<\/td>\n<\/tr>\n<tr>\n<td>Antoine<\/td>\n<td>Chuzeville<\/td>\n<td>Co-secr\u00e9taire g\u00e9n\u00e9ral du Syndicat National des Journalistes<\/td>\n<\/tr>\n<tr>\n<td>Fabien<\/td>\n<td>Cohen<\/td>\n<td>Pr\u00e9sident du CRID<\/td>\n<\/tr>\n<tr>\n<td>H\u00e9l\u00e8ne<\/td>\n<td>Conway Mourret<\/td>\n<td>S\u00e9natrice des Fran\u00e7aises et Fran\u00e7ais \u00e9tablis hors de France\u00a0<\/td>\n<\/tr>\n<tr>\n<td>Alexis<\/td>\n<td>Corbi\u00e8re<\/td>\n<td>D\u00e9put\u00e9 de Seine-St Denis<\/td>\n<\/tr>\n<tr>\n<td>David\u00a0<\/td>\n<td>Cormand<\/td>\n<td>D\u00e9put\u00e9 europ\u00e9en<\/td>\n<\/tr>\n<tr>\n<td>Annick<\/td>\n<td>Coup\u00e9<\/td>\n<td>Militante syndicale et associative<\/td>\n<\/tr>\n<tr>\n<td>St\u00e9phane<\/td>\n<td>Couturier<\/td>\n<td>Photographe plasticien<\/td>\n<\/tr>\n<tr>\n<td>C\u00e9cile<\/td>\n<td>Cukierman<\/td>\n<td>S\u00e9natrice de la Loire, Pr\u00e9sidente du groupe Communiste, R\u00e9publicain, Citoyen, \u00c9cologiste \u2013 Kanaky<\/td>\n<\/tr>\n<tr>\n<td>Sylvain<\/td>\n<td>Cypel<\/td>\n<td>Journaliste\u00a0<\/td>\n<\/tr>\n<tr>\n<td>B\u00e9atrice<\/td>\n<td>Dalle<\/td>\n<td>Actrice<\/td>\n<\/tr>\n<tr>\n<td>Alain<\/td>\n<td>Damasio<\/td>\n<td>Ecrivain<\/td>\n<\/tr>\n<tr>\n<td>Mireille<\/td>\n<td>Damiano<\/td>\n<td>Avocate au Barreau de Nice, Prix des Droits de l\u2019Homme du Conseil National des Barreaux 2020\u00a0<\/td>\n<\/tr>\n<tr>\n<td>Sonia<\/td>\n<td>Dayan-Herzbrun<\/td>\n<td>Sociologue Professeure \u00e9m\u00e9rite \u00e0 l\u2019Universit\u00e9 de Paris Cit\u00e9<\/td>\n<\/tr>\n<tr>\n<td>Slimane<\/td>\n<td>Dazi<\/td>\n<td>Acteur<\/td>\n<\/tr>\n<tr>\n<td>Samir<\/td>\n<td>Decazza<\/td>\n<td>Acteur<\/td>\n<\/tr>\n<tr>\n<td>Philippe<\/td>\n<td>Delaigue<\/td>\n<td>Auteur metteur en sc\u00e8ne et directeur de th\u00e9atre<\/td>\n<\/tr>\n<tr>\n<td>Luc\u00a0<\/td>\n<td>De Ronne<\/td>\n<td>Pr\u00e9sident de Action Aid France<\/td>\n<\/tr>\n<tr>\n<td>Elise<\/td>\n<td>Descamps<\/td>\n<td>Secr\u00e9taire g\u00e9n\u00e9rale de la CFDT Journalistes\u00a0<\/td>\n<\/tr>\n<tr>\n<td>Manuel<\/td>\n<td>Devers<\/td>\n<td>Juriste<\/td>\n<\/tr>\n<tr>\n<td>Xavier<\/td>\n<td>Dolan<\/td>\n<td>Cin\u00e9aste r\u00e9alisateur<\/td>\n<\/tr>\n<tr>\n<td>Nicolas<\/td>\n<td>Dot-Pouillard<\/td>\n<td>Chercheur associ\u00e9 \u00e0 l\u2019Institut fran\u00e7ais du Proche-Orient\u00a0<\/td>\n<\/tr>\n<tr>\n<td>Fran\u00e7ois<\/td>\n<td>Dubuisson<\/td>\n<td>Professeur de droit international \u00e0 l\u2019Universit\u00e9 libre de Bruxelles\u00a0<\/td>\n<\/tr>\n<tr>\n<td>Peio<\/td>\n<td>Dufau<\/td>\n<td>D\u00e9put\u00e9 des Pyr\u00e9n\u00e9es-Atlantiques<\/td>\n<\/tr>\n<tr>\n<td>John<\/td>\n<td>Dugard<\/td>\n<td>Professeur droit international sud-africain, ex rapporteur aux Nations Unie et \u00e0 la CIJ<\/td>\n<\/tr>\n<tr>\n<td>Alain<\/td>\n<td>Duphil<\/td>\n<td>Ing\u00e9nieur agronome, diacre\u00a0<\/td>\n<\/tr>\n<tr>\n<td>Anne-Marie<\/td>\n<td>Edd\u00e9<\/td>\n<td>Professeure \u00e9m\u00e9rite \u00e0 l\u2019universit\u00e9 Paris 1 Panth\u00e9on-Sorbonne\u00a0<\/td>\n<\/tr>\n<tr>\n<td>Dominique<\/td>\n<td>Edd\u00e9<\/td>\n<td>Romanci\u00e8re<\/td>\n<\/tr>\n<tr>\n<td>Ivar<\/td>\n<td>Ekeland<\/td>\n<td>Ancien pr\u00e9sident de l\u2019Universit\u00e9 Paris-Dauphine\u00a0<\/td>\n<\/tr>\n<tr>\n<td>Yara<\/td>\n<td>El Ghadban<\/td>\n<td>Romanci\u00e8re et anthropologue\u00a0<\/td>\n<\/tr>\n<tr>\n<td>Annie<\/td>\n<td>Ernaux<\/td>\n<td>Romanci\u00e8re<\/td>\n<\/tr>\n<tr>\n<td>Romain<\/td>\n<td>Eskenazi<\/td>\n<td>D\u00e9put\u00e9 du Val d\u2019Oise<\/td>\n<\/tr>\n<tr>\n<td>Nadia<\/td>\n<td>Essayan<\/td>\n<td>Ex-d\u00e9put\u00e9e, conseill\u00e8re r\u00e9gionale Centre-Val de Loire\u00a0<\/td>\n<\/tr>\n<tr>\n<td>Lucie\u00a0<\/td>\n<td>Etonno<\/td>\n<td>D\u00e9l\u00e9gu\u00e9e \u00e0 la mobilisation et au militantisme, Les \u00c9cologistes\u00a0<\/td>\n<\/tr>\n<tr>\n<td>Richard<\/td>\n<td>Falk<\/td>\n<td>Professeur de droit international \u00e0 Harvard, ancien rapporteur des Nations unies<\/td>\n<\/tr>\n<tr>\n<td>Didier<\/td>\n<td>Fassin<\/td>\n<td>Professeur au Coll\u00e8ge de France<\/td>\n<\/tr>\n<tr>\n<td>Elsa<\/td>\n<td>Faucillon<\/td>\n<td>D\u00e9put\u00e9e des Hauts-de-Seine<\/td>\n<\/tr>\n<tr>\n<td>Olivier<\/td>\n<td>Faure<\/td>\n<td>D\u00e9put\u00e9 de Seine et Marne, 1er secr\u00e9taire du Parti Socialiste<\/td>\n<\/tr>\n<tr>\n<td>Sonia<\/td>\n<td>Fayman\u00a0<\/td>\n<td>Pr\u00e9sidente des Amis du th\u00e9atre de la Libert\u00e9 de J\u00e9nine<\/td>\n<\/tr>\n<tr>\n<td>Julie<\/td>\n<td>Ferrua<\/td>\n<td>Co-d\u00e9l\u00e9gu\u00e9e de l\u2019Union Syndicale Solidaires<\/td>\n<\/tr>\n<tr>\n<td>Emma<\/td>\n<td>Fourreau<\/td>\n<td>Eurod\u00e9put\u00e9e\u00a0<\/td>\n<\/tr>\n<tr>\n<td>jacques<\/td>\n<td>Fr\u00f6chen<\/td>\n<td>Secr\u00e9taire g\u00e9n\u00e9ral de l\u2019Association France Palestine Solidarit\u00e9-AFPS<\/td>\n<\/tr>\n<tr>\n<td>Annie<\/td>\n<td>Gafforelli\u00a0<\/td>\n<td>Adjointe au Maire du 20\u00e8me arrondissement de Paris\u00a0<\/td>\n<\/tr>\n<tr>\n<td>Stephane<\/td>\n<td>Galais<\/td>\n<td>Porte-parole de la Conf\u00e9d\u00e9ration paysanne<\/td>\n<\/tr>\n<tr>\n<td>Pierre<\/td>\n<td>Galand<\/td>\n<td>Pr\u00e9sident de l\u2019Association belgo-palestinienne, ancien s\u00e9nateur belge<\/td>\n<\/tr>\n<tr>\n<td>Blanche<\/td>\n<td>Gardin<\/td>\n<td>Actrice<\/td>\n<\/tr>\n<tr>\n<td>Genevi\u00e8ve<\/td>\n<td>Garrigos<\/td>\n<td>Conseill\u00e8re de Paris, Ancienne pr\u00e9sidente d\u2019Amnesty International France<\/td>\n<\/tr>\n<tr>\n<td>Fabien<\/td>\n<td>Gay<\/td>\n<td>Journaliste r\u00e9dacteur en chef de l\u2019Humanit\u00e9, S\u00e9nateur de Seine Saint-Denis\u00a0<\/td>\n<\/tr>\n<tr>\n<td>Thomas<\/td>\n<td>Gibert<\/td>\n<td>Porte -parole de la Conf\u00e9d\u00e9ration paysanne<\/td>\n<\/tr>\n<tr>\n<td>Damien\u00a0<\/td>\n<td>Girard<\/td>\n<td>D\u00e9put\u00e9 du Morbihan<\/td>\n<\/tr>\n<tr>\n<td>Catherine<\/td>\n<td>Goldstein<\/td>\n<td>Math\u00e9maticienne Historienne des math\u00e9matiques<\/td>\n<\/tr>\n<tr>\n<td>Guillaume<\/td>\n<td>Gontard<\/td>\n<td>S\u00e9nateur de l\u2019Is\u00e8re, Pr\u00e9sident du groupe \u00e9cologiste \u2013 solidarit\u00e9 et territoires<\/td>\n<\/tr>\n<tr>\n<td>Michelle<\/td>\n<td>Gr\u00e9aume<\/td>\n<td>S\u00e9natrice du nord<\/td>\n<\/tr>\n<tr>\n<td>Emmanuel<\/td>\n<td>Gr\u00e9goire<\/td>\n<td>D\u00e9put\u00e9 de Paris<\/td>\n<\/tr>\n<tr>\n<td>Alain<\/td>\n<td>Gresh<\/td>\n<td>Journaliste fondateur d\u2019Orient XXI<\/td>\n<\/tr>\n<tr>\n<td>Sarrah<\/td>\n<td>Grira<\/td>\n<td>R\u00e9dactrice en chef d\u2019Orient XXI\u00a0<\/td>\n<\/tr>\n<tr>\n<td>Philippe<\/td>\n<td>Grosvalet<\/td>\n<td>S\u00e9nateur de Loire Atlantique<\/td>\n<\/tr>\n<tr>\n<td>Robert<\/td>\n<td>Gu\u00e9diguian<\/td>\n<td>Cin\u00e9aste<\/td>\n<\/tr>\n<tr>\n<td>Cl\u00e9mence<\/td>\n<td>Guett\u00e9<\/td>\n<td>D\u00e9put\u00e9e du Val de Marne, Vice-Pr\u00e9sidente de l\u2019Assembl\u00e9e Nationale\u00a0<\/td>\n<\/tr>\n<tr>\n<td>Foucauld<\/td>\n<td>Guiliani<\/td>\n<td>Anastassis, Jeunes chr\u00e9tiens d\u2019Orient<\/td>\n<\/tr>\n<tr>\n<td>Imen<\/td>\n<td>Habib<\/td>\n<td>Animatrice de la campagne BDS France<\/td>\n<\/tr>\n<tr>\n<td>Kaddour<\/td>\n<td>Hadadi<\/td>\n<td>HK, auteur, musicien, chanteur<\/td>\n<\/tr>\n<tr>\n<td>Ayda<\/td>\n<td>Hadizadeh<\/td>\n<td>D\u00e9put\u00e9e du Val d\u2019Oise<\/td>\n<\/tr>\n<tr>\n<td>Ad\u00e8le<\/td>\n<td>Haenel<\/td>\n<td>Actrice<\/td>\n<\/tr>\n<tr>\n<td>Hania<\/td>\n<td>Hamidi<\/td>\n<td>Secr\u00e9taire g\u00e9n\u00e9rale de l\u2019UNEF<\/td>\n<\/tr>\n<tr>\n<td>Rima<\/td>\n<td>Hassan<\/td>\n<td>D\u00e9put\u00e9e europ\u00e9enne<\/td>\n<\/tr>\n<tr>\n<td>Bertrand<\/td>\n<td>Heilbronn<\/td>\n<td>Pr\u00e9sident d\u2019honneur de l\u2019Association France Palestine Solidarit\u00e9-AFPS<\/td>\n<\/tr>\n<tr>\n<td>V\u00e9ronique<\/td>\n<td>Hollebecque<\/td>\n<td>Tr\u00e9sori\u00e8re de l\u2019Association France Palestine Solidarit\u00e9-AFPS<\/td>\n<\/tr>\n<tr>\n<td>Chistine<\/td>\n<td>Huyghe<\/td>\n<td>Math\u00e9maticienne Universit\u00e9 de Franche Comt\u00e9<\/td>\n<\/tr>\n<tr>\n<td>Pierre<\/td>\n<td>Jacquemain<\/td>\n<td>Directeur de la r\u00e9daction de Politis<\/td>\n<\/tr>\n<tr>\n<td>Nadav<\/td>\n<td>Joffe<\/td>\n<td>pour le collectif Tsedek<\/td>\n<\/tr>\n<tr>\n<td>Gis\u00e8le<\/td>\n<td>Jourda<\/td>\n<td>S\u00e9natrice, Pr\u00e9sidente du groupe d\u2019amiti\u00e9 France Palestine au S\u00e9nat<\/td>\n<\/tr>\n<tr>\n<td>Ronnie<\/td>\n<td>Kasrils<\/td>\n<td>Homme politique sud africain, ancien ministre<\/td>\n<\/tr>\n<tr>\n<td>Reda<\/td>\n<td>Kateb<\/td>\n<td>Acteur<\/td>\n<\/tr>\n<tr>\n<td>Karim<\/td>\n<td>Kattan<\/td>\n<td>\u00c9crivain<\/td>\n<\/tr>\n<tr>\n<td>Sarah<\/td>\n<td>Katz<\/td>\n<td>ISM France et UJFP<\/td>\n<\/tr>\n<tr>\n<td>Fatiha<\/td>\n<td>Keloua Hachi<\/td>\n<td>D\u00e9put\u00e9e de Seine St Denis, pr\u00e9sidente de la commission des affaires culturelles et de l\u2019\u00e9ducation<\/td>\n<\/tr>\n<tr>\n<td>Judith<\/td>\n<td>Krivine<\/td>\n<td>Pr\u00e9sidente du Syndicat des Avocats de France\u00a0<\/td>\n<\/tr>\n<tr>\n<td>Ariane<\/td>\n<td>Labed<\/td>\n<td>Actrice<\/td>\n<\/tr>\n<tr>\n<td>Julie<\/td>\n<td>Laernoes\u00a0<\/td>\n<td>D\u00e9put\u00e9e de Loire Atlantique<\/td>\n<\/tr>\n<tr>\n<td>Abou<\/td>\n<td>Lagraa<\/td>\n<td>Co-directeur -chor\u00e9graphe Compagnie La Baraka<\/td>\n<\/tr>\n<tr>\n<td>Tristan<\/td>\n<td>Lahais<\/td>\n<td>D\u00e9put\u00e9 d\u2019Ille et Vilaine<\/td>\n<\/tr>\n<tr>\n<td>Assan<\/td>\n<td>Lakehoul<\/td>\n<td>Secr\u00e9taire g\u00e9n\u00e9ral du MJCF<\/td>\n<\/tr>\n<tr>\n<td>Rapha\u00eble<\/td>\n<td>Lannad\u00e8re<\/td>\n<td>Auteure-compositrice-interpr\u00e8te<\/td>\n<\/tr>\n<tr>\n<td>Ahmed<\/td>\n<td>Laouedj<\/td>\n<td>S\u00e9nateur de Seine St Denis<\/td>\n<\/tr>\n<tr>\n<td>Meriem<\/td>\n<td>Laribi<\/td>\n<td>Journaliste ind\u00e9pendante et auteure<\/td>\n<\/tr>\n<tr>\n<td>St\u00e9phanie<\/td>\n<td>Latte Abdallah<\/td>\n<td>Directrice de recherche au CNRS\u00a0<\/td>\n<\/tr>\n<tr>\n<td>Pascal<\/td>\n<td>Lecamp<\/td>\n<td>D\u00e9put\u00e9 de la Vienne<\/td>\n<\/tr>\n<tr>\n<td>Patrice<\/td>\n<td>Leclerc<\/td>\n<td>Maire de Gennevilliers<\/td>\n<\/tr>\n<tr>\n<td>Arnaud<\/td>\n<td>Le Gall<\/td>\n<td>D\u00e9put\u00e9 du Val d\u2019Oise<\/td>\n<\/tr>\n<tr>\n<td>Yvan<\/td>\n<td>Le Bolloc\u2019h<\/td>\n<td>Acteur<\/td>\n<\/tr>\n<tr>\n<td>Ren\u00e9e<\/td>\n<td>le Mignot<\/td>\n<td>Pr\u00e9sidente honoraire du MRAP\u00a0<\/td>\n<\/tr>\n<tr>\n<td>Jean-Paul<\/td>\n<td>Lecoq<\/td>\n<td>D\u00e9put\u00e9 de Seine Maritime<\/td>\n<\/tr>\n<tr>\n<td>Marylise<\/td>\n<td>L\u00e9on<\/td>\n<td>Secr\u00e9taire g\u00e9n\u00e9rale de la CFDT<\/td>\n<\/tr>\n<tr>\n<td>Claude<\/td>\n<td>L\u00e9ostic<\/td>\n<td>Pr\u00e9sidente d\u2019honneur de la Plateforme des ONG fran\u00e7aises pour la Palestine<\/td>\n<\/tr>\n<tr>\n<td>Ya\u00ebl<\/td>\n<td>Lerer<\/td>\n<td>Analyste politique, traductrice et \u00e9ditrice<\/td>\n<\/tr>\n<tr>\n<td>Fran\u00e7ois<\/td>\n<td>Leroux<\/td>\n<td>Pr\u00e9sident de la plateforme des ONG fran\u00e7aises pour la Palestine<\/td>\n<\/tr>\n<tr>\n<td>Agn\u00e8s<\/td>\n<td>Levallois<\/td>\n<td>Vice-pr\u00e9sidente de l\u2019iReMMO<\/td>\n<\/tr>\n<tr>\n<td>Ken<\/td>\n<td>Loach<\/td>\n<td>Cin\u00e9aste r\u00e9alisateur<\/td>\n<\/tr>\n<tr>\n<td>Olivier<\/td>\n<td>Madaule<\/td>\n<td>Conseiller Municipal Montreuil- Conseil d\u2019Administration de l\u2019APRES<\/td>\n<\/tr>\n<tr>\n<td>Rafa\u00eblle<\/td>\n<td>Maison<\/td>\n<td>Professeur de Droit Universit\u00e9 Paris sud<\/td>\n<\/tr>\n<tr>\n<td>Ziad<\/td>\n<td>Majed<\/td>\n<td>Politologue, professeur universitaire et chercheur<\/td>\n<\/tr>\n<tr>\n<td>Coralie\u00a0<\/td>\n<td>Mantion<\/td>\n<td>Conseill\u00e8re municipale de Montpellier<\/td>\n<\/tr>\n<tr>\n<td>Marianne<\/td>\n<td>Margat\u00e9<\/td>\n<td>S\u00e9natrice du Val de Marne<\/td>\n<\/tr>\n<tr>\n<td>Roger<\/td>\n<td>Martelli<\/td>\n<td>Historien<\/td>\n<\/tr>\n<tr>\n<td>Pascale<\/td>\n<td>Martin<\/td>\n<td>Ex-d\u00e9put\u00e9e de Dordogne<\/td>\n<\/tr>\n<tr>\n<td>Corinne<\/td>\n<td>Masiero<\/td>\n<td>Actrice<\/td>\n<\/tr>\n<tr>\n<td>Nora<\/td>\n<td>Mebarek<\/td>\n<td>D\u00e9put\u00e9e europ\u00e9enne<\/td>\n<\/tr>\n<tr>\n<td>Akli\u00a0<\/td>\n<td>Mellouli<\/td>\n<td>S\u00e9nateur du Val de Marne\u00a0<\/td>\n<\/tr>\n<tr>\n<td>Danielle<\/td>\n<td>Merian<\/td>\n<td>Avocate honoraire<\/td>\n<\/tr>\n<tr>\n<td>Daniel<\/td>\n<td>Mermet<\/td>\n<td>Journaliste\u00a0<\/td>\n<\/tr>\n<tr>\n<td>Marina<\/td>\n<td>Mesure<\/td>\n<td>D\u00e9put\u00e9e europ\u00e9enne<\/td>\n<\/tr>\n<tr>\n<td>Fanny<\/td>\n<td>M\u00e9trat<\/td>\n<td>Porte-parole de la Conf\u00e9d\u00e9ration paysanne<\/td>\n<\/tr>\n<tr>\n<td>Ana<\/td>\n<td>Miranda<\/td>\n<td>D\u00e9put\u00e9e europ\u00e9enne galicienne<\/td>\n<\/tr>\n<tr>\n<td>Alice<\/td>\n<td>Mogwe<\/td>\n<td>Pr\u00e9sidente de la F\u00e9d\u00e9ration Internationale des Droits de l\u2019Homme<\/td>\n<\/tr>\n<tr>\n<td>L\u00e9onore\u00a0<\/td>\n<td>Moncond\u2019huy\u00a0<\/td>\n<td>Maire de Poitiers, Vice-Pr\u00e9sidente du Grand Poitiers\u00a0<\/td>\n<\/tr>\n<tr>\n<td>Gerard<\/td>\n<td>Mordillat<\/td>\n<td>Ecrivain R\u00e9alisateur<\/td>\n<\/tr>\n<tr>\n<td>Louise<\/td>\n<td>Morel<\/td>\n<td>D\u00e9put\u00e9e du Bas-Rhin<\/td>\n<\/tr>\n<tr>\n<td>Cl\u00e9ment<\/td>\n<td>Mouhot<\/td>\n<td>Professeur de math\u00e9matiques, Universit\u00e9 de Cambridge (UK)\u00a0<\/td>\n<\/tr>\n<tr>\n<td>Fabien<\/td>\n<td>Navarro<\/td>\n<td>Maitre de conf\u00e9rences Universit\u00e9 Paris 1<\/td>\n<\/tr>\n<tr>\n<td>Roland<\/td>\n<td>Nivet<\/td>\n<td>Porte parole national du Mouvement de la Paix<\/td>\n<\/tr>\n<tr>\n<td>Roland<\/td>\n<td>Nurier<\/td>\n<td>Cin\u00e9aste r\u00e9alisateur<\/td>\n<\/tr>\n<tr>\n<td>Christophe<\/td>\n<td>Oberlin<\/td>\n<td>Chirurgien<\/td>\n<\/tr>\n<tr>\n<td>Mathilde<\/td>\n<td>Ollivier<\/td>\n<td>S\u00e9natrice des Fran\u00e7aises et Fran\u00e7ais \u00e9tablis hors de France\u00a0<\/td>\n<\/tr>\n<tr>\n<td>Joseph<\/td>\n<td>Oesterl\u00e9<\/td>\n<td>Professeur de math\u00e9matiques \u00e9m\u00e9rite- Sorbonne\u00a0<\/td>\n<\/tr>\n<tr>\n<td>Akim<\/td>\n<td>Omiri<\/td>\n<td>Humoriste, animateur de radio<\/td>\n<\/tr>\n<tr>\n<td>B\u00e9atrice\u00a0<\/td>\n<td>Or\u00e8s<\/td>\n<td>Porte-parole de l\u2019Union Juive Fran\u00e7aise pour la Paix<\/td>\n<\/tr>\n<tr>\n<td>Hubert<\/td>\n<td>Ott<\/td>\n<td>D\u00e9put\u00e9 du Bas-Rhin<\/td>\n<\/tr>\n<tr>\n<td>Julie<\/td>\n<td>Ozenne<\/td>\n<td>D\u00e9put\u00e9e de l\u2019Essone<\/td>\n<\/tr>\n<tr>\n<td>Marilyn<\/td>\n<td>Pacouret<\/td>\n<td>Pr\u00e9sidente de Chr\u00e9tiens de la m\u00e9diterran\u00e9e et des Amis de Sabeel France<\/td>\n<\/tr>\n<tr>\n<td>Mathilde\u00a0<\/td>\n<td>Panot<\/td>\n<td>D\u00e9put\u00e9e du Val de Marne, Pr\u00e9sidente du Groupe La France Insoumise<\/td>\n<\/tr>\n<tr>\n<td>Anne<\/td>\n<td>Paq<\/td>\n<td>Photographe et r\u00e9alisatrice<\/td>\n<\/tr>\n<tr>\n<td>Denis<\/td>\n<td>P\u00e9an<\/td>\n<td>Compositeur interpr\u00e8te<\/td>\n<\/tr>\n<tr>\n<td>Nurit<\/td>\n<td>Peled-Elhanan<\/td>\n<td>Laur\u00e9ate du prix Sakharov 2001<\/td>\n<\/tr>\n<tr>\n<td>Victor<\/td>\n<td>Pereira<\/td>\n<td>Secr\u00e9tariat national de la Conf\u00e9d\u00e9ration Paysanne<\/td>\n<\/tr>\n<tr>\n<td>Gilles<\/td>\n<td>Perret<\/td>\n<td>R\u00e9alisateur<\/td>\n<\/tr>\n<tr>\n<td>St\u00e9phane\u00a0<\/td>\n<td>Peu<\/td>\n<td>D\u00e9put\u00e9 de Seine St-Denis, Pr\u00e9sident du Groupe Gauche d\u00e9mocrate et r\u00e9publicaine<\/td>\n<\/tr>\n<tr>\n<td>Anna<\/td>\n<td>Pic<\/td>\n<td>D\u00e9put\u00e9e de la Manche<\/td>\n<\/tr>\n<tr>\n<td>Ernest<\/td>\n<td>Pignon-Ernest<\/td>\n<td>Plasticien<\/td>\n<\/tr>\n<tr>\n<td>Eric<\/td>\n<td>Piolle<\/td>\n<td>Maire de Grenoble<\/td>\n<\/tr>\n<tr>\n<td>Raphael<\/td>\n<td>Pitti<\/td>\n<td>M\u00e9decin urgentiste<\/td>\n<\/tr>\n<tr>\n<td>Edwy<\/td>\n<td>Plenel<\/td>\n<td>Journaliste\u00a0<\/td>\n<\/tr>\n<tr>\n<td>Marie\u00a0<\/td>\n<td>Pochon<\/td>\n<td>D\u00e9put\u00e9e de la Drome<\/td>\n<\/tr>\n<tr>\n<td>Raymonde<\/td>\n<td>Poncet-Monge<\/td>\n<td>S\u00e9natrice du Rh\u00f4ne<\/td>\n<\/tr>\n<tr>\n<td>Thomas<\/td>\n<td>Portes<\/td>\n<td>D\u00e9put\u00e9 de Seine St-Denis<\/td>\n<\/tr>\n<tr>\n<td>Philippe<\/td>\n<td>Poutou<\/td>\n<td>Membre du Nouveau Parti Anticapitaliste<\/td>\n<\/tr>\n<tr>\n<td>Dominique<\/td>\n<td>Pradali\u00e9<\/td>\n<td>Pr\u00e9sidente de la F\u00e9d\u00e9ration Internationale des journalistes<\/td>\n<\/tr>\n<tr>\n<td>Raphaelle\u00a0<\/td>\n<td>Primet<\/td>\n<td>Conseill\u00e8re de Paris<\/td>\n<\/tr>\n<tr>\n<td>Ali<\/td>\n<td>Rabeh<\/td>\n<td>Maire de Trappes Coordinateur national de G\u00e9n\u00e9ration.s<\/td>\n<\/tr>\n<tr>\n<td>Emma<\/td>\n<td>Rafowicz<\/td>\n<td>D\u00e9put\u00e9e europ\u00e9enne<\/td>\n<\/tr>\n<tr>\n<td>Michel<\/td>\n<td>Roger<\/td>\n<td>Conseiller du 20e arrondissement de Paris<\/td>\n<\/tr>\n<tr>\n<td>Richard<\/td>\n<td>Ramos<\/td>\n<td>D\u00e9put\u00e9 du Loiret, Pr\u00e9sident du groupe d\u2019amiti\u00e9 France-Palestine \u00e0 l\u2019Assembl\u00e9e Nationale\u00a0<\/td>\n<\/tr>\n<tr>\n<td>Marwan<\/td>\n<td>Rashed<\/td>\n<td>Pr\u00e9sident de l\u2019AURDIP<\/td>\n<\/tr>\n<tr>\n<td>Jean Claude<\/td>\n<td>Raux<\/td>\n<td>D\u00e9put\u00e9 de Loire atlantique<\/td>\n<\/tr>\n<tr>\n<td>Vincent<\/td>\n<td>Reb\u00e9rioux<\/td>\n<td>Vice-pr\u00e9sident de la Ligue des Droits de l\u2019Homme-LDH<\/td>\n<\/tr>\n<tr>\n<td>Sandra<\/td>\n<td>Regol<\/td>\n<td>D\u00e9put\u00e9e du Bas-Rhin<\/td>\n<\/tr>\n<tr>\n<td>Chlo\u00e9<\/td>\n<td>Ridel<\/td>\n<td>D\u00e9put\u00e9e europ\u00e9enne<\/td>\n<\/tr>\n<tr>\n<td>Jacques<\/td>\n<td>Rigaudiat<\/td>\n<td>\u00c9conomiste, ex conseiller social de Michel Rocard et de Lionel Jospin.\u00a0<\/td>\n<\/tr>\n<tr>\n<td>Davy<\/td>\n<td>Rimane<\/td>\n<td>D\u00e9put\u00e9 de Guyane, Pr\u00e9sident de la d\u00e9l\u00e9gation aux Outre-mer<\/td>\n<\/tr>\n<tr>\n<td>Philippe<\/td>\n<td>Rio<\/td>\n<td>Maire de Grigny<\/td>\n<\/tr>\n<tr>\n<td>Emmanuel<\/td>\n<td>Riond\u00e9<\/td>\n<td>Journaliste\u00a0<\/td>\n<\/tr>\n<tr>\n<td>Fran\u00e7ois<\/td>\n<td>Rippe<\/td>\n<td>Vice-pr\u00e9sident de l\u2019Association France Palestine Solidarit\u00e9-AFPS<\/td>\n<\/tr>\n<tr>\n<td>Denis<\/td>\n<td>Robert<\/td>\n<td>R\u00e9alisateur<\/td>\n<\/tr>\n<tr>\n<td>Titi<\/td>\n<td>Robin<\/td>\n<td>Musicien compositeur<\/td>\n<\/tr>\n<tr>\n<td>Johanna<\/td>\n<td>Rolland<\/td>\n<td>Maire de Nantes<\/td>\n<\/tr>\n<tr>\n<td>Jean-Louis<\/td>\n<td>Roumegas<\/td>\n<td>D\u00e9put\u00e9 de l\u2019H\u00e9rault<\/td>\n<\/tr>\n<tr>\n<td>Fabien<\/td>\n<td>Roussel<\/td>\n<td>Secr\u00e9taire national du Parti Communiste Fran\u00e7ais<\/td>\n<\/tr>\n<tr>\n<td>Fran\u00e7ois<\/td>\n<td>Ruffin<\/td>\n<td>D\u00e9put\u00e9 de la Somme<\/td>\n<\/tr>\n<tr>\n<td>Mireille<\/td>\n<td>Rumeau<\/td>\n<td>International Solidarity Movement (ISM) France\u00a0<\/td>\n<\/tr>\n<tr>\n<td>Lana<\/td>\n<td>Sadek<\/td>\n<td>Pr\u00e9sidente du Forum Palestine Citoyennet\u00e9<\/td>\n<\/tr>\n<tr>\n<td>Pascal<\/td>\n<td>Savoldelli<\/td>\n<td>S\u00e9nateur du Val de Marne\u00a0<\/td>\n<\/tr>\n<tr>\n<td>Catherine<\/td>\n<td>Samary<\/td>\n<td>Economiste, membre de l\u2019UJFP<\/td>\n<\/tr>\n<tr>\n<td>Sarah<\/td>\n<td>Sameur<\/td>\n<td>Avocate au Barreau de Paris<\/td>\n<\/tr>\n<tr>\n<td>Elias<\/td>\n<td>Sanbar<\/td>\n<td>Ancien Ambassadeur de la Palestine aupr\u00e8s de l\u2019UNESCO<\/td>\n<\/tr>\n<tr>\n<td>Ma\u00efa<\/td>\n<td>Sandoz<\/td>\n<td>Actrice, \u00e9crivaine, metteuse en sc\u00e8ne<\/td>\n<\/tr>\n<tr>\n<td>Eva<\/td>\n<td>Sas<\/td>\n<td>d\u00e9put\u00e9e de Paris<\/td>\n<\/tr>\n<tr>\n<td>Mounir<\/td>\n<td>Satouri<\/td>\n<td>D\u00e9put\u00e9 europ\u00e9en, Pr\u00e9sident de la commission des Droits humains<\/td>\n<\/tr>\n<tr>\n<td>Fran\u00e7ois<\/td>\n<td>Sauterey<\/td>\n<td>Copr\u00e9sident du MRAP\u00a0<\/td>\n<\/tr>\n<tr>\n<td>Madjouline<\/td>\n<td>Sba\u00ef<\/td>\n<td>D\u00e9put\u00e9e europ\u00e9enne<\/td>\n<\/tr>\n<tr>\n<td>Pierre<\/td>\n<td>Schapira<\/td>\n<td>Professeur \u00e9m\u00e9rite Sorbonne universit\u00e9<\/td>\n<\/tr>\n<tr>\n<td>Sabrina<\/td>\n<td>Sebaihi<\/td>\n<td>D\u00e9put\u00e9e des Hauts-de-Seine<\/td>\n<\/tr>\n<tr>\n<td>Leila<\/td>\n<td>Seurat<\/td>\n<td>Docteure en sciences politiques, chercheuse au CERI<\/td>\n<\/tr>\n<tr>\n<td>Denis<\/td>\n<td>Sieffert<\/td>\n<td>Journaliste Directeur de Politis<\/td>\n<\/tr>\n<tr>\n<td>Aude<\/td>\n<td>Signoles<\/td>\n<td>Ma\u00eetre de conf\u00e9rence \u00e0 Sciences Po Aix<\/td>\n<\/tr>\n<tr>\n<td>Danielle<\/td>\n<td>Simonnet<\/td>\n<td>D\u00e9put\u00e9e de Paris<\/td>\n<\/tr>\n<tr>\n<td>Evelyne<\/td>\n<td>Sire-Marin<\/td>\n<td>Vice-pr\u00e9sidente de la LDH, Magistrate<\/td>\n<\/tr>\n<tr>\n<td>Marion<\/td>\n<td>Slitine<\/td>\n<td>Anthropologue-Secr\u00e9taire g\u00e9n\u00e9rale du Cercle des Chercheurs sur le Moyen-Orient<\/td>\n<\/tr>\n<tr>\n<td>Anthony<\/td>\n<td>Smith<\/td>\n<td>D\u00e9put\u00e9 europ\u00e9en<\/td>\n<\/tr>\n<tr>\n<td>Fred<\/td>\n<td>Sochard<\/td>\n<td>Dessinateur, graphiste<\/td>\n<\/tr>\n<tr>\n<td>Johann<\/td>\n<td>Soufi<\/td>\n<td>Avocat et procureur, sp\u00e9cialis\u00e9 en droit international<\/td>\n<\/tr>\n<tr>\n<td>Pierre<\/td>\n<td>Stambul<\/td>\n<td>Porte-parole de l\u2019Union Juive Fran\u00e7aise pour la Paix<\/td>\n<\/tr>\n<tr>\n<td>Annick<\/td>\n<td>Suzor-Weiner<\/td>\n<td>Professeur \u00e9m\u00e9rite Universit\u00e9 Paris-Saclay<\/td>\n<\/tr>\n<tr>\n<td>Nadia<\/td>\n<td>Sweeny<\/td>\n<td>Pr\u00e9sidente du directoire du Media<\/td>\n<\/tr>\n<tr>\n<td>Taoufiq<\/td>\n<td>Tahani<\/td>\n<td>Pr\u00e9sident d\u2019honneur de l\u2019Association France Palestine Solidarit\u00e9-AFPS<\/td>\n<\/tr>\n<tr>\n<td>Andr\u00e9e\u00a0<\/td>\n<td>Taurinya\u00a0<\/td>\n<td>D\u00e9put\u00e9e de la Loire<\/td>\n<\/tr>\n<tr>\n<td>Nathalie<\/td>\n<td>Tehio<\/td>\n<td>Pr\u00e9sidente de la Ligue des Droits de l\u2019Homme-LDH<\/td>\n<\/tr>\n<tr>\n<td>Marine<\/td>\n<td>Tondelier<\/td>\n<td>Secr\u00e9taire nationale des Ecologistes<\/td>\n<\/tr>\n<tr>\n<td>Isabelle<\/td>\n<td>Tordjman<\/td>\n<td>Secr\u00e9taire g\u00e9n\u00e9rale de l\u2019AJPF<\/td>\n<\/tr>\n<tr>\n<td>Karim<\/td>\n<td>Touche<\/td>\n<td>Pr\u00e9sident du R\u00e9seau Euromed France<\/td>\n<\/tr>\n<tr>\n<td>Marie\u00a0<\/td>\n<td>Toussaint<\/td>\n<td>D\u00e9put\u00e9e Europ\u00e9enne<\/td>\n<\/tr>\n<tr>\n<td>Claire<\/td>\n<td>Touzard<\/td>\n<td>Autrice et sc\u00e9nariste<\/td>\n<\/tr>\n<tr>\n<td>Catherine<\/td>\n<td>Tricot<\/td>\n<td>Directrice de la revue Regards<\/td>\n<\/tr>\n<tr>\n<td>St\u00e9phane\u00a0<\/td>\n<td>Troussel<\/td>\n<td>Pr\u00e9sident du Conseil d\u00e9partemental de Seine St-Denis<\/td>\n<\/tr>\n<tr>\n<td>Aur\u00e9lie<\/td>\n<td>Trouv\u00e9<\/td>\n<td>D\u00e9put\u00e9e de Seine St-Denis, Pr\u00e9sidente de la Commission des affaires \u00e9conomiques\u00a0\u00a0<\/td>\n<\/tr>\n<tr>\n<td>Anne\u00a0<\/td>\n<td>Tuaillon<\/td>\n<td>Pr\u00e9sidente de l\u2019Association France Palestine Solidarit\u00e9-AFPS<\/td>\n<\/tr>\n<tr>\n<td>Nicolas\u00a0<\/td>\n<td>Turquois<\/td>\n<td>D\u00e9put\u00e9 de la Vienne<\/td>\n<\/tr>\n<tr>\n<td>Yanis<\/td>\n<td>Varoufakis<\/td>\n<td>Economiste grec<\/td>\n<\/tr>\n<tr>\n<td>Thomas<\/td>\n<td>Vescovi<\/td>\n<td>Cofondateur de Yaani<\/td>\n<\/tr>\n<tr>\n<td>Dominique<\/td>\n<td>Vidal<\/td>\n<td>Journaliste et essayiste ind\u00e9pendant\u00a0<\/td>\n<\/tr>\n<tr>\n<td>R\u00e9gine\u00a0<\/td>\n<td>Villemont<\/td>\n<td>Pr\u00e9sidente des amis de la RASD\/France<\/td>\n<\/tr>\n<tr>\n<td>Pablo<\/td>\n<td>Vivien<\/td>\n<td>R\u00e9dacteur en chef de Regards<\/td>\n<\/tr>\n<tr>\n<td>Dror<\/td>\n<td>Warschawski<\/td>\n<td>Chercheur Universit\u00e9 Paris Sorbonne<\/td>\n<\/tr>\n<tr>\n<td>Roger<\/td>\n<td>Waters<\/td>\n<td>Auteur compositeur interpr\u00e8te<\/td>\n<\/tr>\n<tr>\n<td>Catherine<\/td>\n<td>Wihtol de Wenden<\/td>\n<td>Directrice de recherche CNRS<\/td>\n<\/tr>\n<tr>\n<td>Maud<\/td>\n<td>Wyler<\/td>\n<td>Actrice<\/td>\n<\/tr>\n<tr>\n<td>Youlie<\/td>\n<td>Yamamoto<\/td>\n<td>Porte parole d\u2019ATTAC<\/td>\n<\/tr>\n<tr>\n<td>Patrick<\/td>\n<td>Zahnd<\/td>\n<td>Professeur de droit, Pr\u00e9sident de JURDI<\/td>\n<\/tr>\n<tr>\n<td>Adel<\/td>\n<td>Ziane<\/td>\n<td>S\u00e9nateur de Seine St-Denis\u00a0<\/td>\n<\/tr>\n<tr>\n<td>Dominique<\/td>\n<td>Ziegler<\/td>\n<td>Ecrivain, Metteur en sc\u00e8ne<\/td>\n<\/tr>\n","protected":false},"excerpt":{"rendered":"Ahmed Abbes Math\u00e9maticien, directeur de recherche \u00e0 Paris Nad\u00e8ge Abomangoli D\u00e9put\u00e9e de Seine St-Denis, vice pr\u00e9sidente de l\u2019Assembl\u00e9e&hellip;\n","protected":false},"author":2,"featured_media":124959,"comment_status":"","ping_status":"","sticky":false,"template":"","format":"standard","meta":{"footnotes":""},"categories":[1888],"tags":[11,1777,674,1011,27,665,12,3518,626,25],"class_list":{"0":"post-124958","1":"post","2":"type-post","3":"status-publish","4":"format-standard","5":"has-post-thumbnail","7":"category-paris","8":"tag-actualites","9":"tag-eu","10":"tag-europe","11":"tag-fr","12":"tag-france","13":"tag-gaza","14":"tag-news","15":"tag-palestine","16":"tag-paris","17":"tag-republique-francaise"},"share_on_mastodon":{"url":"https:\/\/pubeurope.com\/@fr\/114563847609650369","error":""},"_links":{"self":[{"href":"https:\/\/www.europesays.com\/fr\/wp-json\/wp\/v2\/posts\/124958","targetHints":{"allow":["GET"]}}],"collection":[{"href":"https:\/\/www.europesays.com\/fr\/wp-json\/wp\/v2\/posts"}],"about":[{"href":"https:\/\/www.europesays.com\/fr\/wp-json\/wp\/v2\/types\/post"}],"author":[{"embeddable":true,"href":"https:\/\/www.europesays.com\/fr\/wp-json\/wp\/v2\/users\/2"}],"replies":[{"embeddable":true,"href":"https:\/\/www.europesays.com\/fr\/wp-json\/wp\/v2\/comments?post=124958"}],"version-history":[{"count":0,"href":"https:\/\/www.europesays.com\/fr\/wp-json\/wp\/v2\/posts\/124958\/revisions"}],"wp:featuredmedia":[{"embeddable":true,"href":"https:\/\/www.europesays.com\/fr\/wp-json\/wp\/v2\/media\/124959"}],"wp:attachment":[{"href":"https:\/\/www.europesays.com\/fr\/wp-json\/wp\/v2\/media?parent=124958"}],"wp:term":[{"taxonomy":"category","embeddable":true,"href":"https:\/\/www.europesays.com\/fr\/wp-json\/wp\/v2\/categories?post=124958"},{"taxonomy":"post_tag","embeddable":true,"href":"https:\/\/www.europesays.com\/fr\/wp-json\/wp\/v2\/tags?post=124958"}],"curies":[{"name":"wp","href":"https:\/\/api.w.org\/{rel}","templated":true}]}}