{"id":124960,"date":"2025-05-24T16:52:14","date_gmt":"2025-05-24T16:52:14","guid":{"rendered":"https:\/\/www.europesays.com\/fr\/124960\/"},"modified":"2025-05-24T16:52:14","modified_gmt":"2025-05-24T16:52:14","slug":"lukraine-et-la-russie-ont-echange-307-prisonniers-de-guerre-apres-une-nouvelle-nuit-dattaques-sur-kiev","status":"publish","type":"post","link":"https:\/\/www.europesays.com\/fr\/124960\/","title":{"rendered":"L\u2019Ukraine et la Russie ont \u00e9chang\u00e9 307 prisonniers de guerre, apr\u00e8s une nouvelle nuit d\u2019attaques sur Kiev"},"content":{"rendered":"<p><strong>LE POINT SUR LA SITUATION<\/strong> &#8211; Alors que les deux bellig\u00e9rants doivent poursuivre d\u2019importants \u00e9changes de prisonniers tout le long du week-end, la capitale ukrainienne a subi de nouveau une attaque de drones cette nuit.<\/p>\n<p class=\"fig-paragraph\">Une attaque massive de drones et de missiles russes a fait au moins 15 bless\u00e9s \u00e0 Kiev t\u00f4t samedi matin, jour o\u00f9 les deux bellig\u00e9rants doivent proc\u00e9der \u00e0\u00a0<a href=\"http:\/\/www.lefigaro.fr\/international\/guerre-en-ukraine-trump-annonce-un-gros-echange-de-prisonniers-entre-moscou-et-kiev-20250523\" data-fig-type=\"NewsFlash\" data-gtm-custom-categorie=\"navigation\" data-gtm-custom-action=\"crossclick\" data-gtm-custom-label=\"Contextuel\" data-gtm-event=\"customEventSPE\" data-fig-domain=\"LEFIGARO\" rel=\"nofollow noopener\" target=\"_blank\">la deuxi\u00e8me phase d&rsquo;un \u00e9change record de prisonniers<\/a>.<\/p>\n<p class=\"fig-paragraph\">\u00abLa d\u00e9fense a\u00e9rienne a abattu six missiles balistiques Iskander-M\/KN-23 et neutralis\u00e9 245 UAV ennemis de type Shahed\u00bb, ont pr\u00e9cis\u00e9 les forces a\u00e9riennes dans un communiqu\u00e9.<\/p>\n<p>Kiev sous les drones ennemis<\/p>\n<p class=\"fig-paragraph\">\u00abLa capitale et sa r\u00e9gion subissent \u00e0 nouveau une attaque massive de l&rsquo;ennemi. Les syst\u00e8mes de d\u00e9fense antia\u00e9rienne fonctionnent en permanence \u00e0 Kiev et dans sa banlieue\u00bb, a indiqu\u00e9 sur Telegram le maire de\u00a0<a href=\"http:\/\/www.lefigaro.fr\/international\/guerre-en-ukraine-trump-annonce-un-gros-echange-de-prisonniers-entre-moscou-et-kiev-20250523\" data-fig-type=\"NewsFlash\" data-gtm-custom-categorie=\"navigation\" data-gtm-custom-action=\"crossclick\" data-gtm-custom-label=\"Contextuel\" data-gtm-event=\"customEventSPE\" data-fig-domain=\"LEFIGARO\" rel=\"nofollow noopener\" target=\"_blank\">Kiev<\/a>, Vitali Klitschko.<\/p>\n<p class=\"fig-paragraph\">Ces attaques ont fait au moins 15 bless\u00e9s. Des journalistes de l&rsquo;AFP ont entendu des explosions dans la nuit. Le maire et l&rsquo;administration civile et militaire de Kiev ont fait \u00e9tat de plusieurs incendies et de chutes de d\u00e9bris de missiles et de drones sur des immeubles dans un grand nombre de quartiers de la ville.<\/p>\n<p>\u00a0\u00bb<br \/>\n        data-script=\u00a0\u00bbhttps:\/\/static.lefigaro.fr\/widget-video\/short-ttl\/video\/index.js\u00a0\u00bb<br \/>\n    &gt;<\/p>\n<p class=\"fig-body-link\">\n            \u00c0 lire aussi<br \/>\n        <a class=\"fig-body-link__link fig-premium-mark\" href=\"http:\/\/www.lefigaro.fr\/international\/andrei-mordvitchev-le-general-russe-qui-monte-et-prepare-la-guerre-apres-l-ukraine-20250523\" data-fig-type=\"Article\" data-gtm-custom-categorie=\"navigation\" data-gtm-custom-action=\"crossclick\" data-gtm-custom-label=\"Contextuel\" data-gtm-event=\"customEventSPE\" data-fig-domain=\"LEFIGARO\" rel=\"nofollow noopener\" target=\"_blank\">Andre\u00ef Mordvitchev, le g\u00e9n\u00e9ral russe qui monte, et pr\u00e9pare la guerre apr\u00e8s l\u2019Ukraine<br \/>\n    <\/a>\n<\/p>\n<p class=\"fig-paragraph\">Plus t\u00f4t vendredi, deux personnes avaient \u00e9t\u00e9 tu\u00e9es dans des frappes russes sur le port d&rsquo;Odessa (sud) et trois dans la r\u00e9gion de Kherson (sud). L&rsquo;arm\u00e9e russe a de son c\u00f4t\u00e9 indiqu\u00e9 que l&rsquo;Ukraine avait vis\u00e9 le territoire russe avec 788 drones et missiles depuis mardi, dont 776 ont \u00e9t\u00e9 abattus.<\/p>\n<p><strong>Zelensky appelle \u00e0 davantage de sanctions contre la Russie apr\u00e8s la derni\u00e8re attaque nocturne<\/strong><\/p>\n<p class=\"fig-paragraph\">Le pr\u00e9sident ukrainien Volodymyr Zelensky a d\u00e9clar\u00e9 samedi que seules des sanctions internationales suppl\u00e9mentaires pourraient forcer la Russie \u00e0 accepter un cessez-le-feu, apr\u00e8s des frappes de drones et de missiles russes sur Kiev qui ont bless\u00e9 15 personnes pendant la nuit.<\/p>\n<p class=\"fig-paragraph\">\u00abSeules des sanctions suppl\u00e9mentaires ciblant des secteurs cl\u00e9s de l\u2019\u00e9conomie russe forceront Moscou \u00e0 cesser le feu\u00bb, a-t-il d\u00e9clar\u00e9 sur X, ajoutant que \u00abla cause de la prolongation de la guerre se trouve \u00e0 Moscou\u00bb.<\/p>\n<p><strong>\u00c9change de prisonniers entre Russes et Ukrainiens<\/strong><\/p>\n<p class=\"fig-paragraph\">Ces attaques surviennent alors que la Russie et l&rsquo;Ukraine ont entam\u00e9 un \u00e9change record de prisonniers qui doit au total impliquer \u00ab1000 pour 1000\u00bb personnes sur trois jours. Cet \u00e9change est le seul r\u00e9sultat tangible de n\u00e9gociations entre Russes et Ukrainiens \u00e0 Istanbul mi-mai.<\/p>\n<p class=\"fig-paragraph\">La Russie et l\u2019Ukraine ont samedi \u00e9chang\u00e9 307 prisonniers de guerre de chaque camp, selon Moscou. \u00abLe 24 mai, conform\u00e9ment aux accords russo-ukrainiens conclus le 16 mai \u00e0 Istanbul, 307 autres militaires russes ont \u00e9t\u00e9 rapatri\u00e9s\u00bb d\u2019Ukraine, a indiqu\u00e9 le minist\u00e8re russe de la D\u00e9fense dans un communiqu\u00e9, pr\u00e9cisant ces militaires se trouvaient actuellement au B\u00e9larus o\u00f9 ils re\u00e7oivent une \u00abaide m\u00e9dicale et psychologique\u00bb.<\/p>\n<p class=\"fig-paragraph\">Le premier volet de l&rsquo;\u00e9change, vendredi, avait port\u00e9 sur 270 militaires et 120 civils de chaque camp. Les phases suivantes sont pr\u00e9vues samedi et dimanche. \u00abC\u2019est la premi\u00e8re \u00e9tape du plus grand \u00e9change\u00bb depuis le d\u00e9but de l\u2019invasion russe de l\u2019Ukraine en f\u00e9vrier 2022, a soulign\u00e9 le pr\u00e9sident ukrainien\u00a0<a href=\"http:\/\/www.lefigaro.fr\/international\/guerre-en-ukraine-zelensky-accuse-la-russie-d-essayer-de-gagner-du-temps-pour-poursuivre-son-invasion-20250520\" data-fig-type=\"NewsFlash\" data-gtm-custom-categorie=\"navigation\" data-gtm-custom-action=\"crossclick\" data-gtm-custom-label=\"Contextuel\" data-gtm-event=\"customEventSPE\" data-fig-domain=\"LEFIGARO\" rel=\"nofollow noopener\" target=\"_blank\">Volodymyr Zelensky<\/a>\u00a0dans son adresse de vendredi soir.<\/p>\n<p class=\"fig-paragraph\">Dans la r\u00e9gion de Tcherniguiv, o\u00f9 \u00e9taient ramen\u00e9s les Ukrainiens lib\u00e9r\u00e9s par les Russes, des centaines de personnes, principalement des femmes, attendaient en brandissant des banderoles et des portraits, a constat\u00e9 un journaliste de l&rsquo;AFP. Certains criaient, pleuraient ou acclamaient d&rsquo;une seule voix les bus remplis d&rsquo;hommes amaigris, qui les saluaient en retour \u00e0 travers les fen\u00eatres. Quand les anciens captifs sont sortis du bus, enroul\u00e9s dans des drapeaux ukrainiens, les familles ont accouru aupr\u00e8s d&rsquo;eux, leur tendant des portraits de leur proche pour savoir s&rsquo;ils l&rsquo;avaient aper\u00e7u durant leur captivit\u00e9.<\/p>\n<p class=\"fig-paragraph\">La Russie donne tr\u00e8s peu d&rsquo;informations sur le sort des prisonniers ukrainiens et chaque \u00e9change r\u00e9serve son lot de surprises, a d\u00e9clar\u00e9 \u00e0 l&rsquo;AFP un haut responsable ukrainien sous le couvert de l&rsquo;anonymat. \u00abDans presque chaque \u00e9change, il y a des gens dont personne ne savait rien\u00bb, a-t-il d\u00e9clar\u00e9. \u00abParfois, ils nous rendent des personnes qui figuraient sur les listes de personnes disparues ou qui \u00e9taient consid\u00e9r\u00e9es comme mortes\u00bb.<\/p>\n<p class=\"fig-paragraph\">C\u00f4t\u00e9 russe, Moscou a annonc\u00e9 avoir \u00e9galement r\u00e9cup\u00e9r\u00e9 vendredi 270 militaires et 120 civils, dont \u00abdes habitants de la r\u00e9gion de Koursk captur\u00e9s par les forces arm\u00e9es ukrainiennes\u00bb lors de leur offensive \u00e0 l&rsquo;\u00e9t\u00e9 2024.<\/p>\n<p class=\"fig-body-link\">\n            \u00c0 lire aussi<br \/>\n        <a class=\"fig-body-link__link fig-premium-mark\" href=\"http:\/\/www.lefigaro.fr\/international\/guerre-en-ukraine-la-grande-desillusion-des-europeens-leurres-par-donald-trump-20250522\" data-fig-type=\"Article\" data-gtm-custom-categorie=\"navigation\" data-gtm-custom-action=\"crossclick\" data-gtm-custom-label=\"Contextuel\" data-gtm-event=\"customEventSPE\" data-fig-domain=\"LEFIGARO\" rel=\"nofollow noopener\" target=\"_blank\">Guerre en Ukraine\u00a0: la grande d\u00e9sillusion des Europ\u00e9ens leurr\u00e9s par Donald Trump<br \/>\n    <\/a>\n<\/p>\n<p><strong>Les n\u00e9gociations de paix se poursuivent<\/strong><\/p>\n<p class=\"fig-paragraph\">L&rsquo;\u00e9change de prisonniers et de corps de militaires tu\u00e9s au combat reste l&rsquo;un des derniers domaines de coop\u00e9ration entre Kiev et Moscou, alors que la Russie occupe environ 20% du territoire ukrainien.<\/p>\n<p class=\"fig-paragraph\">Celui de vendredi avait \u00e9t\u00e9 annonc\u00e9 par le pr\u00e9sident am\u00e9ricain Donald Trump, qui a affirm\u00e9 vouloir amener les deux bellig\u00e9rants \u00e0 n\u00e9gocier pour mettre fin le plus vite possible au \u00abbain de sang\u00bb. \u00abF\u00e9licitations aux deux parties pour cette n\u00e9gociation. Cela pourrait conduire \u00e0 quelque chose d&rsquo;\u00e9norme\u00a0???\u00bb, a \u00e9crit le pr\u00e9sident des \u00c9tats-Unis sur son r\u00e9seau Truth Social.<\/p>\n<p class=\"fig-paragraph\">Le chef de la diplomatie russe, Sergue\u00ef Lavrov, a indiqu\u00e9 vendredi que Moscou travaillait sur un document exposant \u00ables conditions d&rsquo;un accord durable, global et \u00e0 long terme sur le r\u00e8glement\u00bb du conflit, qui sera transmis \u00e0 l&rsquo;Ukraine une fois l&rsquo;\u00e9change de prisonniers finalis\u00e9. Kiev doit faire de m\u00eame pour ses propres conditions.<\/p>\n<p>Nouvelles conqu\u00eates russes<\/p>\n<p class=\"fig-paragraph\">Parall\u00e8lement, les combats se poursuivent sur le front, o\u00f9 l\u2019arm\u00e9e russe, plus nombreuse et mieux \u00e9quip\u00e9e, poursuit dans certains secteurs une lente avanc\u00e9e, malgr\u00e9 des pertes importantes.<\/p>\n<p class=\"fig-paragraph\">Le minist\u00e8re russe de la D\u00e9fense a revendiqu\u00e9 samedi la conqu\u00eate de deux villages ukrainiens, Stoupotchki et Odran\u00e9, situ\u00e9s dans la r\u00e9gion de Donetsk (est), qui reste l\u2019\u00e9picentre des affrontements.<\/p>\n<p class=\"fig-paragraph\">A plus de 300 km de l\u00e0, le minist\u00e8re a \u00e9galement affirm\u00e9 samedi que ses troupes s\u2019\u00e9taient empar\u00e9es de la localit\u00e9 de Loknia, dans la r\u00e9gion de Soumy (nord-est), frontali\u00e8re de la Russie et o\u00f9 Moscou a dit vouloir cr\u00e9er une zone tampon pour pr\u00e9venir des incursions ukrainiennes sur son territoire.<\/p>\n","protected":false},"excerpt":{"rendered":"LE POINT SUR LA SITUATION &#8211; Alors que les deux bellig\u00e9rants doivent poursuivre d\u2019importants \u00e9changes de prisonniers tout&hellip;\n","protected":false},"author":2,"featured_media":124961,"comment_status":"","ping_status":"","sticky":false,"template":"","format":"standard","meta":{"footnotes":""},"categories":[1591],"tags":[259,11,260,1887,131,14,261,12,262,1885,1886,132],"class_list":{"0":"post-124960","1":"post","2":"type-post","3":"status-publish","4":"format-standard","5":"has-post-thumbnail","7":"category-russie","8":"tag-actualite-internationale","9":"tag-actualites","10":"tag-affaires-etrangeres","11":"tag-federation-de-russie","12":"tag-guerre-en-ukraine","13":"tag-international","14":"tag-ministere-des-affaires-etrangeres","15":"tag-news","16":"tag-politique-etrangere","17":"tag-russia","18":"tag-russian-federation","19":"tag-russie"},"share_on_mastodon":{"url":"https:\/\/pubeurope.com\/@fr\/114563851562042853","error":""},"_links":{"self":[{"href":"https:\/\/www.europesays.com\/fr\/wp-json\/wp\/v2\/posts\/124960","targetHints":{"allow":["GET"]}}],"collection":[{"href":"https:\/\/www.europesays.com\/fr\/wp-json\/wp\/v2\/posts"}],"about":[{"href":"https:\/\/www.europesays.com\/fr\/wp-json\/wp\/v2\/types\/post"}],"author":[{"embeddable":true,"href":"https:\/\/www.europesays.com\/fr\/wp-json\/wp\/v2\/users\/2"}],"replies":[{"embeddable":true,"href":"https:\/\/www.europesays.com\/fr\/wp-json\/wp\/v2\/comments?post=124960"}],"version-history":[{"count":0,"href":"https:\/\/www.europesays.com\/fr\/wp-json\/wp\/v2\/posts\/124960\/revisions"}],"wp:featuredmedia":[{"embeddable":true,"href":"https:\/\/www.europesays.com\/fr\/wp-json\/wp\/v2\/media\/124961"}],"wp:attachment":[{"href":"https:\/\/www.europesays.com\/fr\/wp-json\/wp\/v2\/media?parent=124960"}],"wp:term":[{"taxonomy":"category","embeddable":true,"href":"https:\/\/www.europesays.com\/fr\/wp-json\/wp\/v2\/categories?post=124960"},{"taxonomy":"post_tag","embeddable":true,"href":"https:\/\/www.europesays.com\/fr\/wp-json\/wp\/v2\/tags?post=124960"}],"curies":[{"name":"wp","href":"https:\/\/api.w.org\/{rel}","templated":true}]}}