{"id":124966,"date":"2025-05-24T16:55:33","date_gmt":"2025-05-24T16:55:33","guid":{"rendered":"https:\/\/www.europesays.com\/fr\/124966\/"},"modified":"2025-05-24T16:55:33","modified_gmt":"2025-05-24T16:55:33","slug":"pour-financer-la-defense-le-royaume-uni-tranche-dans-les-aides-aux-personnes-handicapees","status":"publish","type":"post","link":"https:\/\/www.europesays.com\/fr\/124966\/","title":{"rendered":"Pour financer la d\u00e9fense, le Royaume-Uni tranche dans les aides aux personnes handicap\u00e9es"},"content":{"rendered":"<p>              <a tabindex=\"-1\" title=\"Julie Zaugg\" href=\"https:\/\/www.letemps.ch\/profil\/julie-zaugg\" target=\"_blank\" rel=\"noopener\"><\/p>\n<p>                    <img decoding=\"async\" src=\"https:\/\/www.europesays.com\/fr\/wp-content\/uploads\/2025\/04\/1744472769_657_small.jpeg\" class=\"lazy\" alt=\"\"\/><\/p>\n<p><\/a>        <\/p>\n<p>    Publi\u00e9 le 18 mars 2025 \u00e0 20:08. \/ Modifi\u00e9 le 19 mars 2025 \u00e0 08:50.<\/p>\n<p> 3 min. de lecture<\/p>\n<p class=\"article__abstract-call-to-action\" data-ariato=\"TrackableElement\" data-trackable-element-type=\"article_abstract_cta\" data-trackable-element-location=\"article_header\" data-trackable-element-id=\"488670\">\n          <a data-event=\"click-&gt;clicked\" href=\"https:\/\/www.letemps.ch\/abonnements\" target=\"_blank\" rel=\"noopener\">Abonnez-vous<\/a> pour acc\u00e9der au r\u00e9sum\u00e9 en 20 secondes.\n        <\/p>\n<p>Le gouvernement britannique a annonc\u00e9 mardi de s\u00e9v\u00e8res coupes dans les prestations sociales li\u00e9es \u00e0 l\u2019invalidit\u00e9. Seules les personnes lourdement handicap\u00e9es pourront \u00e0 l\u2019avenir r\u00e9clamer un paiement destin\u00e9 \u00e0 financer le mat\u00e9riel et les frais suppl\u00e9mentaires engendr\u00e9s par leur handicap. Des personnes qui ne peuvent pas se pr\u00e9parer \u00e0 manger, se laver ou aller aux toilettes sans aide en seront d\u00e9sormais exclus.<\/p>\n<p>Une autre aide, vers\u00e9e aux personnes d\u00e9favoris\u00e9es en incapacit\u00e9 de travail, sera elle aussi revue \u00e0 la baisse pour les nouveaux inscrits et gel\u00e9e pour ceux qui la touchent d\u00e9j\u00e0. Les moins de 22\u00a0ans ne pourront plus la r\u00e9clamer. Ces mesures devraient permettre d\u2019\u00e9conomiser 5\u00a0milliards de livres (5,7\u00a0milliards de francs) d\u2019ici \u00e0 2030.<\/p>\n<p>    Poursuivez votre lecture avec un acc\u00e8s complet: -50% sur votre abonnement digital<\/p>\n<p class=\"post-subscribe__mention\">\u2713 Toutes nos analyses et enqu\u00eates exclusives&#13;<br \/>\n<br \/>\u2713 L&rsquo;int\u00e9gralit\u00e9 de nos contenus dans l&rsquo;application mobile&#13;<br \/>\n<br \/>\u2713 Les privil\u00e8ges r\u00e9serv\u00e9s aux abonn\u00e9s<\/p>\n<p class=\"post-subscribe__mention post-subscribe__mention--temporary\">\ud83d\ude80 Offre limit\u00e9e &#8211; Plus que 100 abonnements disponibles<\/p>\n<p>    <a class=\"button is-secondary\" data-event=\"click-&gt;clicked\" href=\"https:\/\/www.letemps.ch\/abonnements?utm_source=lt&amp;utm_medium=paywall&amp;utm_campaign=500&amp;wall_id=24\" target=\"_blank\" rel=\"noopener\">J&rsquo;en profite maintenant<\/a><\/p>\n<p class=\"post-subscribe__login\">\n        Vous avez d\u00e9j\u00e0 un compte ?<br \/>\n        <a class=\"link\" rel=\"nofollow noopener\" href=\"https:\/\/www.letemps.ch\/compte\/connexion?return_to=https%3A%2F%2Fwww.letemps.ch%2Fmonde%2Feurope%2Fpour-financer-la-defense-le-royaume-uni-tranche-dans-les-aides-aux-personnes-handicapees\" target=\"_blank\">Se connecter<\/a>\n      <\/p>\n","protected":false},"excerpt":{"rendered":"Publi\u00e9 le 18 mars 2025 \u00e0 20:08. \/ Modifi\u00e9 le 19 mars 2025 \u00e0 08:50. 3 min. de&hellip;\n","protected":false},"author":2,"featured_media":124967,"comment_status":"","ping_status":"","sticky":false,"template":"","format":"standard","meta":{"footnotes":""},"categories":[1588],"tags":[11,1777,674,1943,12,301,473,1853,1851,1850,1852],"class_list":{"0":"post-124966","1":"post","2":"type-post","3":"status-publish","4":"format-standard","5":"has-post-thumbnail","7":"category-royaume-uni","8":"tag-actualites","9":"tag-eu","10":"tag-europe","11":"tag-handicap","12":"tag-news","13":"tag-premium","14":"tag-royaume-uni","15":"tag-royaume-uni-de-grande-bretagne-et-dirlande-du-nord","16":"tag-uk","17":"tag-united-kingdom","18":"tag-united-kingdom-of-great-britain-and-northern-ireland"},"share_on_mastodon":{"url":"https:\/\/pubeurope.com\/@fr\/114563863259615703","error":""},"_links":{"self":[{"href":"https:\/\/www.europesays.com\/fr\/wp-json\/wp\/v2\/posts\/124966","targetHints":{"allow":["GET"]}}],"collection":[{"href":"https:\/\/www.europesays.com\/fr\/wp-json\/wp\/v2\/posts"}],"about":[{"href":"https:\/\/www.europesays.com\/fr\/wp-json\/wp\/v2\/types\/post"}],"author":[{"embeddable":true,"href":"https:\/\/www.europesays.com\/fr\/wp-json\/wp\/v2\/users\/2"}],"replies":[{"embeddable":true,"href":"https:\/\/www.europesays.com\/fr\/wp-json\/wp\/v2\/comments?post=124966"}],"version-history":[{"count":0,"href":"https:\/\/www.europesays.com\/fr\/wp-json\/wp\/v2\/posts\/124966\/revisions"}],"wp:featuredmedia":[{"embeddable":true,"href":"https:\/\/www.europesays.com\/fr\/wp-json\/wp\/v2\/media\/124967"}],"wp:attachment":[{"href":"https:\/\/www.europesays.com\/fr\/wp-json\/wp\/v2\/media?parent=124966"}],"wp:term":[{"taxonomy":"category","embeddable":true,"href":"https:\/\/www.europesays.com\/fr\/wp-json\/wp\/v2\/categories?post=124966"},{"taxonomy":"post_tag","embeddable":true,"href":"https:\/\/www.europesays.com\/fr\/wp-json\/wp\/v2\/tags?post=124966"}],"curies":[{"name":"wp","href":"https:\/\/api.w.org\/{rel}","templated":true}]}}