{"id":124968,"date":"2025-05-24T16:56:11","date_gmt":"2025-05-24T16:56:11","guid":{"rendered":"https:\/\/www.europesays.com\/fr\/124968\/"},"modified":"2025-05-24T16:56:11","modified_gmt":"2025-05-24T16:56:11","slug":"allemagne-comment-la-ville-allemande-de-chemnitz-jumelee-avec-mulhouse-embellit-ses-cheminees","status":"publish","type":"post","link":"https:\/\/www.europesays.com\/fr\/124968\/","title":{"rendered":"Allemagne. Comment la ville allemande de Chemnitz, jumel\u00e9e avec Mulhouse, embellit ses chemin\u00e9es"},"content":{"rendered":"<p>\u00c0 Barr, sa ville natale,\ufeff plus grand monde, sans doute, ne sait vraiment qui \u00e9tait Richard Hartmann. Mais \u00e0 Chemnitz, cet homme est encore parfois surnomm\u00e9 le \u201croi de la locomotive\u201d car c\u2019est cet Alsacien \u00e9migr\u00e9 en Saxe, qui, dans les ann\u00e9es 1830, par son activit\u00e9 de constructeur de locomotives, fit de Chemnitz une capitale industrielle et l\u2019une des villes les plus riches d\u2019Allemagne.<\/p>\n<p>De cet empire industriel ne subsistent que quelques b\u00e2timents. Dans l\u2019un d\u2019eux a \u00e9t\u00e9 install\u00e9 le centre d\u2019information touristique \u00e0 destination des visiteurs qui viennent dans la ville saxonne promulgu\u00e9e capitale europ\u00e9enne de la culture 2025.<\/p>\n<p>Un mod\u00e8le pour l\u2019ex-RDA\u2026<\/p>\n<p>C\u2019est de cette ancienne manufacture que part,&#8230;<\/p>\n","protected":false},"excerpt":{"rendered":"\u00c0 Barr, sa ville natale,\ufeff plus grand monde, sans doute, ne sait vraiment qui \u00e9tait Richard Hartmann. Mais&hellip;\n","protected":false},"author":2,"featured_media":124969,"comment_status":"","ping_status":"","sticky":false,"template":"","format":"standard","meta":{"footnotes":""},"categories":[1587],"tags":[11,672,2389,1804,1687,1805,1803,1777,674,107,5325,2798,1801,12,1802,1806],"class_list":{"0":"post-124968","1":"post","2":"type-post","3":"status-publish","4":"format-standard","5":"has-post-thumbnail","7":"category-allemagne","8":"tag-actualites","9":"tag-allemagne","10":"tag-alsace","11":"tag-bundesrepublik-deutschland","12":"tag-culture-loisirs","13":"tag-de","14":"tag-deutschland","15":"tag-eu","16":"tag-europe","17":"tag-fil-info","18":"tag-galerie-media","19":"tag-galerie-photo","20":"tag-germany","21":"tag-news","22":"tag-republique-federale-dallemagne","23":"tag-rheinblick"},"share_on_mastodon":{"url":"https:\/\/pubeurope.com\/@fr\/114563867141039656","error":""},"_links":{"self":[{"href":"https:\/\/www.europesays.com\/fr\/wp-json\/wp\/v2\/posts\/124968","targetHints":{"allow":["GET"]}}],"collection":[{"href":"https:\/\/www.europesays.com\/fr\/wp-json\/wp\/v2\/posts"}],"about":[{"href":"https:\/\/www.europesays.com\/fr\/wp-json\/wp\/v2\/types\/post"}],"author":[{"embeddable":true,"href":"https:\/\/www.europesays.com\/fr\/wp-json\/wp\/v2\/users\/2"}],"replies":[{"embeddable":true,"href":"https:\/\/www.europesays.com\/fr\/wp-json\/wp\/v2\/comments?post=124968"}],"version-history":[{"count":0,"href":"https:\/\/www.europesays.com\/fr\/wp-json\/wp\/v2\/posts\/124968\/revisions"}],"wp:featuredmedia":[{"embeddable":true,"href":"https:\/\/www.europesays.com\/fr\/wp-json\/wp\/v2\/media\/124969"}],"wp:attachment":[{"href":"https:\/\/www.europesays.com\/fr\/wp-json\/wp\/v2\/media?parent=124968"}],"wp:term":[{"taxonomy":"category","embeddable":true,"href":"https:\/\/www.europesays.com\/fr\/wp-json\/wp\/v2\/categories?post=124968"},{"taxonomy":"post_tag","embeddable":true,"href":"https:\/\/www.europesays.com\/fr\/wp-json\/wp\/v2\/tags?post=124968"}],"curies":[{"name":"wp","href":"https:\/\/api.w.org\/{rel}","templated":true}]}}