{"id":124988,"date":"2025-05-24T17:09:08","date_gmt":"2025-05-24T17:09:08","guid":{"rendered":"https:\/\/www.europesays.com\/fr\/124988\/"},"modified":"2025-05-24T17:09:08","modified_gmt":"2025-05-24T17:09:08","slug":"cyclisme-criterium-du-dauphine-mathieu-van-der-poel-sera-present-sur-la-77e-edition","status":"publish","type":"post","link":"https:\/\/www.europesays.com\/fr\/124988\/","title":{"rendered":"Cyclisme. Crit\u00e9rium du Dauphin\u00e9 &#8211; Mathieu van der Poel sera pr\u00e9sent sur la 77e \u00e9dition !"},"content":{"rendered":"<p>\u00c0 la veille de son grand retour lors de la <strong><a href=\"https:\/\/www.cyclismactu.net\/..\/news-vtt-vtt-mathieu-van-der-poel-bientot-de-retour-en-vtt-deux-ans-apres-87817.html\" target=\"_blank\" rel=\"noopener\">Coupe du Monde de\u00a0VTT<\/a><\/strong> \u00e0 Nove Mesto, <strong>Mathieu van der Poel<\/strong> (Alpecin-Deceuninck) fera son retour sur la route \u00e0 Dom\u00e9rat pour le Grand D\u00e9part de la 77e \u00e9dition du <strong>Crit\u00e9rium du Dauphin\u00e9<\/strong>. Le vainqueur cette saison de <strong>Milan-San Remo<\/strong> et de <strong>Paris-Roubaix<\/strong> notamment, d\u00e9couvrira l&rsquo;\u00e9preuve que son grand-p\u00e8re, <strong>Raymond Poulidor<\/strong>, a remport\u00e9e en 1966 et 1969. Le N\u00e9erlandais de 30 ans sera bien \u00e9videmment pr\u00e9sent sur les routes du <strong>Tour de France<\/strong> en juillet prochain.<\/p>\n<p>Vid\u00e9o &#8211; On a quitt\u00e9 Mathieu van der Poel&#8230; en vainqueur \u00e0 Roubaix Lire la suite de l&rsquo;article&#13;<\/p>\n<p>\u00a0<\/p>\n<p>&#13;<br \/>\n<strong>Le Crit\u00e9rium du Dauphin\u00e9 2025 : un plateau ultra relev\u00e9 !<\/strong>&#13;<\/p>\n<p>L&rsquo;ancien champion du monde de la formation <strong>Alpecin-Deceuninck<\/strong> viendra donc pour la premi\u00e8re fois de sa carri\u00e8re sur les routes du <strong>Crit\u00e9rium du Dauphin\u00e9<\/strong>, o\u00f9 il retrouvera \u00e9galement <strong>Tadej Pogacar<\/strong> (UAE Team Emirates-XRG), <strong>Jonas Vingegaard<\/strong> (Team Visma | Lease a Bike) ou encore <strong>Remco Evenepoel<\/strong> (Soudal Quick-Step) sur cette 77e \u00e9dition. Une vraie r\u00e9p\u00e9tition g\u00e9n\u00e9rale pour tous les coureurs du \u00ab\u00a0Dauphin\u00e9\u00a0\u00bb \u00e0 presque un mois du <strong>Tour de France<\/strong> et de son Grand D\u00e9part \u00e0 Lille, le 5 juillet prochain.<\/p>\n","protected":false},"excerpt":{"rendered":"\u00c0 la veille de son grand retour lors de la Coupe du Monde de\u00a0VTT \u00e0 Nove Mesto, Mathieu&hellip;\n","protected":false},"author":2,"featured_media":124989,"comment_status":"","ping_status":"","sticky":false,"template":"","format":"standard","meta":{"footnotes":""},"categories":[1411],"tags":[24803,1154,207,211,1011,27,209,60,210,212,208,213],"class_list":{"0":"post-124988","1":"post","2":"type-post","3":"status-publish","4":"format-standard","5":"has-post-thumbnail","7":"category-cyclisme","8":"tag-criterium-du-dauphine","9":"tag-cycling","10":"tag-cyclisme","11":"tag-ffc","12":"tag-fr","13":"tag-france","14":"tag-route","15":"tag-sports","16":"tag-tour-de-france","17":"tag-uci","18":"tag-velo","19":"tag-world-tour"},"share_on_mastodon":{"url":"https:\/\/pubeurope.com\/@fr\/114563918377385186","error":""},"_links":{"self":[{"href":"https:\/\/www.europesays.com\/fr\/wp-json\/wp\/v2\/posts\/124988","targetHints":{"allow":["GET"]}}],"collection":[{"href":"https:\/\/www.europesays.com\/fr\/wp-json\/wp\/v2\/posts"}],"about":[{"href":"https:\/\/www.europesays.com\/fr\/wp-json\/wp\/v2\/types\/post"}],"author":[{"embeddable":true,"href":"https:\/\/www.europesays.com\/fr\/wp-json\/wp\/v2\/users\/2"}],"replies":[{"embeddable":true,"href":"https:\/\/www.europesays.com\/fr\/wp-json\/wp\/v2\/comments?post=124988"}],"version-history":[{"count":0,"href":"https:\/\/www.europesays.com\/fr\/wp-json\/wp\/v2\/posts\/124988\/revisions"}],"wp:featuredmedia":[{"embeddable":true,"href":"https:\/\/www.europesays.com\/fr\/wp-json\/wp\/v2\/media\/124989"}],"wp:attachment":[{"href":"https:\/\/www.europesays.com\/fr\/wp-json\/wp\/v2\/media?parent=124988"}],"wp:term":[{"taxonomy":"category","embeddable":true,"href":"https:\/\/www.europesays.com\/fr\/wp-json\/wp\/v2\/categories?post=124988"},{"taxonomy":"post_tag","embeddable":true,"href":"https:\/\/www.europesays.com\/fr\/wp-json\/wp\/v2\/tags?post=124988"}],"curies":[{"name":"wp","href":"https:\/\/api.w.org\/{rel}","templated":true}]}}