{"id":124994,"date":"2025-05-24T17:12:10","date_gmt":"2025-05-24T17:12:10","guid":{"rendered":"https:\/\/www.europesays.com\/fr\/124994\/"},"modified":"2025-05-24T17:12:10","modified_gmt":"2025-05-24T17:12:10","slug":"a-bruxelles-bernard-dubois-signe-le-nouvel-hotel-the-standard","status":"publish","type":"post","link":"https:\/\/www.europesays.com\/fr\/124994\/","title":{"rendered":"\u00c0 Bruxelles, Bernard Dubois signe le nouvel h\u00f4tel The Standard"},"content":{"rendered":"<p>\u00a9 Senne van Der Ven<\/p>\n<p>Apr\u00e8s Londres en 2019 et Ibiza en 2021, The Standard ouvre un nouveau chapitre en Europe avec l\u2019inauguration d\u2019une adresse \u00e0 Bruxelles dont la d\u00e9coration a \u00e9t\u00e9 confi\u00e9e par la designeuse maison Verena Haller \u00e0 l\u2019architecte d\u2019int\u00e9rieur <a href=\"https:\/\/www.admagazine.fr\/article\/ad100-2025-liste-createurs-importants-annee\" target=\"_blank\" rel=\"noopener\">Bernard Dubois.<\/a> S\u2019appuyant sur les codes qui ont fait le succ\u00e8s de la marque, le Belge convoque les r\u00e9f\u00e9rences du XXe si\u00e8cle, \u00e0 la fois am\u00e9ricaines et locales, de l\u2019<a href=\"https:\/\/www.admagazine.fr\/article\/beaux-batiments-style-art-deco\" target=\"_blank\" rel=\"noopener\">Art d\u00e9co<\/a> au postmodernisme et aux ann\u00e9es 1980. Les boiseries chaleureuses \u00e0 la Richard Neutra c\u00f4toient ainsi des motifs de moquettes ann\u00e9es 1930 dessin\u00e9s par ses soins. Un m\u00e9lange de codes qui semble aller de soi mais, comme on le sait, l\u2019\u00e9vidence requiert plus que du talent.<\/p>\n<p>\u00a9 Senne van Der Ven<\/p>\n<p>Un mix d\u2019influences du XXe si\u00e8cle<\/p>\n<p>\u00ab En fait, l&rsquo;id\u00e9e \u00e9tait vraiment de travailler sur les codes que Standard a d\u00e9velopp\u00e9s jusqu\u2019ici et, \u00e0 partir de l\u00e0, r\u00e9aliser quelque chose de diff\u00e9rent, qui ait un sens par rapport au lieu et par rapport \u00e0 la Belgique aussi, confie Bernard Dubois. Ainsi, les grandes arches r\u00e9alis\u00e9es pour le lobby et le restaurant sont inspir\u00e9es de l\u2019ancienne biblioth\u00e8que des sciences de Louvain-la-Neuve, \u0153uvre de l\u2019architecte Andr\u00e9 Jacquemin en 1973. C&rsquo;\u00e9tait vraiment <a href=\"https:\/\/www.admagazine.fr\/article\/atelier-couple-dartistes-paris-brutaliste\" target=\"_blank\" rel=\"noopener\">brutaliste<\/a>, en b\u00e9ton, mais ce sont mes petits clins d\u2019\u0153il \u00e0 ces moments de l&rsquo;architecture belge ou am\u00e9ricaine. \u00bb<\/p>\n","protected":false},"excerpt":{"rendered":"\u00a9 Senne van Der Ven Apr\u00e8s Londres en 2019 et Ibiza en 2021, The Standard ouvre un nouveau&hellip;\n","protected":false},"author":2,"featured_media":124995,"comment_status":"","ping_status":"","sticky":false,"template":"","format":"standard","meta":{"footnotes":""},"categories":[1358],"tags":[1348,1384,1385,828,24804,1386,58,59,1011,27,22020],"class_list":{"0":"post-124994","1":"post","2":"type-post","3":"status-publish","4":"format-standard","5":"has-post-thumbnail","7":"category-arts-et-design","8":"tag-arts","9":"tag-arts-and-design","10":"tag-arts-et-design","11":"tag-belgique","12":"tag-bernard-dubois","13":"tag-design","14":"tag-divertissement","15":"tag-entertainment","16":"tag-fr","17":"tag-france","18":"tag-hotels"},"share_on_mastodon":{"url":"https:\/\/pubeurope.com\/@fr\/114563930072054944","error":""},"_links":{"self":[{"href":"https:\/\/www.europesays.com\/fr\/wp-json\/wp\/v2\/posts\/124994","targetHints":{"allow":["GET"]}}],"collection":[{"href":"https:\/\/www.europesays.com\/fr\/wp-json\/wp\/v2\/posts"}],"about":[{"href":"https:\/\/www.europesays.com\/fr\/wp-json\/wp\/v2\/types\/post"}],"author":[{"embeddable":true,"href":"https:\/\/www.europesays.com\/fr\/wp-json\/wp\/v2\/users\/2"}],"replies":[{"embeddable":true,"href":"https:\/\/www.europesays.com\/fr\/wp-json\/wp\/v2\/comments?post=124994"}],"version-history":[{"count":0,"href":"https:\/\/www.europesays.com\/fr\/wp-json\/wp\/v2\/posts\/124994\/revisions"}],"wp:featuredmedia":[{"embeddable":true,"href":"https:\/\/www.europesays.com\/fr\/wp-json\/wp\/v2\/media\/124995"}],"wp:attachment":[{"href":"https:\/\/www.europesays.com\/fr\/wp-json\/wp\/v2\/media?parent=124994"}],"wp:term":[{"taxonomy":"category","embeddable":true,"href":"https:\/\/www.europesays.com\/fr\/wp-json\/wp\/v2\/categories?post=124994"},{"taxonomy":"post_tag","embeddable":true,"href":"https:\/\/www.europesays.com\/fr\/wp-json\/wp\/v2\/tags?post=124994"}],"curies":[{"name":"wp","href":"https:\/\/api.w.org\/{rel}","templated":true}]}}