{"id":124998,"date":"2025-05-24T17:14:20","date_gmt":"2025-05-24T17:14:20","guid":{"rendered":"https:\/\/www.europesays.com\/fr\/124998\/"},"modified":"2025-05-24T17:14:20","modified_gmt":"2025-05-24T17:14:20","slug":"melanie-maries-au-premier-regard-observe-un-malaise-avec-mallaury-et-sinterroge-des-la-premiere-rencontre","status":"publish","type":"post","link":"https:\/\/www.europesays.com\/fr\/124998\/","title":{"rendered":"M\u00e9lanie (Mari\u00e9s au premier regard) observe un malaise avec Mallaury et s&rsquo;interroge d\u00e8s la premi\u00e8re rencontre"},"content":{"rendered":"<p class=\"articleContent-meta\">\n        Aujourd&rsquo;hui \u00e0 12:05 &#8211; par             Doriane Kiniali<\/p>\n<p>                    Tweeter<\/p>\n<p>                    Partager sur Facebook<\/p>\n<p>                        <img decoding=\"async\" src=\"https:\/\/www.europesays.com\/fr\/wp-content\/uploads\/2025\/05\/maries-au-premier-regard-26-mai.jpg\" alt=\"Player Video\" class=\"player-applyRatio poster exclude-seedtag\"\/><\/p>\n<p>Dans l&rsquo;\u00e9pisode in\u00e9dit de Mari\u00e9s au premier regard diffus\u00e9 le 26 mai 2025 sur M6, Mallaury et M\u00e9lanie se diront \u00ab\u00a0oui\u00a0\u00bb devant leurs proches. Mais quelques instants avant la c\u00e9r\u00e9monie, l&rsquo;\u00e9ducatrice \u00e9mettra ses premiers doutes quant \u00e0 Mallaury \u00e0 la suite d&rsquo;un bref \u00e9change.<\/p>\n<p>Apr\u00e8s Jennifer, Laury<a href=\"https:\/\/www.programme.tv\/news\/tele-realite\/240197-je-ne-suis-pas-rassure-le-mariage-danthony-et-laury-dans-maries-au-premier-regard-finalement-annule-au-dernier-moment-les-expertes-partagent-leur-inquietude\/\" target=\"_blank\" rel=\"noopener\"> <\/a>ou encore Coralie, le public a fait la connaissance d&rsquo;une nouvelle candidate dans Mari\u00e9s au premier regard. Il s&rsquo;agit de <a href=\"https:\/\/www.programme.tv\/news\/tele-realite\/262384-on-doit-prevoir-des-choses-estelle-dossin-maries-au-premier-regard-annonce-un-changement-de-taille-au-mariage-mallaury-destabilisee\/\" target=\"_blank\" rel=\"noopener\">Mallaury, une aide-soignante \u00e2g\u00e9e de 29 ans au moment du tournage<\/a>. Premi\u00e8re participante bisexuelle, la Lyonnaise a marqu\u00e9 l&rsquo;histoire du programme de M6 <a href=\"https:\/\/www.programme.tv\/news\/tele-realite\/262444-maries-au-premier-regard-mallaury-va-t-elle-epouser-un-homme-ou-une-femme-les-internautes-persuades-d-avoir-trouve-la-reponse\/\" target=\"_blank\" rel=\"noopener\">en ne souhaitant d\u00e9couvrir le sexe de son futur \u00e9poux ou \u00e9pouse qu&rsquo;au moment de la c\u00e9r\u00e9monie<\/a> \u00e0 Gibraltar. Le suspense \u00e9tait donc \u00e0 son comble pour la jeune femme qui <a href=\"https:\/\/www.programme.tv\/news\/tele-realite\/262530-maries-au-premier-regard-mallaury-rencontre-enfin-la-personne-avec-qui-elle-va-se-marier-decouvrez-son-visage-spoiler\/\" target=\"_blank\" rel=\"noopener\">a enfin d\u00e9couvert l&rsquo;\u00e9lu de son coeur <\/a>en m\u00eame temps que ses proches.<\/p>\n<p><b>Mari\u00e9s au premier regard<\/b><b> : M\u00e9lanie \u00e9met ses premiers doutes apr\u00e8s un bref \u00e9change avec Mallaury<\/b><\/p>\n<p>Le suspense touche \u00e0 sa fin. Le lundi 26 mai, les t\u00e9l\u00e9spectateurs assisteront au mariage de Mallaury&#8230; et M\u00e9lanie dans l&rsquo;\u00e9pisode in\u00e9dit de Mari\u00e9s au premier regard. Si cette derni\u00e8re a imm\u00e9diatement \u00e9t\u00e9 s\u00e9duite par l&rsquo;aide-soignante, on ne peut pas en dire autant de la Lyonnaise qui n&rsquo;a pas daign\u00e9 la complimenter en retour. \u00ab\u00a0<b>Quand je lui dis que je la trouve belle, elle ne me r\u00e9pond pas. Je sens qu&rsquo;elle n&rsquo;est pas tr\u00e8s \u00e0 l&rsquo;aise avec moi. Je me demande : <\/b><b>&lsquo;Est-ce qu&rsquo;elle va bien ? Qu&rsquo;est-ce qui se passe ? Est-ce qu&rsquo;il y a un malaise ?&rsquo;<\/b>\u00ab\u00a0, s&rsquo;interroge l&rsquo;\u00e9ducatrice, inqui\u00e8te \u00e0 l&rsquo;id\u00e9e de ne pas plaire \u00e0 Mallaury. Malgr\u00e9 un l\u00e9ger malaise \u00e0 la suite de ce bref \u00e9change, les deux jeunes femmes se sont dit \u00ab\u00a0oui\u00a0\u00bb pour la vie devant leurs proches.<\/p>\n<p>                                    <b>Mari\u00e9s au premier regard <\/b><b>: la tension se fait ressentir apr\u00e8s la c\u00e9r\u00e9monie de mariage<\/b><\/p>\n<p>Apr\u00e8s la c\u00e9r\u00e9monie, M\u00e9lanie et Mallaury ont fait plus ample connaissance dans la voiture qui les menait \u00e0 la traditionnelle s\u00e9ance photo. Sur le chemin, elles ont ainsi pu discuter de leur vie amoureuse avant leur union et de leurs m\u00e9tiers respectifs. Si les \u00e9changes sont tr\u00e8s fluides entre les jeunes mari\u00e9es, la pression se fait ressentir pour l&rsquo;aide-soignante qui souhaite aborder un sujet important \u00e0 ses yeux : sa bisexualit\u00e9. Et le moins que l&rsquo;on puisse dire, c&rsquo;est que la jeune femme appr\u00e9hende la r\u00e9action de celle qu&rsquo;elle vient \u00e0 peine d&rsquo;\u00e9pouser.<\/p>\n<p>Article \u00e9crit en collaboration avec 6M\u00e9dias<\/p>\n<p>Rejoignez-nous sur Google News !<\/p>\n<p class=\"articleContent-pushTagline\">Abonnez-vous \u00e0 <a href=\"https:\/\/news.google.com\/publications\/CAAiEJwr-IZFXDFoZD1ePbkC_VcqFAgKIhCcK_iGRVwxaGQ9Xj25Av1X\" target=\"_blank\" rel=\"noopener\">T\u00e9l\u00e9 2 semaines sur Google News<\/a> pour ne manquer aucune info !<\/p>\n","protected":false},"excerpt":{"rendered":"Aujourd&rsquo;hui \u00e0 12:05 &#8211; par Doriane Kiniali Tweeter Partager sur Facebook Dans l&rsquo;\u00e9pisode in\u00e9dit de Mari\u00e9s au premier&hellip;\n","protected":false},"author":2,"featured_media":124999,"comment_status":"","ping_status":"","sticky":false,"template":"","format":"standard","meta":{"footnotes":""},"categories":[1356],"tags":[2083,58,59,1011,27,494,5214,252,3604,1364],"class_list":{"0":"post-124998","1":"post","2":"type-post","3":"status-publish","4":"format-standard","5":"has-post-thumbnail","7":"category-television","8":"tag-bandes-annonces","9":"tag-divertissement","10":"tag-entertainment","11":"tag-fr","12":"tag-france","13":"tag-m6","14":"tag-mariu00e9s-au-premier-regard","15":"tag-television","16":"tag-tu00e9lu00e9-ru00e9alitu00e9","17":"tag-tv"},"share_on_mastodon":{"url":"https:\/\/pubeurope.com\/@fr\/114563938111914357","error":""},"_links":{"self":[{"href":"https:\/\/www.europesays.com\/fr\/wp-json\/wp\/v2\/posts\/124998","targetHints":{"allow":["GET"]}}],"collection":[{"href":"https:\/\/www.europesays.com\/fr\/wp-json\/wp\/v2\/posts"}],"about":[{"href":"https:\/\/www.europesays.com\/fr\/wp-json\/wp\/v2\/types\/post"}],"author":[{"embeddable":true,"href":"https:\/\/www.europesays.com\/fr\/wp-json\/wp\/v2\/users\/2"}],"replies":[{"embeddable":true,"href":"https:\/\/www.europesays.com\/fr\/wp-json\/wp\/v2\/comments?post=124998"}],"version-history":[{"count":0,"href":"https:\/\/www.europesays.com\/fr\/wp-json\/wp\/v2\/posts\/124998\/revisions"}],"wp:featuredmedia":[{"embeddable":true,"href":"https:\/\/www.europesays.com\/fr\/wp-json\/wp\/v2\/media\/124999"}],"wp:attachment":[{"href":"https:\/\/www.europesays.com\/fr\/wp-json\/wp\/v2\/media?parent=124998"}],"wp:term":[{"taxonomy":"category","embeddable":true,"href":"https:\/\/www.europesays.com\/fr\/wp-json\/wp\/v2\/categories?post=124998"},{"taxonomy":"post_tag","embeddable":true,"href":"https:\/\/www.europesays.com\/fr\/wp-json\/wp\/v2\/tags?post=124998"}],"curies":[{"name":"wp","href":"https:\/\/api.w.org\/{rel}","templated":true}]}}