{"id":125000,"date":"2025-05-24T17:15:09","date_gmt":"2025-05-24T17:15:09","guid":{"rendered":"https:\/\/www.europesays.com\/fr\/125000\/"},"modified":"2025-05-24T17:15:09","modified_gmt":"2025-05-24T17:15:09","slug":"avec-cerrone-jai-trouve-une-forme-de-mentor","status":"publish","type":"post","link":"https:\/\/www.europesays.com\/fr\/125000\/","title":{"rendered":"\u00ab Avec Cerrone, j\u2019ai trouv\u00e9 une forme de mentor \u00bb"},"content":{"rendered":"<p>Dans un Cannes en \u00e9bullition, \u00e0 quelques heures de leur passage sur le plateau de C \u00e0 vous, la suite, Cerrone et Christine and the Queens r\u00e9pondent au t\u00e9l\u00e9phone d&rsquo;une m\u00eame voix douce et complice. Ils n&rsquo;ont que peu de temps, \u00e0 cause d&rsquo;un\u00a0retard sur les r\u00e9p\u00e9titions. Ensemble, ils doivent interpr\u00e9ter en direct \u00ab\u00a0Catching Feelings\u00a0\u00bb, premier morceau d&rsquo;un EP de trois titres in\u00e9dits\u00a0et d&rsquo;une reprise de \u00ab\u00a0Supernature\u00a0\u00bb, attendu fin juin.<\/p>\n<p>\u00ab\u00a0La collaboration s&rsquo;est impos\u00e9e d&rsquo;elle-m\u00eame\u00a0\u00bb, raconte Cerrone, r\u00e9cemment install\u00e9 \u00e0 Cannes. Pas de plan de label, pas de feuille de route. Elle s&rsquo;est tiss\u00e9e dans la patience, au fil d&rsquo;apr\u00e8s-midi en studio, au rythme d&rsquo;un travail artisanal. \u00ab\u00a0On s&rsquo;est rencontr\u00e9s, revus et revus encore, pour continuer le plaisir d&rsquo;\u00eatre ensemble.\u00a0\u00bb Dans son appartement du boulevard Saint-Germain, le roi du disco avait d\u00e9j\u00e0 en r\u00e9serve un arsenal de boucles et\u00a0de textures, lorsque les deux artistes se rencontrent pour la premi\u00e8re fois.<\/p>\n<p>Ensemble, ils cherchent, tentent de\u00a0s&rsquo;\u00e9merveiller\u00a0autour de sonorit\u00e9s communes des apr\u00e8s-midi durant. \u00ab\u00a0Il fallait cr\u00e9er un morceau par jour\u00a0\u00bb, raconte Rahim C Redcar (Christine and the Queens).\u00a0En d\u00e9coule un EP, attendu fin juin, dont le titre phare \u00ab\u00a0Catching Feelings\u00a0\u00bb, \u00e9crit par Brendan Reilly, et sorti le jour de notre appel, donne le ton\u00a0: assez fierce (\u00ab\u00a0f\u00e9roce\u00a0\u00bb), assez queer aussi, selon l&rsquo;artiste. \u00ab\u00a0J&rsquo;y vois une invitation \u00e0 assumer l&rsquo;amour sous toutes ses formes, \u00e0 s&rsquo;abandonner aux \u00e9motions, \u00e0 une \u00e9poque o\u00f9 l [&#8230;] <a href=\"https:\/\/www.lepoint.fr\/culture\/christine-and-the-queens-avec-cerrone-j-ai-trouve-une-forme-de-mentor-24-05-2025-2590435_3.php\" rel=\"nofollow noopener\" target=\"_blank\" data-ylk=\"slk:Lire la suite;elm:context_link;itc:0;sec:content-canvas\" class=\"link \">Lire la suite<\/a><\/p>\n","protected":false},"excerpt":{"rendered":"Dans un Cannes en \u00e9bullition, \u00e0 quelques heures de leur passage sur le plateau de C \u00e0 vous,&hellip;\n","protected":false},"author":2,"featured_media":125001,"comment_status":"","ping_status":"","sticky":false,"template":"","format":"standard","meta":{"footnotes":""},"categories":[1355],"tags":[24806,24807,24805,58,59,18399,1011,27,1361,873],"class_list":{"0":"post-125000","1":"post","2":"type-post","3":"status-publish","4":"format-standard","5":"has-post-thumbnail","7":"category-musique","8":"tag-catching-feelings","9":"tag-cerrone","10":"tag-christine-and-the-queens","11":"tag-divertissement","12":"tag-entertainment","13":"tag-feuille-de-route","14":"tag-fr","15":"tag-france","16":"tag-music","17":"tag-musique"},"share_on_mastodon":{"url":"https:\/\/pubeurope.com\/@fr\/114563941951143903","error":""},"_links":{"self":[{"href":"https:\/\/www.europesays.com\/fr\/wp-json\/wp\/v2\/posts\/125000","targetHints":{"allow":["GET"]}}],"collection":[{"href":"https:\/\/www.europesays.com\/fr\/wp-json\/wp\/v2\/posts"}],"about":[{"href":"https:\/\/www.europesays.com\/fr\/wp-json\/wp\/v2\/types\/post"}],"author":[{"embeddable":true,"href":"https:\/\/www.europesays.com\/fr\/wp-json\/wp\/v2\/users\/2"}],"replies":[{"embeddable":true,"href":"https:\/\/www.europesays.com\/fr\/wp-json\/wp\/v2\/comments?post=125000"}],"version-history":[{"count":0,"href":"https:\/\/www.europesays.com\/fr\/wp-json\/wp\/v2\/posts\/125000\/revisions"}],"wp:featuredmedia":[{"embeddable":true,"href":"https:\/\/www.europesays.com\/fr\/wp-json\/wp\/v2\/media\/125001"}],"wp:attachment":[{"href":"https:\/\/www.europesays.com\/fr\/wp-json\/wp\/v2\/media?parent=125000"}],"wp:term":[{"taxonomy":"category","embeddable":true,"href":"https:\/\/www.europesays.com\/fr\/wp-json\/wp\/v2\/categories?post=125000"},{"taxonomy":"post_tag","embeddable":true,"href":"https:\/\/www.europesays.com\/fr\/wp-json\/wp\/v2\/tags?post=125000"}],"curies":[{"name":"wp","href":"https:\/\/api.w.org\/{rel}","templated":true}]}}