{"id":125002,"date":"2025-05-24T17:16:17","date_gmt":"2025-05-24T17:16:17","guid":{"rendered":"https:\/\/www.europesays.com\/fr\/125002\/"},"modified":"2025-05-24T17:16:17","modified_gmt":"2025-05-24T17:16:17","slug":"le-chien-panda-vedette-du-film-lamour-quil-nous-reste-remporte-la-palm-dog","status":"publish","type":"post","link":"https:\/\/www.europesays.com\/fr\/125002\/","title":{"rendered":"Le chien Panda, vedette du film L\u2019amour qu\u2019il nous reste, remporte la \u00ab\u00a0Palm Dog\u00a0\u00bb"},"content":{"rendered":"<p>Le berger islandais a \u00e9t\u00e9 r\u00e9compens\u00e9 lors du Festival de Cannes pour sa \u00ab\u00a0merveilleuse performance naturaliste\u00a0\u00bb dans le long-m\u00e9trage du r\u00e9alisateur Hlynur P\u00e1lmason.<\/p>\n<p class=\"fig-paragraph\">Apr\u00e8s\u00a0<a href=\"http:\/\/www.lefigaro.fr\/cinema\/ceremonie-oscars\/dans-la-tourmente-messi-le-chien-d-anatomie-d-une-chute-n-ira-pas-aux-oscars-20240309\" data-fig-type=\"Article\" data-gtm-custom-categorie=\"navigation\" data-gtm-custom-action=\"crossclick\" data-gtm-custom-label=\"Contextuel\" data-gtm-event=\"customEventSPE\" data-fig-domain=\"LEFIGARO\" rel=\"nofollow noopener\" target=\"_blank\">Messi<\/a>, le border collie d&rsquo;<a href=\"http:\/\/www.lefigaro.fr\/cinema\/ceremonie-oscars\/oscar-le-coproducteur-d-anatomie-d-une-chute-integre-la-commission-de-designation-du-candidat-francais-20240911\" data-fig-type=\"Article\" data-gtm-custom-categorie=\"navigation\" data-gtm-custom-action=\"crossclick\" data-gtm-custom-label=\"Contextuel\" data-gtm-event=\"customEventSPE\" data-fig-domain=\"LEFIGARO\" rel=\"nofollow noopener\" target=\"_blank\">Anatomie d&rsquo;une chute<\/a> \u00a0en 2023 et\u00a0<a href=\"http:\/\/www.lefigaro.fr\/festival-de-cannes\/palm-dog-un-festival-de-cannes-qui-a-du-chien-20240524\" data-fig-type=\"NewsFlash\" data-gtm-custom-categorie=\"navigation\" data-gtm-custom-action=\"crossclick\" data-gtm-custom-label=\"Contextuel\" data-gtm-event=\"customEventSPE\" data-fig-domain=\"LEFIGARO\" rel=\"nofollow noopener\" target=\"_blank\">Kodi<\/a>, du Proc\u00e8s du chien, l&rsquo;an dernier, c&rsquo;est \u00e0 Panda, le chien de berger du film islandais L&rsquo;Amour qu&rsquo;il nous reste qu&rsquo;est revenue vendredi la\u00a0<a href=\"https:\/\/www.lefigaro.fr\/festival-de-cannes\/2018\/05\/18\/03011-20180518ARTFIG00214--cannes-les-chiens-de-dogman-recoivent-un-prix-d-interpretation-canine-la-palm-dog.php\" data-fig-type=\"Article\" data-gtm-custom-categorie=\"navigation\" data-gtm-custom-action=\"crossclick\" data-gtm-custom-label=\"Contextuel\" data-gtm-event=\"customEventSPE\" data-fig-domain=\"LEFIGARO\" rel=\"nofollow noopener\" target=\"_blank\">Palm Dog<\/a>, r\u00e9compensant le cabot avec le plus de mordant des films du\u00a0<a href=\"http:\/\/www.lefigaro.fr\/festival-de-cannes\/cannes-2025-les-palmes-du-figaro-20250523\" data-fig-type=\"Article\" data-gtm-custom-categorie=\"navigation\" data-gtm-custom-action=\"crossclick\" data-gtm-custom-label=\"Contextuel\" data-gtm-event=\"customEventSPE\" data-fig-domain=\"LEFIGARO\" rel=\"nofollow noopener\" target=\"_blank\">Festival de Cannes<\/a>. Le Grand Prix du jury a quant \u00e0 lui \u00e9t\u00e9 attribu\u00e9 conjointement aux deux acteurs canins\u00a0&#8211;\u00a0dont l&rsquo;un mange des excr\u00e9ments impr\u00e9gn\u00e9s de LSD dans le film\u00a0&#8211; de Sirat, la rave-party hallucinatoire et apocalyptique de l&rsquo;Espagnol Oliver Laxe.<\/p>\n<p class=\"fig-paragraph\">C&rsquo;est le propre chien du r\u00e9alisateur islandais\u00a0<a href=\"https:\/\/www.lefigaro.fr\/cinema\/hlynur-palmason-mon-film-est-comme-une-composition-musicale-20221220\" data-fig-type=\"Article\" data-gtm-custom-categorie=\"navigation\" data-gtm-custom-action=\"crossclick\" data-gtm-custom-label=\"Contextuel\" data-gtm-event=\"customEventSPE\" data-fig-domain=\"LEFIGARO\" rel=\"nofollow noopener\" target=\"_blank\">Hlynur Palmason<\/a>\u00a0qui appara\u00eet dans L&rsquo;Amour qu&rsquo;il nous reste, un drame poignant sur un couple traversant une s\u00e9paration et les cons\u00e9quences de celle-ci sur leur famille. \u00ab\u00a0Ce film qui a gagn\u00e9 (&#8230;) est tellement beau et authentique par rapport \u00e0 l&rsquo;ambiance d&rsquo;une famille\u00a0\u00bb, a d\u00e9clar\u00e9 \u00e0 la presse Wendy Mitchell, membre du jury de la Palm Dog, jeu de mots avec la Palme d&rsquo;or qui r\u00e9compense le meilleur film de la comp\u00e9tition cannoise. Elle a salu\u00e9, devant une foule d&rsquo;influenceurs, d&rsquo;amoureux des animaux et de journalistes r\u00e9unis sur une plage de Cannes, la \u00ab\u00a0merveilleuse performance naturaliste de ce chien\u00a0\u00bb, pr\u00e9nomm\u00e9 Panda.<\/p>\n<p>Le pitbull de Brad Pitt honor\u00e9 en 2019<\/p>\n<p class=\"fig-paragraph\">L&rsquo;annonce du laur\u00e9at a \u00e9t\u00e9 accueillie par des acclamations et des aboiements, tandis que Hlynur Palmason a envoy\u00e9 une vid\u00e9o de Panda semblant perplexe sur le si\u00e8ge avant de sa voiture. Parmi les laur\u00e9ats c\u00e9l\u00e8bres de ce prix kitsch lanc\u00e9 en 2001, on compte notamment le\u00a0<a href=\"https:\/\/www.lefigaro.fr\/festival-de-cannes\/brandy-le-pitbull-recoit-une-palme-a-cannes-pour-sa-prestation-dans-le-dernier-tarantino-20190524\" data-fig-type=\"Article\" data-gtm-custom-categorie=\"navigation\" data-gtm-custom-action=\"crossclick\" data-gtm-custom-label=\"Contextuel\" data-gtm-event=\"customEventSPE\" data-fig-domain=\"LEFIGARO\" rel=\"nofollow noopener\" target=\"_blank\">pitbull Brandy<\/a>, partenaire de<a href=\"http:\/\/www.lefigaro.fr\/cinema\/a-61-ans-brad-pitt-joue-au-veteran-des-circuits-dans-la-bande-annonce-de-f1-20250314\" data-fig-type=\"Article\" data-gtm-custom-categorie=\"navigation\" data-gtm-custom-action=\"crossclick\" data-gtm-custom-label=\"Contextuel\" data-gtm-event=\"customEventSPE\" data-fig-domain=\"LEFIGARO\" rel=\"nofollow noopener\" target=\"_blank\">\u00a0Brad Pitt<\/a>\u00a0dans Once upon a time&#8230; in Hollywood, que\u00a0<a href=\"http:\/\/www.lefigaro.fr\/festival-de-cannes\/quentin-tarantino-animera-des-discussions-autour-des-westerns-de-george-sherman-a-cannes-20250507\" data-fig-type=\"NewsFlash\" data-gtm-custom-categorie=\"navigation\" data-gtm-custom-action=\"crossclick\" data-gtm-custom-label=\"Contextuel\" data-gtm-event=\"customEventSPE\" data-fig-domain=\"LEFIGARO\" rel=\"nofollow noopener\" target=\"_blank\">Quentin Tarantino<\/a>\u00a0en personne \u00e9tait venu honorer en 2019.<\/p>\n<p class=\"fig-body-link\">\n            \u00c0 lire aussi<br \/>\n        <a class=\"fig-body-link__link\" href=\"http:\/\/www.lefigaro.fr\/festival-de-cannes\/cannes-2025-trois-favoris-emergent-d-une-edition-brouillone-avec-des-films-clivants-et-des-deceptions-en-pagaille-20250524\" data-fig-type=\"Article\" data-gtm-custom-categorie=\"navigation\" data-gtm-custom-action=\"crossclick\" data-gtm-custom-label=\"Contextuel\" data-gtm-event=\"customEventSPE\" data-fig-domain=\"LEFIGARO\" rel=\"nofollow noopener\" target=\"_blank\">Cannes 2025\u00a0: trois favoris \u00e9mergent d\u2019une \u00e9dition brouillonne, avec des films clivants et des d\u00e9ceptions en pagaille<br \/>\n    <\/a>\n<\/p>\n<p class=\"fig-paragraph\">Outre la Palm Dog, de nouveaux prix c\u00e9l\u00e9brant les animaux au sens large dans la production culturelle ont \u00e9t\u00e9 d\u00e9cern\u00e9s pour la premi\u00e8re fois cette semaine \u00e0 Cannes. Les \u00ab\u00a0Pawards\u00a0\u00bb, qui rendent hommage aux animaux \u00e0 l&rsquo;\u00e9cran mais aussi dans des livres ou publicit\u00e9s, ont ainsi r\u00e9compens\u00e9 le film d&rsquo;animation\u00a0<a href=\"http:\/\/www.lefigaro.fr\/cinema\/jure-n0-2-anora-flow-le-chat-qui-n-avait-plus-peur-de-l-eau-les-films-a-voir-cette-semaine-20241030\" data-fig-type=\"Article\" data-gtm-custom-categorie=\"navigation\" data-gtm-custom-action=\"crossclick\" data-gtm-custom-label=\"Contextuel\" data-gtm-event=\"customEventSPE\" data-fig-domain=\"LEFIGARO\" rel=\"nofollow noopener\" target=\"_blank\">Flow, le chat qui n&rsquo;avait plus peur de l&rsquo;eau<\/a> \u00a0du Letton Gints Zilbalodis, d\u00e9j\u00e0 sacr\u00e9 aux Oscars et aux Golden Globes. Ce film sans paroles, qui suit un chat partant \u00e0 contrec\u0153ur en voyage avec d&rsquo;autres animaux rescap\u00e9s d&rsquo;une inondation, a \u00e9t\u00e9 r\u00e9alis\u00e9 avec des logiciels gratuits et un budget modeste de 3,5 millions d&rsquo;euros.<\/p>\n","protected":false},"excerpt":{"rendered":"Le berger islandais a \u00e9t\u00e9 r\u00e9compens\u00e9 lors du Festival de Cannes pour sa \u00ab\u00a0merveilleuse performance naturaliste\u00a0\u00bb dans le&hellip;\n","protected":false},"author":2,"featured_media":125003,"comment_status":"","ping_status":"","sticky":false,"template":"","format":"standard","meta":{"footnotes":""},"categories":[1354],"tags":[7306,4850,7307,58,59,5634,1346,1011,27,11584,1360,11586,11585],"class_list":{"0":"post-125002","1":"post","2":"type-post","3":"status-publish","4":"format-standard","5":"has-post-thumbnail","7":"category-films","8":"tag-cannes","9":"tag-chien","10":"tag-croisette","11":"tag-divertissement","12":"tag-entertainment","13":"tag-festival-de-cannes","14":"tag-films","15":"tag-fr","16":"tag-france","17":"tag-montee-des-marches","18":"tag-movies","19":"tag-palme-dor","20":"tag-prix-du-jury"},"share_on_mastodon":{"url":"https:\/\/pubeurope.com\/@fr\/114563945887501001","error":""},"_links":{"self":[{"href":"https:\/\/www.europesays.com\/fr\/wp-json\/wp\/v2\/posts\/125002","targetHints":{"allow":["GET"]}}],"collection":[{"href":"https:\/\/www.europesays.com\/fr\/wp-json\/wp\/v2\/posts"}],"about":[{"href":"https:\/\/www.europesays.com\/fr\/wp-json\/wp\/v2\/types\/post"}],"author":[{"embeddable":true,"href":"https:\/\/www.europesays.com\/fr\/wp-json\/wp\/v2\/users\/2"}],"replies":[{"embeddable":true,"href":"https:\/\/www.europesays.com\/fr\/wp-json\/wp\/v2\/comments?post=125002"}],"version-history":[{"count":0,"href":"https:\/\/www.europesays.com\/fr\/wp-json\/wp\/v2\/posts\/125002\/revisions"}],"wp:featuredmedia":[{"embeddable":true,"href":"https:\/\/www.europesays.com\/fr\/wp-json\/wp\/v2\/media\/125003"}],"wp:attachment":[{"href":"https:\/\/www.europesays.com\/fr\/wp-json\/wp\/v2\/media?parent=125002"}],"wp:term":[{"taxonomy":"category","embeddable":true,"href":"https:\/\/www.europesays.com\/fr\/wp-json\/wp\/v2\/categories?post=125002"},{"taxonomy":"post_tag","embeddable":true,"href":"https:\/\/www.europesays.com\/fr\/wp-json\/wp\/v2\/tags?post=125002"}],"curies":[{"name":"wp","href":"https:\/\/api.w.org\/{rel}","templated":true}]}}